{"id":262707,"date":"2025-12-16T01:09:14","date_gmt":"2025-12-16T01:09:14","guid":{"rendered":"https:\/\/www.europesays.com\/it\/262707\/"},"modified":"2025-12-16T01:09:14","modified_gmt":"2025-12-16T01:09:14","slug":"tutti-ne-parlano-io-lho-conosciuta-mia-martini-mimi-berte-come-non-e-mai-stata-raccontata","status":"publish","type":"post","link":"https:\/\/www.europesays.com\/it\/262707\/","title":{"rendered":"\u201cTutti ne parlano, io l\u2019ho conosciuta\u201d. Mia Martini-Mim\u00ec Bert\u00e8 come non \u00e8 mai stata raccontata"},"content":{"rendered":"<p><strong>CATANZARO<\/strong> Mia Martini e la Calabria, Mia Martini anzitutto e prima di tutto Mim\u00ec Bert\u00e8, <strong>Mia Martini come non \u00e8 mai stata raccontata<\/strong>. Universalmente conosciuta con il nome d\u2019arte di Mia Martini, icona della grande musica d\u2019autore italiana, <strong>la leggendaria artista calabrese viene svelata nei suoi aspetti pi\u00f9 intimi e pi\u00f9 segreti <\/strong>attraverso la voce di chi \u2018ha conosciuta da vicino e in profondit\u00e0. Tutto questo e molto altro \u00e8 il docufilm <strong>\u201cMim\u00ec, tutti ne parlano, io l\u2019ho conosciuta\u201d <\/strong>presentato questa mattina alla Camera di Commercio di Catanzaro, scritto e diretto da <strong>Gianfrancesco Lazotti <\/strong>e prodotto da <strong>Stefano Baldrini e Sandro Fabiano<\/strong>, in collaborazione con la <strong>Film Commission Calabria<\/strong>. Si tratta di un ritratto inedito di Mia Martini che viene raccontata in maniera del tutto originale attraverso le parole dei suoi amici d\u2019infanzia, dei suoi fans, dei colleghi pi\u00f9 sinceramente legati a lei anche sul piano personale e affettivo. Tra questi <strong>Leopoldo Mastelloni<\/strong>, <strong>Red Canzian<\/strong> dei \u201cPooh\u201d, <strong>Enzo Gragnianello <\/strong>che scrisse per Mim\u00ec il celebre brano \u201cCu\u2019 mme\u201d, l\u2019attrice <strong>Silvia Mezzanotte<\/strong>. Ma anche testimonianze un po\u2019 stravaganti, e fuori dal coro, come quelle di <strong>Pippo Bruno<\/strong>, amico del cuore sull\u2019Isola delle Femmine, di <strong>Vincenzo Adriani,<\/strong> fondatore di \u201cCasa Mim\u00ec\u201d, di <strong>Rino Rodio<\/strong>, attore con la foto di Mia Martini in tasca, di <strong>Vasiluca Gavrilas Burlacu<\/strong>, attrice che traduce in romeno i brani di Martini. E cos\u00ec tanti altri. Inoltre, anche lo staff tecnico e le maestranze sono stati prevalentemente calabresi.<\/p>\n<p>Le dichiarazioni<\/p>\n<p>\u00abNon \u00e8 un racconto dell\u2019artista in s\u00e9, perch\u00e9 \u2013 ha spiegato il regista Lazotti \u2013 la sua storia \u00e8 gi\u00e0 stata narrata in tutti i modi possibili. <strong>\u00c8 piuttosto il racconto del mondo che questa artista ha creato intorno a s\u00e9<\/strong>, un mondo che \u00e8 stato indispensabile alla vita di molte persone. Si tratta di un fenomeno davvero raro e difficile da raccontare, ed \u00e8 proprio questo che abbiamo cercato di fare con il film. Per quanto riguarda la regia attraverso diverse regioni, visto che ci siamo effettivamente spostati, \u00e8 stata un\u2019esperienza molto interessante. La Calabria, ad esempio, la conoscevo gi\u00e0 bene, ma grazie a questo lavoro ho potuto scoprirla ancora pi\u00f9 a fondo. <strong>Conoscevo gi\u00e0 i calabresi e la loro accoglienza, che \u00e8 proverbiale, e ho capito ancora meglio perch\u00e9 Mia Martini fosse profondamente calabrese<\/strong>. In questa terra c\u2019\u00e8 una passionalit\u00e0 e un\u2019umanit\u00e0 che ritrovo ogni volta che torno, qualcosa di unico, viscerale\u00bb. \u00abMia Martini \u2013 hanno poi aggiunto i produttori Baldrini e Fabbiano (nella foto in copertina) \u2013 ha rappresentato in maniera straordinaria l\u2019anima della nostra regione. Oggi presentiamo quella che \u00e8 a tutti gli effetti un\u2019opera, perch\u00e9 il personaggio di cui si parla \u00e8 stato, ed \u00e8 tuttora, amatissimo non solo in Italia. <strong>A distanza di trent\u2019anni dalla sua scomparsa, Mia Martini rimane un\u2019icona della musica italiana<\/strong>. Da qui \u00e8 nata l\u2019idea di raccontare Mim\u00ec, anche per valorizzare la sua calabresit\u00e0 e portare il nome della Calabria in giro per l\u2019Italia e, speriamo, anche oltre. Infatti, ci sono gi\u00e0 richieste dall\u2019estero per questo docufilm. Baldrini e Fabbiano hanno poi sottolineato come l\u2019elemento originale del progetto sia \u00abil modo in cui viene raccontato: ha un taglio completamente diverso rispetto ai classici docufilm. Vengono affrontati molti aspetti, anche molto privati. Abbiamo incontrato i suoi amici d\u2019infanzia, persone che l\u2019hanno conosciuta quando era ancora una ragazzina, ascoltando i loro ricordi e le esperienze vissute insieme a lei, e cogliendo fin da subito il talento straordinario che Mim\u00ec possedeva.<strong> Abbiamo cercato di entrare nella sua vita in punta di pied<\/strong>i, con grande rispetto, e pensiamo che questo approccio emerga chiaramente dal racconto\u00bb. Il docufilm \u00e8 dedicato alla <strong>compianta presidente della Regione\u00a0Calabria, Jole Santelli,<\/strong> cui gli autori hanno voluto legare idealmente un lavoro che valorizza una delle figure artistiche pi\u00f9 rappresentative del patrimonio culturale italiano. A febbraio sono previste le proiezioni nelle sale cinematografiche, accompagnate da una serie di eventi speciali in diverse citt\u00e0 italiane. Nel corso dell\u2019incontro alla Camera di Commercio di Catanzaro \u00e8 stato anche consegnato alla stampa il libro che porta lo stesso titolo del docufilm, \u201cMim\u00ec, tutti ne parlano, io l\u2019ho conosciuta\u201d, curato da Davide Matrisciano che \u00e8 anche autore delle musiche originali. La copertina \u00e8 stata realizzata dalla sorella di Mim\u00ec, Olivia Bert\u00e8. (a. c.)<\/p>\n<p>\u00a0<strong>Il Corriere della Calabria \u00e8 anche su WhatsApp. Basta\u00a0<\/strong><a href=\"https:\/\/whatsapp.com\/channel\/0029Va8fM6g5a24CQcoq2O3j\" target=\"_blank\" rel=\"noreferrer noopener nofollow\"><strong>cliccare qui\u00a0<\/strong><\/a><strong>per iscriverti al canale ed essere sempre\u00a0aggiornato<\/strong><strong\/><\/p>\n","protected":false},"excerpt":{"rendered":"CATANZARO Mia Martini e la Calabria, Mia Martini anzitutto e prima di tutto Mim\u00ec Bert\u00e8, Mia Martini come&hellip;\n","protected":false},"author":3,"featured_media":262708,"comment_status":"","ping_status":"","sticky":false,"template":"","format":"standard","meta":{"footnotes":""},"categories":[1442],"tags":[154242,37197,154243,203,154244,454,109530,204,1537,90,89,154245,37559,81388,154246,1521,19307,154247],"class_list":{"0":"post-262707","1":"post","2":"type-post","3":"status-publish","4":"format-standard","5":"has-post-thumbnail","7":"category-film","8":"tag-baldrini","9":"tag-berte","10":"tag-docufulm","11":"tag-entertainment","12":"tag-fabbiano","13":"tag-film","14":"tag-film-commission","15":"tag-intrattenimento","16":"tag-it","17":"tag-italia","18":"tag-italy","19":"tag-lazotti","20":"tag-mia-martini","21":"tag-mimi","22":"tag-mimi-berte","23":"tag-movies","24":"tag-rilevanti","25":"tag-tutti-ne-parlano"},"share_on_mastodon":{"url":"https:\/\/pubeurope.com\/@it\/115726579456904437","error":""},"_links":{"self":[{"href":"https:\/\/www.europesays.com\/it\/wp-json\/wp\/v2\/posts\/262707","targetHints":{"allow":["GET"]}}],"collection":[{"href":"https:\/\/www.europesays.com\/it\/wp-json\/wp\/v2\/posts"}],"about":[{"href":"https:\/\/www.europesays.com\/it\/wp-json\/wp\/v2\/types\/post"}],"author":[{"embeddable":true,"href":"https:\/\/www.europesays.com\/it\/wp-json\/wp\/v2\/users\/3"}],"replies":[{"embeddable":true,"href":"https:\/\/www.europesays.com\/it\/wp-json\/wp\/v2\/comments?post=262707"}],"version-history":[{"count":0,"href":"https:\/\/www.europesays.com\/it\/wp-json\/wp\/v2\/posts\/262707\/revisions"}],"wp:featuredmedia":[{"embeddable":true,"href":"https:\/\/www.europesays.com\/it\/wp-json\/wp\/v2\/media\/262708"}],"wp:attachment":[{"href":"https:\/\/www.europesays.com\/it\/wp-json\/wp\/v2\/media?parent=262707"}],"wp:term":[{"taxonomy":"category","embeddable":true,"href":"https:\/\/www.europesays.com\/it\/wp-json\/wp\/v2\/categories?post=262707"},{"taxonomy":"post_tag","embeddable":true,"href":"https:\/\/www.europesays.com\/it\/wp-json\/wp\/v2\/tags?post=262707"}],"curies":[{"name":"wp","href":"https:\/\/api.w.org\/{rel}","templated":true}]}}