{"id":262721,"date":"2025-12-16T01:17:17","date_gmt":"2025-12-16T01:17:17","guid":{"rendered":"https:\/\/www.europesays.com\/it\/262721\/"},"modified":"2025-12-16T01:17:17","modified_gmt":"2025-12-16T01:17:17","slug":"ci-sono-35-miliardi-per-la-manovra-e-centra-il-ponte-sullo-stretto","status":"publish","type":"post","link":"https:\/\/www.europesays.com\/it\/262721\/","title":{"rendered":"ci sono 3,5 miliardi per la Manovra. E c&#8217;entra il Ponte sullo Stretto"},"content":{"rendered":"<p>La consueta corsa di fine anno per approvare la legge di Bilancio entro fine dicembre rischia di essere ancor pi\u00f9 piena di ostacoli del solito. Perch\u00e9 a due settimane dalle fine del 2025 la legge di Bilancio non \u00e8 ancora arrivata in prima lettura al Senato. Ieri la Commissione Bilancio di Palazzo Madama si \u00e8 riunita senza risolvere molti dei nodi politici ed in pi\u00f9 il Governo ha annunciato un nuovo pacchetto di emendamenti da 3,5 miliardi di euro (la manovra in totale ha un valore complessivo di circa 18 miliardi, ma con le novit\u00e0 sar\u00e0 una cifra destinata ad aumentare). A riferirlo in commissione \u00e8 stato proprio il ministro dell\u2019Economia Giancarlo Giorgetti, spiegando che le modifiche riguarderanno Zes (zona economica speciale), finanziamento di Transizione 5.0 , la previdenza complementare ( vengono stanziati 20 milioni per quella di polizia e forze armate) e soprattutto il parziale definanziamento del Ponte sullo Stretto con una \u00abriprogrammazione\u00bb temporale dei fondi (spostandoli di fatto sulla prossima annualit\u00e0). Una questione, quella del Ponte sullo Stretto, che il Mit si affretta a ridimensionare, garantendo i fondi e l\u2019avvio dei lavori \u00abnei prossimi mesi anzich\u00e9 entro fine anno come auspicato\u00bb.<\/p>\n<p>Il pacchetto presentato dal Governo, denominato \u201cEmendamento 7\u201d e che riformula 13 emendamenti parlamentari e che dovrebbe arrivare formalmente oggi in tarda mattinata (la commissione Bilancio fissata per le 9 \u00e8 stata spostata alle 11), contiene anche misure che spaziano dalla giustizia tributaria (si prevede la possibilit\u00e0 per i giudici di restare al lavoro fino a 74 anni) all\u2019introduzione di un nuovo gioco denominato \u201cWin for Italia Team\u201d con parte delle risorse destinate al Coni, dalle misure per le Forze di polizia per la Milano-Cortina agli interventi nella citt\u00e0 di Matera (dovrebbero essere destinate circa un milione come capitale per la cultura 2026). Come pure oltre 14 milioni per le assunzioni a termine nel quadro del nuovo Patto europeo sulla migrazione e l&#8217;asilo e nuove risorse per il Piano Casa. Ma molte altre questioni restano da dirimere (anche con diverse posizioni all\u2019interno della stessa maggioranza). Come ad esempio l\u2019emendamento sugli enti locali, l\u2019ultima bozza prevede l\u2019uscita di Roma Capitale dalla componente perequativa del fondo di solidariet\u00e0 comunale, fissando a priori le risorse destinate al Campidoglio. Come anche resta aperta la questione dei compensi per i professionisti che lavorano per la Pa, ma che non sono in regola con il fisco. Tra gli emendamenti ancora attesi ci sono infine alcune norme sulla sicurezza sul lavoro e una riformulazione delicata dell\u2019emendamento sulle riserve auree di Banca d\u2019Italia.<\/p>\n<p>\u00abSiamo a posto. Nella riformulazione che ho presentato a nome del Governo riteniamo che la questione si possa considerare chiusa\u00bb, ha detto sulla questione Giorgetti, uscendo dall\u2019Ufficio di presidenza della commissione Bilancio del Senato. Su quest\u2019ultimo punto, infatti, il ministro ha portato avanti un negoziato con la Banca centrale europea con l\u2019obiettivo (pare riuscito) di trovare un compromesso che consentiva di mantenere nel testo il principio \u2013 caro a Fratelli d\u2019Italia \u2013 secondo cui le riserve auree \u00abappartengono al popolo italiano\u00bb, ma ribadendo al tempo stesso che continueranno a essere gestite e detenute da Bankitalia, nel rispetto della sua indipendenza e dell\u2019autonomia prevista dai Trattati europei.<\/p>\n<p>Ma \u00e8 appunto il maxi pacchetto di emendamenti &#8211; che dall\u2019opposizione leggono come una vera e propria riscrittura della manovra &#8211; a far slittare ancora l\u2019avvio in Aula del in Senato della manovra. I primi voti in commissione potrebbero arrivare oggi in serata, mentre anche l\u2019Aula \u00e8 stata riconvocata per oggi alle 10 con l\u2019unica sospensione alle 12 per la riunione dei capigruppo che di fatto definir\u00e0 il calendario dei lavori.<\/p>\n<p>L\u2019opposizione per\u00f2 non ci sta a correre (si annunciano sedute serali). \u00abIl governo cambia la manovra di 3,5 miliardi di euro. Una cosa mai vista. Abbiamo preteso tutto il tempo per valutare bene\u00bb, dice il capogruppo di Iv in Senato Raffaella Paita. Per il Partito democratico \u00absiamo di fronte al fallimento della manovra\u00bb e si ha la dimostrazione, secondo il capogruppo del partito in commissione Bilancio al Senato, Daniele Manca, che \u00abserve fare opposizione, perch\u00e9 abbiamo sempre sostenuto che non c&#8217;erano crescita e futuro del Paese. Modifiche che, seppure rattoppate e seppure all&#8217;ultimo momento, confermano questo fallimento: \u00e8 una manovra sbagliata che stanno riscrivendo\u00bb. Per il Movimento Cinque Stelle il \u00abGoverno \u00e8 nel caos, manovra ancora di pi\u00f9 da buttare nel secchio e un Ponte sullo stretto che, come volevasi dimostrare, si \u00e8 perso nel globo terracqueo\u00bb. Insomma per i parlamentari pentastellati in commissione Bilancio di Camera e Senato \u00abla manovra di fatto non c&#8217;\u00e8, perch\u00e9 \u00e8 in parte da riscrivere e il Parlamento ha votato zero\u00bb. Ancora pi\u00f9 duro Angelo Bonelli, deputato di Avs e co-portavoce di Europa Verde, secondo cui \u00abil governo Meloni \u00e8 un gruppo di sprovveduti irresponsabili. Ora annuncia di riscrivere la manovra per 3,5 miliardi di euro su un totale di 18 miliardi: un fatto incredibile che certifica il caos e l\u2019improvvisazione con cui sta governando il Paese\u00bb.<\/p>\n","protected":false},"excerpt":{"rendered":"La consueta corsa di fine anno per approvare la legge di Bilancio entro fine dicembre rischia di essere&hellip;\n","protected":false},"author":3,"featured_media":262722,"comment_status":"","ping_status":"","sticky":false,"template":"","format":"standard","meta":{"footnotes":""},"categories":[6],"tags":[14,8,1537,90,89,7,15,82,9,83,10,13,11,80,84,12,81,85],"class_list":{"0":"post-262721","1":"post","2":"type-post","3":"status-publish","4":"format-standard","5":"has-post-thumbnail","7":"category-ultime-notizie","8":"tag-cronaca","9":"tag-headlines","10":"tag-it","11":"tag-italia","12":"tag-italy","13":"tag-news","14":"tag-notizie","15":"tag-notizie-di-cronaca","16":"tag-notizie-principali","17":"tag-notiziedicronaca","18":"tag-notizieprincipali","19":"tag-titoli","20":"tag-ultime-notizie","21":"tag-ultime-notizie-di-cronaca","22":"tag-ultime-notizie-e-news-di-oggi","23":"tag-ultimenotizie","24":"tag-ultimenotiziedicronaca","25":"tag-ultimenotizieenewsdioggi"},"share_on_mastodon":{"url":"https:\/\/pubeurope.com\/@it\/115726610826919138","error":""},"_links":{"self":[{"href":"https:\/\/www.europesays.com\/it\/wp-json\/wp\/v2\/posts\/262721","targetHints":{"allow":["GET"]}}],"collection":[{"href":"https:\/\/www.europesays.com\/it\/wp-json\/wp\/v2\/posts"}],"about":[{"href":"https:\/\/www.europesays.com\/it\/wp-json\/wp\/v2\/types\/post"}],"author":[{"embeddable":true,"href":"https:\/\/www.europesays.com\/it\/wp-json\/wp\/v2\/users\/3"}],"replies":[{"embeddable":true,"href":"https:\/\/www.europesays.com\/it\/wp-json\/wp\/v2\/comments?post=262721"}],"version-history":[{"count":0,"href":"https:\/\/www.europesays.com\/it\/wp-json\/wp\/v2\/posts\/262721\/revisions"}],"wp:featuredmedia":[{"embeddable":true,"href":"https:\/\/www.europesays.com\/it\/wp-json\/wp\/v2\/media\/262722"}],"wp:attachment":[{"href":"https:\/\/www.europesays.com\/it\/wp-json\/wp\/v2\/media?parent=262721"}],"wp:term":[{"taxonomy":"category","embeddable":true,"href":"https:\/\/www.europesays.com\/it\/wp-json\/wp\/v2\/categories?post=262721"},{"taxonomy":"post_tag","embeddable":true,"href":"https:\/\/www.europesays.com\/it\/wp-json\/wp\/v2\/tags?post=262721"}],"curies":[{"name":"wp","href":"https:\/\/api.w.org\/{rel}","templated":true}]}}