{"id":262731,"date":"2025-12-16T01:31:19","date_gmt":"2025-12-16T01:31:19","guid":{"rendered":"https:\/\/www.europesays.com\/it\/262731\/"},"modified":"2025-12-16T01:31:19","modified_gmt":"2025-12-16T01:31:19","slug":"ringrazio-la-vita-costantemente-per-questo-regalo","status":"publish","type":"post","link":"https:\/\/www.europesays.com\/it\/262731\/","title":{"rendered":"Ringrazio la vita costantemente per questo regalo"},"content":{"rendered":"<p>Cecilia Rodriguez non potrebbe essere pi\u00f9 felice: oggi, 15 dicembre, la sua bambina compie due mesi. <a href=\"https:\/\/www.today.it\/gossip\/vip\/clara-isabel-figlia-cecilia-ignazio-festa-mese.html\" rel=\"nofollow noopener\" target=\"_blank\">Clara Isabel<\/a>, affettuosamente chiamata \u201c<a href=\"https:\/\/www.today.it\/gossip\/vip\/nata-figlia-cecilia-rodriguez-ignazio-moser.html\" rel=\"nofollow noopener\" target=\"_blank\">Clarita<\/a>\u201d, ha riempito di gioia la vita dell\u2019influencer e di suo marito Ignazio Moser. Dopo cinque anni di tentativi e un percorso lungo e doloroso, vissuto con grande sofferenza da entrambi, la coppia pu\u00f2 finalmente stringere tra le braccia la loro bambina, coronando il sogno di diventare genitori.<\/p>\n<p>La felicit\u00e0 per questi due mesi insieme, Cecilia e Ignazio l&#8217;hanno condivisa con i loro follower postando storie dedicate proprio alla bimba. \u201cUna neonata richiede le attenzioni della mamma continuamente, costantemente, ma oggi compie due mesi e volevo condividere con voi questo momento, mentre mi copro le occhiaie\u201d, ha detto Cecilia in una storia Instagram in cui in sottofondo si sentono alcuni versi della bambina e una canzoncina. \u201cOggi Clarita fa due mesi di vita, due mesi meravigliosi, a volte non ci credo che lei \u00e8 qua tra di noi. Ringrazio la vita costantemente per questo regalo\u201d, ha poi aggiunto l&#8217;influencer.<\/p>\n<p>Ignazio Moser, invece, ha postato una foto di loro tre insieme con scritto: \u201cDue mesi della nostra piccolina\u201d.<\/p>\n<p>Il desiderio di diventare genitori di Moser e Rodriguez<\/p>\n<p>Per Cecilia e Ignazio il percorso che li ha portati alla genitorialit\u00e0 non \u00e8 stato facile. Anzi, tutt&#8217;altro. Ne ha parlato la stessa Cecilia pi\u00f9 di una volta: \u201cIo e Ignazio non riuscivamo ad avere figli &#8211; aveva ammesso Cecilia &#8211; Ci ho provato per pi\u00f9 di cinque anni ma penso che sia arrivata nel momento giusto questa gravidanza, ci vedo cresciuti entrambi\u201d.<\/p>\n<p>Poi aveva raccontato i momenti difficili, superati insieme al suo Ignazio: \u201cCi siamo disperati. Volevo che succedesse tutto in modo naturale, mi chiedevo &#8216;perch\u00e9&#8217;. Tutti i mesi mi veniva da piangere poi \u00e8 accaduto nel momento giusto ma <a href=\"https:\/\/www.today.it\/gossip\/vip\/cecilia-rodriguez-ignazio-moser-procreazione-assistita.html\" rel=\"nofollow noopener\" target=\"_blank\">mi sono dovuta far aiutare dalla scienza<\/a>, ho fatto un trattamento, mi sono convinta ed \u00e8 andata bene\u201d.\u00a0<\/p>\n<p><img decoding=\"async\" src=\"https:\/\/www.europesays.com\/it\/wp-content\/uploads\/2025\/12\/cecilia-rodriguez-felice-figlia.jpg\" alt=\"La storia di Cecilia Rogriguez, foto da Instagra\" title=\"La storia di Cecilia Rogriguez, foto da Instagra\"\/><\/p>\n","protected":false},"excerpt":{"rendered":"Cecilia Rodriguez non potrebbe essere pi\u00f9 felice: oggi, 15 dicembre, la sua bambina compie due mesi. Clara Isabel,&hellip;\n","protected":false},"author":3,"featured_media":262732,"comment_status":"","ping_status":"","sticky":false,"template":"","format":"standard","meta":{"footnotes":""},"categories":[1451],"tags":[6060,1621,1620,203,6062,204,1537,90,89],"class_list":{"0":"post-262731","1":"post","2":"type-post","3":"status-publish","4":"format-standard","5":"has-post-thumbnail","7":"category-celebrita","8":"tag-cecilia-rodriguez","9":"tag-celebrita","10":"tag-celebrities","11":"tag-entertainment","12":"tag-ignazio-moser","13":"tag-intrattenimento","14":"tag-it","15":"tag-italia","16":"tag-italy"},"share_on_mastodon":{"url":"https:\/\/pubeurope.com\/@it\/115726666218563978","error":""},"_links":{"self":[{"href":"https:\/\/www.europesays.com\/it\/wp-json\/wp\/v2\/posts\/262731","targetHints":{"allow":["GET"]}}],"collection":[{"href":"https:\/\/www.europesays.com\/it\/wp-json\/wp\/v2\/posts"}],"about":[{"href":"https:\/\/www.europesays.com\/it\/wp-json\/wp\/v2\/types\/post"}],"author":[{"embeddable":true,"href":"https:\/\/www.europesays.com\/it\/wp-json\/wp\/v2\/users\/3"}],"replies":[{"embeddable":true,"href":"https:\/\/www.europesays.com\/it\/wp-json\/wp\/v2\/comments?post=262731"}],"version-history":[{"count":0,"href":"https:\/\/www.europesays.com\/it\/wp-json\/wp\/v2\/posts\/262731\/revisions"}],"wp:featuredmedia":[{"embeddable":true,"href":"https:\/\/www.europesays.com\/it\/wp-json\/wp\/v2\/media\/262732"}],"wp:attachment":[{"href":"https:\/\/www.europesays.com\/it\/wp-json\/wp\/v2\/media?parent=262731"}],"wp:term":[{"taxonomy":"category","embeddable":true,"href":"https:\/\/www.europesays.com\/it\/wp-json\/wp\/v2\/categories?post=262731"},{"taxonomy":"post_tag","embeddable":true,"href":"https:\/\/www.europesays.com\/it\/wp-json\/wp\/v2\/tags?post=262731"}],"curies":[{"name":"wp","href":"https:\/\/api.w.org\/{rel}","templated":true}]}}