{"id":262751,"date":"2025-12-16T01:43:13","date_gmt":"2025-12-16T01:43:13","guid":{"rendered":"https:\/\/www.europesays.com\/it\/262751\/"},"modified":"2025-12-16T01:43:13","modified_gmt":"2025-12-16T01:43:13","slug":"terremoto-campi-flegrei-sciame-sismico-in-atto-avvertito-anche-a-napoli","status":"publish","type":"post","link":"https:\/\/www.europesays.com\/it\/262751\/","title":{"rendered":"Terremoto Campi Flegrei, sciame sismico in atto: avvertito anche a Napoli"},"content":{"rendered":"<p>    di<br \/>\n    Marco Santoro<\/p>\n<p class=\"summary-art is-line-h-12\">Alle 7.47 la scossa pi\u00f9 forte di intensit\u00e0 1.9, continue quelle di intensit\u00e0 pi\u00f9 bassa<\/p>\n<p class=\"chapter-paragraph\">Uno <b>sciame sismico<\/b> sta interessando dall&#8217;alba <b>l&#8217;area dei Campi Flegrei<\/b> con diverse scosse di terremoto avvertite dalla popolazione. Alcune anche nei quartieri periferici di Napoli. A comunicarlo, con una nota inviata ai Comuni, l&#8217;Osservatorio Vesuviano &#8211; Ingv che ha registrando una decina di terremoto nel corso della prima mattinata. Il pi\u00f9 forte dei quali, finora,\u00a0 a profondit\u00e0 di 3 km con epicentro nella zona del Monte Cigliano a\u00a0<b>Pozzuoli alle 7.47 con una magnitudo 1.9<\/b>.<\/p>\n<p class=\"chapter-paragraph\">Qualche minuto dopo, <b>alle 7.51, un&#8217;altra scossa<\/b>: stavolta di intensit\u00e0 1.1. Con epicentro nell&#8217;area dell&#8217;Accademia aeronautica, sempre a Pozzuoli. Questi due terremoti sono stati avvertiti in maniera nitida dalla popolazione e sono stati preceduti da un boato. Non si registrano danni a cose o persone.    &#13;<br \/>\n&#13;<br \/>\n&#13;<br \/>\n&#13;<br \/>\n&#13;<br \/>\n&#13;<br \/>\n&#13;<br \/>\n&#13;<br \/>\n&#13;<br \/>\n&#13;<br \/>\n&#13;<br \/>\n&#13;<br \/>\n&#13;<br \/>\n&#13;<br \/>\n&#13;<br \/>\n&#13;<br \/>\n&#13;<br \/>\n&#13;<br \/>\n&#13;<br \/>\n&#13;<br \/>\n&#13;<br \/>\n&#13;<br \/>\n&#13;<br \/>\n&#13;<br \/>\n&#13;<br \/>\n&#13;<br \/>\n&#13;<br \/>\n&#13;<br \/>\n&#13;<br \/>\n&#13;<br \/>\n&#13;<br \/>\n&#13;<br \/>\n&#13;<br \/>\n&#13;<br \/>\n&#13;<br \/>\n&#13;<br \/>\n&#13;<br \/>\n&#13;<br \/>\n&#13;<br \/>\n&#13;<br \/>\n&#13;<br \/>\n&#13;<br \/>\n&#13;<br \/>\n&#13;<br \/>\n&#13;<br \/>\n&#13;<br \/>\n&#13;<br \/>\n&#13;<br \/>\n&#13;<br \/>\n&#13;<br \/>\n&#13;<br \/>\n&#13;<br \/>\n&#13;\n<\/p>\n<p class=\"chapter-paragraph\">La scorsa settimana, <a href=\"https:\/\/napoli.corriere.it\/notizie\/cronaca\/25_dicembre_07\/terremoto-campi-flegrei-scossa-di-magnitudo-2-3-alle-6-del-mattino-af0398b4-0ed5-435a-b345-469f0d227xlk.shtml\" rel=\"nofollow noopener\" target=\"_blank\">domenica 7 dicembre<\/a>, era stato registrato <b>un terremoto di magnitudo 2.3 alle sei del mattino<\/b> nell&#8217;area della Solfatara, sempre a Pozzuoli. Poi seguito da altre di intensit\u00e0 inferiore.\u00a0<\/p>\n<p class=\"chapter-paragraph\">Negli ultimi mesi c&#8217;erano state diverse scosse nei Campi Flegrei. <a href=\"https:\/\/napoli.corriere.it\/notizie\/cronaca\/25_novembre_19\/campi-flegrei-in-corso-uno-sciame-sismico-la-scossa-piu-forte-di-magnitudo-2-7-951e8aa0-0b08-4f3f-b166-32750f516xlk.shtml\" rel=\"nofollow noopener\" target=\"_blank\">A met\u00e0 novembre<\/a>, di <b>intensit\u00e0 2.7<\/b>. All&#8217;interno di <b>uno sciame sismico<\/b> di alcune decine di scosse.  Il 26 ottobre, invece, <a href=\"https:\/\/napoli.corriere.it\/notizie\/cronaca\/25_ottobre_26\/terremoto-campi-flegrei-scossa-di-magnitudo-3-1-nella-notte-in-irpinia-lo-sciame-sismico-non-e-finito-34e46cc1-6121-409d-ba4f-978275bbfxlk.shtml?refresh_ce\" rel=\"nofollow noopener\" target=\"_blank\">una scossa di magnitudo 3.1.<\/a> E ancora il <a href=\"https:\/\/napoli.corriere.it\/notizie\/cronaca\/25_ottobre_05\/terremoto-ai-campi-flegrei-di-magnitudo-3-3-nella-notte-e-sciame-sismico-con-13-scosse-213388d8-d1b1-4031-af65-5f192c51bxlk.shtml?refresh_ce\" rel=\"nofollow noopener\" target=\"_blank\">5 ottobre un terremoto di intensit\u00e0 3.3<\/a>. Nel corso degli ultimi mesi, inoltre, sono stati due i terremoti di importante intensit\u00e0. Il primo, il 13 maggio: <b>una scossa di magnitudo 4.4<\/b> <a href=\"https:\/\/napoli.corriere.it\/notizie\/cronaca\/25_maggio_13\/terremoto-campi-flegrei-forte-scossa-avvertita-anche-a-napoli-46fb791a-66cf-4ff7-9d6a-2890917c7xlk.shtml\" rel=\"nofollow noopener\" target=\"_blank\">in pieno giorno, alle 12.07<\/a>. La seconda scossa, la pi\u00f9 forte, di magnitudo 4.6 il 13 marzo. <a href=\"https:\/\/napoli.corriere.it\/notizie\/cronaca\/25_marzo_18\/terremoto-campi-flegrei-ingv-la-scossa-di-magnitudo-4-6-e-stata-la-piu-potente-mai-registrata-99b05ef5-7149-489b-a121-1035d45aexlk.shtml\" rel=\"nofollow noopener\" target=\"_blank\">La pi\u00f9 intensa mai registrata<\/a> nei Campi Flegrei.<\/p>\n<p class=\"is-mr-t-20 is-mr-b-20\"><b><br \/>\n                    <a href=\"https:\/\/napoli.corriere.it\/?intcmp=Notizielocali_nd_010623_corriere_ss_mezzogior\" target=\"_blank\" rel=\"nofollow noopener\">Vai a tutte le notizie di Napoli<\/a><br \/>\n            <\/b><\/p>\n<p class=\"chapter-paragraph\"><b><a href=\"https:\/\/www.corriere.it\/newsletter\/?theme=50&amp;intcmp=NL-artic_nd_050624_corriere_ss_mezzogior\" target=\"_blank\" rel=\"nofollow noopener\">Iscriviti alla newsletter del Corriere del Mezzogiorno Campania<\/a><\/b><\/p>\n<p class=\"is-last-update\" datetime=\"2025-12-15T19:03:51+01:00\">15 dicembre 2025 ( modifica il 15 dicembre 2025 | 19:03)<\/p>\n<p class=\"is-copyright\">\n            \u00a9 RIPRODUZIONE RISERVATA\n        <\/p>\n","protected":false},"excerpt":{"rendered":"di Marco Santoro Alle 7.47 la scossa pi\u00f9 forte di intensit\u00e0 1.9, continue quelle di intensit\u00e0 pi\u00f9 bassa&hellip;\n","protected":false},"author":3,"featured_media":262752,"comment_status":"","ping_status":"","sticky":false,"template":"","format":"standard","meta":{"footnotes":""},"categories":[79],"tags":[3960,841,2008,59844,790,14,93,94,5115,123274,3440,12132,1537,90,89,19704,7,15,124572,123275,123276,19708,123277,20598,19705,11,84,91,12,85,92],"class_list":{"0":"post-262751","1":"post","2":"type-post","3":"status-publish","4":"format-standard","5":"has-post-thumbnail","7":"category-italia","8":"tag-alcune","9":"tag-area","10":"tag-campi","11":"tag-campi-flegrei","12":"tag-corso","13":"tag-cronaca","14":"tag-cronaca-italiana","15":"tag-cronacaitaliana","16":"tag-diverse","17":"tag-flegrei","18":"tag-forte","19":"tag-intensita","20":"tag-it","21":"tag-italia","22":"tag-italy","23":"tag-magnitudo","24":"tag-news","25":"tag-notizie","26":"tag-pozzuoli","27":"tag-sciame","28":"tag-sciame-sismico","29":"tag-scossa","30":"tag-scosse","31":"tag-sismico","32":"tag-terremoto","33":"tag-ultime-notizie","34":"tag-ultime-notizie-e-news-di-oggi","35":"tag-ultime-notizie-italia","36":"tag-ultimenotizie","37":"tag-ultimenotizieenewsdioggi","38":"tag-ultimenotizieitalia"},"share_on_mastodon":{"url":"https:\/\/pubeurope.com\/@it\/115726713127224178","error":""},"_links":{"self":[{"href":"https:\/\/www.europesays.com\/it\/wp-json\/wp\/v2\/posts\/262751","targetHints":{"allow":["GET"]}}],"collection":[{"href":"https:\/\/www.europesays.com\/it\/wp-json\/wp\/v2\/posts"}],"about":[{"href":"https:\/\/www.europesays.com\/it\/wp-json\/wp\/v2\/types\/post"}],"author":[{"embeddable":true,"href":"https:\/\/www.europesays.com\/it\/wp-json\/wp\/v2\/users\/3"}],"replies":[{"embeddable":true,"href":"https:\/\/www.europesays.com\/it\/wp-json\/wp\/v2\/comments?post=262751"}],"version-history":[{"count":0,"href":"https:\/\/www.europesays.com\/it\/wp-json\/wp\/v2\/posts\/262751\/revisions"}],"wp:featuredmedia":[{"embeddable":true,"href":"https:\/\/www.europesays.com\/it\/wp-json\/wp\/v2\/media\/262752"}],"wp:attachment":[{"href":"https:\/\/www.europesays.com\/it\/wp-json\/wp\/v2\/media?parent=262751"}],"wp:term":[{"taxonomy":"category","embeddable":true,"href":"https:\/\/www.europesays.com\/it\/wp-json\/wp\/v2\/categories?post=262751"},{"taxonomy":"post_tag","embeddable":true,"href":"https:\/\/www.europesays.com\/it\/wp-json\/wp\/v2\/tags?post=262751"}],"curies":[{"name":"wp","href":"https:\/\/api.w.org\/{rel}","templated":true}]}}