{"id":262753,"date":"2025-12-16T01:44:15","date_gmt":"2025-12-16T01:44:15","guid":{"rendered":"https:\/\/www.europesays.com\/it\/262753\/"},"modified":"2025-12-16T01:44:15","modified_gmt":"2025-12-16T01:44:15","slug":"roma-truffatore-smascherato-finge-chiamata-e-chiede-aiuto-mi-hanno-sequestrato","status":"publish","type":"post","link":"https:\/\/www.europesays.com\/it\/262753\/","title":{"rendered":"Roma, truffatore smascherato finge chiamata e chiede aiuto: &#8220;Mi hanno sequestrato&#8221;"},"content":{"rendered":"<p>Ha provato a fingersi un avvocato per rubare soldi a un anziano. Beccato da un 52enne, figlio della vittima, ha simulato una telefonata alla polizia, chiedendo aiuto. Dopodich\u00e9, ne \u00e8 nata una colluttazione prima di essere bloccato dagli agenti. Un 28enne, originario di Napoli, \u00e8 stato arrestato. I fatti sono accaduti in via Appia Nuova nel pomeriggio di sabato 13 dicembre.<\/p>\n<p>Truffa del finto carabiniere e del finto avvocato<\/p>\n<p>Secondo quanto appreso, intorno alle 15:50 arriva una segnalazione dal 112 dove \u00e8 stata indicata la presenza di un estraneo in casa del padre. Ma cosa era successo? Praticamente, la vittima &#8211; un 85enne &#8211; aveva ricevuto la telefonata da un fantomatico carabiniere, il quale sosteneva che il figlio aveva avuto un incidente. Per chiudere la faccenda, serviva del denaro che sarebbero poi stato ritirato da un avvocato, amico del figlio.<\/p>\n<p>La richiesta di soldi all&#8217;anziano<\/p>\n<p>Poco dopo, il presunto legale ha bussato alla porta del malcapitato. Una volta entrato, ha chiesto i soldi all&#8217;84enne. In quei momenti, il bandito ha cominciato a rovistare nelle stanze. Una truffa in piena regola, se non fosse che il figlio dell&#8217;uomo \u00e8 rientrato a casa. Ha sentito voci di estranei e ha capito che c&#8217;era qualcosa che non andava. Cos\u00ec ha deciso di entrare.<\/p>\n<p>\u201cMi hanno sequestrato\u201d<\/p>\n<p>Il truffatore, ormai alle strette, ha improvvisato una telefonata sostenendo di essere in collegamento con la polizia, sostenendo di essere stato sequestrato. Il trucco, per\u00f2, non ha funzionato. Anzi, il bandito ha anche avuto una colluttazione con il figlio della vittima. Il malvivente, comunque, \u00e8 riuscito a divincolarsi ma una volta fuori si \u00e8 trovato davanti gli agenti, che lo hanno bloccato.<\/p>\n<p>Arrestato 28enne<\/p>\n<p>L&#8217;uomo aveva con s\u00e9 85 euro sottratti da un comodino e due cellulari, che nel frattempo continuavano a squillare. Inoltre, aveva anche le chiavi di una Toyota, parcheggiata poco distante e risultata a noleggio. Il 28enne, concluse le formalit\u00e0 di rito, \u00e8 stato arrestato. Il figlio dell&#8217;84enne ha riportato ferite guaribili in cinque giorni.<\/p>\n","protected":false},"excerpt":{"rendered":"Ha provato a fingersi un avvocato per rubare soldi a un anziano. Beccato da un 52enne, figlio della&hellip;\n","protected":false},"author":3,"featured_media":262754,"comment_status":"","ping_status":"","sticky":false,"template":"","format":"standard","meta":{"footnotes":""},"categories":[6],"tags":[14,8,1537,90,89,7,15,82,9,83,10,13,17811,11,80,84,12,81,85],"class_list":{"0":"post-262753","1":"post","2":"type-post","3":"status-publish","4":"format-standard","5":"has-post-thumbnail","7":"category-ultime-notizie","8":"tag-cronaca","9":"tag-headlines","10":"tag-it","11":"tag-italia","12":"tag-italy","13":"tag-news","14":"tag-notizie","15":"tag-notizie-di-cronaca","16":"tag-notizie-principali","17":"tag-notiziedicronaca","18":"tag-notizieprincipali","19":"tag-titoli","20":"tag-truffe","21":"tag-ultime-notizie","22":"tag-ultime-notizie-di-cronaca","23":"tag-ultime-notizie-e-news-di-oggi","24":"tag-ultimenotizie","25":"tag-ultimenotiziedicronaca","26":"tag-ultimenotizieenewsdioggi"},"share_on_mastodon":{"url":"https:\/\/pubeurope.com\/@it\/115726716955750665","error":""},"_links":{"self":[{"href":"https:\/\/www.europesays.com\/it\/wp-json\/wp\/v2\/posts\/262753","targetHints":{"allow":["GET"]}}],"collection":[{"href":"https:\/\/www.europesays.com\/it\/wp-json\/wp\/v2\/posts"}],"about":[{"href":"https:\/\/www.europesays.com\/it\/wp-json\/wp\/v2\/types\/post"}],"author":[{"embeddable":true,"href":"https:\/\/www.europesays.com\/it\/wp-json\/wp\/v2\/users\/3"}],"replies":[{"embeddable":true,"href":"https:\/\/www.europesays.com\/it\/wp-json\/wp\/v2\/comments?post=262753"}],"version-history":[{"count":0,"href":"https:\/\/www.europesays.com\/it\/wp-json\/wp\/v2\/posts\/262753\/revisions"}],"wp:featuredmedia":[{"embeddable":true,"href":"https:\/\/www.europesays.com\/it\/wp-json\/wp\/v2\/media\/262754"}],"wp:attachment":[{"href":"https:\/\/www.europesays.com\/it\/wp-json\/wp\/v2\/media?parent=262753"}],"wp:term":[{"taxonomy":"category","embeddable":true,"href":"https:\/\/www.europesays.com\/it\/wp-json\/wp\/v2\/categories?post=262753"},{"taxonomy":"post_tag","embeddable":true,"href":"https:\/\/www.europesays.com\/it\/wp-json\/wp\/v2\/tags?post=262753"}],"curies":[{"name":"wp","href":"https:\/\/api.w.org\/{rel}","templated":true}]}}