{"id":262759,"date":"2025-12-16T01:53:17","date_gmt":"2025-12-16T01:53:17","guid":{"rendered":"https:\/\/www.europesays.com\/it\/262759\/"},"modified":"2025-12-16T01:53:17","modified_gmt":"2025-12-16T01:53:17","slug":"fontana-e-ferri-firmano-una-grande-edizione-del-ciclocross-del-ponte","status":"publish","type":"post","link":"https:\/\/www.europesays.com\/it\/262759\/","title":{"rendered":"FONTANA E FERRI FIRMANO UNA GRANDE EDIZIONE DEL CICLOCROSS DEL PONTE"},"content":{"rendered":"<p><strong> Il Ciclocross del Ponte di Fa\u00e8 di Oderzo non si \u00e8 smentito<\/strong>. Anche la 23^ edizione, organizzata dagli Sportivi del Ponte, \u00e8 stata un grandissimo successo. Come ogni anno, per una volta non l\u20198 dicembre, <strong>Borgo Barattin si \u00e8 trasformato nella capitale del ciclocross italiano.<\/strong> E\u2019 mancato solo un protagonista, ovvero il fango che molte volte ha caratterizzato questa storica manifestazione che vanta un albo d\u2019oro invidiabile, da Daniele Pontoni, a Zdenek Stybar, Bart Aernouts, Enrico Franzoi, Francis Mourey, Vincent Baestaens, Marcel Meisen, Alessandro e Filippo Fontana, e Gioele Bertolini. Non \u00e8 mancato lo spettacolo. <strong>Non \u00e8 mancato nemmeno il pubblico, che \u00e8 arrivato numeroso grazie ad un tiepido sole<\/strong> che ha illuminato gli oltre 500 partecipanti provenienti da tutto il territorio italiano e da vari paesi europei. Tutte le gare sono state trasmesse live sui canali social del comitato organizzatore e le gare Open su Raiplay. Fa\u00e8 di Oderzo era valida come ultima prova del Selle Smp Master Cross dopo quelle di Casalecchio di Reno, San Francesco al Campo e San Pietro in Gu.\n            <\/p>\n<p><strong>La gara regina, riservata alla categoria Open maschile, ha avuto un padrone assoluto. Filippo Fontana (C.S. Carabinieri)<\/strong> ha bissato il successo dell\u2019edizione 2023. La gara si \u00e8 decisa nel corso del secondo giro. Si era formata una coppia al comando composta da Federico Ceolin (Fas Airport Guerciotti) e lo stesso Fontana. Il veneziano \u00e8 stato tradito da una stretta curva sulla destra, dove \u00e8 scivolato e ha letteralmente litigato con un paletto che delimitava il percorso. Filippo Fontana ha ingranato una marcia inarrestabile, guadagnando giro dopo giro su tutti gli avversari. Il figlio d\u2019arte, il pap\u00e0 Alessandro aveva vinto su questo traguardo nel 2005, ha cos\u00ec potuto godersi a braccia alzate il tifo del pubblico trevigiano. Piazza d\u2019onore per il mai domo Gioele Bertolini (Ale Colnago). Terzo posto, alle spalle del campione italiano, per Federico Ceolin (Fas Airport Guerciotti), quarto per Samuele Scappini (Team Cingolani Specialized) che ha preceduto Tommaso Cafueri (DP66 Pinarello). Il tricolore valtellinese ha messo in saccoccia la classifica finale del Selle Smp Master Cross.\n            <\/p>\n<p><strong>La gara internazionale femminile ha proposto il duello tra Elisa Ferri (Fas Airport Guerciotti) e la campionessa italiana Elite Carlotta Borello (Team Cingolani Specialized).<\/strong> Il giovane talento toscano, al primo anno tra le Under 23, ha dimostrato un passo decisamente superiore, ma qualche scivolata e un salto di catena non le hanno consentito di mettere in saccoccia un margine di vantaggio rassicurante. Elisa Ferri, che si \u00e8 laureata campionessa italiana Juniores meno di un anno fa, ha comunque potuto festeggiare il successo con 11 secondi di vantaggio sulla piemontese Carlotta Borello. Terza piazza per Rebecca Gariboldi (Ale Colnago). Quarto posto per Beatrice Fontana che ha vinto la classifica del Master Cross.<\/p>\n<p><strong>Le sfide degli juniores sono state a dir poco emozionanti.<\/strong> Nella gara maschile era atteso il duello tra il campione europeo Filippo Grigolini (Team Cingolani Specialized) e il vicecampione europeo e tricolore Patrik Pezzo Rosola (Fas Airport Guerciotti). A causa di una scivolata Grigolini \u00e8 stato costretto al ritiro. Patrik ha cos\u00ec confermato il primato del campionato italiano di Fa\u00e8, tagliando il traguardo a braccia alzate davanti al giovane compagno di squadra Francesco Dell\u2019Olio e al piemontese Giovanni Bosio (Ktm Spada). Quarta e quinta posizione rispettivamente per Ivan Colombo (Albredo Binda) e Filippo Cingolani (Team Cingolani Specialized). 6\u00b0 Pietro Deon che si \u00e8 confermato deader del Selle Smp Master Cross.<\/p>\n<p><strong>La gara femminile \u00e8 stata molto pi\u00f9 incerta<\/strong> e si \u00e8 decisa con un emozionante testa a testa finale tra la trentina Nicole Azzetti (Ale Colnago), medaglia di bronzo al campionato europeo, e la friulana Azzurra Rizzi (Jam\u2019s Bike). Ha avuto la meglio Nicole Azzetti su Azzurra Rizzi che ha potuto comunque festeggiare il successo nella classifica del Master Cross. Terzo posto per la veneziana Nicole Righetto (Fas Airport Guerciotti).<\/p>\n<p>Le gare giovanili sono state, come sempre, molto partecipate e avvincenti. Tra gli allievi successi di giornata e di classifica finale per il friulano Alessio Borile (DP66 Pinarello) e il varesino campione europeo Luca Ferro (Bustese Olonia). Nella gara riservata alle allieve ha vinto con largo margine la valdostana Matilde Anselmi (Cx Devo Accademy), poi squalificata per un cambio bici irregolare. Il successo \u00e8 andato cos\u00ec alla valtellinese Beatrice Maifr\u00e8 (Melav\u00ec Tirano) che ha potuto mettere il sigillo anche sulla vittoria nella classifica finale del circuito.<\/p>\n<p>La competizione riservata agli esordienti si \u00e8 decisa con un emozionante testa a testa che ha premiato Santiago Bembo (Gs Mosole) sul campione italiano Nicol\u00f2 Ferrari (Melav\u00ec Tirano). La classifica finale del Master Cross \u00e8 stata conquistata da Thomas Vitaloni (A Favore del Ciclismo). Tra le ragazze, successo di giornata per la piemontese Giorgia Vottero (Cx Devo Accademy) e di classifica circuito per Aurora Cerame (DP66 Pinarello).<\/p>\n<p>Tra i Master, che hanno aperto di primo mattino la manifestazione, vittorie di Marcello Merlino (Bikespace) tra i Fascia 1, di Carmine Del Riccio (Sunshine Racers Nals) tra i Fascia 2, di Sergio Giuseppin (Delizia Bike) tra i Fascia 3 e di Silvia Folloni (Valle Olona Riders) tra le Woman, che hanno confermato la leadership nella classifica del Selle Smp Master Cross. Mentre tra i Fascia 4 vittoria di giornata per Giuliano Brancati (Caprivesi) e di classifica del circuito di Fabrizio Stefani (Scavezzon).<\/p>\n","protected":false},"excerpt":{"rendered":"Il Ciclocross del Ponte di Fa\u00e8 di Oderzo non si \u00e8 smentito. Anche la 23^ edizione, organizzata dagli&hellip;\n","protected":false},"author":3,"featured_media":262760,"comment_status":"","ping_status":"","sticky":false,"template":"","format":"standard","meta":{"footnotes":""},"categories":[1456],"tags":[1824,21184,1825,154250,105289,1537,90,89,245,244],"class_list":{"0":"post-262759","1":"post","2":"type-post","3":"status-publish","4":"format-standard","5":"has-post-thumbnail","7":"category-ciclismo","8":"tag-ciclismo","9":"tag-ciclocross","10":"tag-cycling","11":"tag-fae-di-oderzo","12":"tag-filippo-fontana","13":"tag-it","14":"tag-italia","15":"tag-italy","16":"tag-sport","17":"tag-sports"},"share_on_mastodon":{"url":"https:\/\/pubeurope.com\/@it\/115726752316975124","error":""},"_links":{"self":[{"href":"https:\/\/www.europesays.com\/it\/wp-json\/wp\/v2\/posts\/262759","targetHints":{"allow":["GET"]}}],"collection":[{"href":"https:\/\/www.europesays.com\/it\/wp-json\/wp\/v2\/posts"}],"about":[{"href":"https:\/\/www.europesays.com\/it\/wp-json\/wp\/v2\/types\/post"}],"author":[{"embeddable":true,"href":"https:\/\/www.europesays.com\/it\/wp-json\/wp\/v2\/users\/3"}],"replies":[{"embeddable":true,"href":"https:\/\/www.europesays.com\/it\/wp-json\/wp\/v2\/comments?post=262759"}],"version-history":[{"count":0,"href":"https:\/\/www.europesays.com\/it\/wp-json\/wp\/v2\/posts\/262759\/revisions"}],"wp:featuredmedia":[{"embeddable":true,"href":"https:\/\/www.europesays.com\/it\/wp-json\/wp\/v2\/media\/262760"}],"wp:attachment":[{"href":"https:\/\/www.europesays.com\/it\/wp-json\/wp\/v2\/media?parent=262759"}],"wp:term":[{"taxonomy":"category","embeddable":true,"href":"https:\/\/www.europesays.com\/it\/wp-json\/wp\/v2\/categories?post=262759"},{"taxonomy":"post_tag","embeddable":true,"href":"https:\/\/www.europesays.com\/it\/wp-json\/wp\/v2\/tags?post=262759"}],"curies":[{"name":"wp","href":"https:\/\/api.w.org\/{rel}","templated":true}]}}