{"id":262761,"date":"2025-12-16T01:57:13","date_gmt":"2025-12-16T01:57:13","guid":{"rendered":"https:\/\/www.europesays.com\/it\/262761\/"},"modified":"2025-12-16T01:57:13","modified_gmt":"2025-12-16T01:57:13","slug":"inter-moretto-decisione-presa-si-compra-gia-a-gennaio-ecco-dove","status":"publish","type":"post","link":"https:\/\/www.europesays.com\/it\/262761\/","title":{"rendered":"Inter, Moretto: \u201cDecisione presa, si compra gi\u00e0 a gennaio! Ecco dove\u201d"},"content":{"rendered":"<p>L&#8217;Inter interverr\u00e0 sul mercato di gennaio: \u00e8 arrivata la conferma in merito al tentativo che far\u00e0 l&#8217;Inter nel mercato di riparazione<\/p>\n<p>L&#8217;Inter interverr\u00e0 sul mercato di gennaio. A confermarlo \u00e8 Matteo Moretto. L&#8217;esperto di mercato, sul canale Youtube di Fabrizio Romano, aggiorna la situazione in casa nerazzurra:<\/p>\n<p>&#8220;L&#8217;Inter si muover\u00e0 a gennaio, l&#8217;indicazione che abbiamo \u00e8 che l&#8217;Inter, come obiettivo di gennaio, ha quello di rinforzare la fascia destra. Dumfries star\u00e0 fermo per un bel po&#8217; causa infortunio, l&#8217;Inter si sta gi\u00e0 muovendo, sta contattando e si sta gi\u00e0 informando su alcuni esterni destri per sostituire Dumfries da qui fino a fine stagione.<\/p>\n<p>Ipotizziamo che possa essere comunque un prestito, da capire la formula, ma la notizia che voglio dare oggi \u00e8 che l&#8217;Inter, come obiettivo principale per gennaio per sistemare la rosa, vuole prendere un esterno al posto di Dumfries, i nomi ve li faremo prossimamente&#8221;<\/p>\n<p class=\"is-copyright\">\u00a9 RIPRODUZIONE RISERVATA<\/p>\n","protected":false},"excerpt":{"rendered":"L&#8217;Inter interverr\u00e0 sul mercato di gennaio: \u00e8 arrivata la conferma in merito al tentativo che far\u00e0 l&#8217;Inter nel&hellip;\n","protected":false},"author":3,"featured_media":1530,"comment_status":"","ping_status":"","sticky":false,"template":"","format":"standard","meta":{"footnotes":""},"categories":[1452],"tags":[721,31512,1740,2614,350,154251,154252,154253,65603,154254,154255,1537,90,89,1412,1739,245,244],"class_list":{"0":"post-262761","1":"post","2":"type-post","3":"status-publish","4":"format-standard","5":"has-post-thumbnail","7":"category-calcio","8":"tag-calcio","9":"tag-dumfries","10":"tag-football","11":"tag-gennaio","12":"tag-inter","13":"tag-inter-interverra","14":"tag-inter-interverra-mercato","15":"tag-inter-obiettivo","16":"tag-interverra","17":"tag-interverra-mercato","18":"tag-interverra-mercato-gennaio","19":"tag-it","20":"tag-italia","21":"tag-italy","22":"tag-mercato","23":"tag-soccer","24":"tag-sport","25":"tag-sports"},"share_on_mastodon":{"url":"https:\/\/pubeurope.com\/@it\/115726768193286767","error":""},"_links":{"self":[{"href":"https:\/\/www.europesays.com\/it\/wp-json\/wp\/v2\/posts\/262761","targetHints":{"allow":["GET"]}}],"collection":[{"href":"https:\/\/www.europesays.com\/it\/wp-json\/wp\/v2\/posts"}],"about":[{"href":"https:\/\/www.europesays.com\/it\/wp-json\/wp\/v2\/types\/post"}],"author":[{"embeddable":true,"href":"https:\/\/www.europesays.com\/it\/wp-json\/wp\/v2\/users\/3"}],"replies":[{"embeddable":true,"href":"https:\/\/www.europesays.com\/it\/wp-json\/wp\/v2\/comments?post=262761"}],"version-history":[{"count":0,"href":"https:\/\/www.europesays.com\/it\/wp-json\/wp\/v2\/posts\/262761\/revisions"}],"wp:featuredmedia":[{"embeddable":true,"href":"https:\/\/www.europesays.com\/it\/wp-json\/wp\/v2\/media\/1530"}],"wp:attachment":[{"href":"https:\/\/www.europesays.com\/it\/wp-json\/wp\/v2\/media?parent=262761"}],"wp:term":[{"taxonomy":"category","embeddable":true,"href":"https:\/\/www.europesays.com\/it\/wp-json\/wp\/v2\/categories?post=262761"},{"taxonomy":"post_tag","embeddable":true,"href":"https:\/\/www.europesays.com\/it\/wp-json\/wp\/v2\/tags?post=262761"}],"curies":[{"name":"wp","href":"https:\/\/api.w.org\/{rel}","templated":true}]}}