{"id":262767,"date":"2025-12-16T02:02:49","date_gmt":"2025-12-16T02:02:49","guid":{"rendered":"https:\/\/www.europesays.com\/it\/262767\/"},"modified":"2025-12-16T02:02:49","modified_gmt":"2025-12-16T02:02:49","slug":"litalia-perde-una-artista-unica","status":"publish","type":"post","link":"https:\/\/www.europesays.com\/it\/262767\/","title":{"rendered":"\u00abL&#8217;Italia perde una artista unica\u00bb"},"content":{"rendered":"<p>            2025-11-22 11:17:02<br \/>\n            Carlo Conti: unica in tutto<\/p>\n<p>\u00abCiao Ornella, unica in tutto\u00bb. <\/p>\n<p>Carlo Conti ricorda cos\u00ec, sui social, Ornella\u00a0Vanoni, scomparsa a Milano all&#8217;et\u00e0 di 91 anni.<\/p>\n<p>            2025-11-22 11:16:17<br \/>\n            Sala: donna libera, Milano non la dimenticher\u00e0<\/p>\n<p>\u00abUna donna libera. Questa \u00e8 stata Ornella\u00a0Vanoni\u00bb. Lo ha scritto sulle sue pagine social il sindaco di Milano Giuseppe Sala che ha sottolineato come \u00abla sua Milano, che l&#8217;ha sempre amata, non la dimenticher\u00e0\u00bb.<\/p>\n<p>\u00abUna delle pi\u00f9 belle voci della musica italiana, una voce elegante e profonda. Ci lascia canzoni eterne\u00bb, ha concluso.<\/p>\n<p>            2025-11-22 10:11:59<br \/>\n            Meloni: Italia perde un&#8217;artista unica<\/p>\n<p>\u00abProfondo cordoglio per la scomparsa di Ornella Vanoni, voce inconfondibile della nostra musica, che ha segnato decenni di cultura italiana e accompagnato generazioni con brani senza tempo. L\u2019Italia perde un\u2019artista unica, che ci lascia un patrimonio artistico irripetibile\u00bb. Cos\u00ec la premier Giorgia\u00a0Meloni, sui social.<\/p>\n<p>            2025-11-22 00:46:15<br \/>\n            Fazio: sono senza parole, non ero pronto<\/p>\n<p>\u00abNon sono in grado di dire niente. Sono senza parole e non ero pronto a tutto questo. Non mi pare possibile. Non riesco a dire proprio niente\u00bb. Cos\u00ec Fabio Fazio affida ai social lo sgomento per la scomparsa di Ornella Vanoni che negli ultimi due anni era ospite ricorrente di &#8216;Che tempo che fa&#8217;<\/p>\n<p>\u00a0<\/p>\n<p>            2025-11-22 00:39:27<br \/>\n            Francesca Fagnani: che dolore, grazie per essere stata la colonna sonora di tanta vita<\/p>\n<p>\u00abChe dolore cara Ornella. Grazie per essere stata la colonna sonora di tanta vita. Resti indimenticabile, per me impossibile\u00bb. Cos\u00ec Francesca Fagnani, in una storia di Instagram ricorda Ornella Vanoni, la cui canzone &#8216;L&#8217;appuntamento&#8217; \u00e8 stata scelta dalla conduttrice come sigla del suo programma &#8216;Belve&#8217;<\/p>\n<p>            2025-11-22 00:38:58<br \/>\n            Renzi: ciao Ornella, te ne sei andata ma per noi sarai sempre senza fine<\/p>\n<p>\u00a0\u00abCiao Ornella! Te ne sei andata ma per noi sarai sempre &#8216;senza fine'&#8221;. Cos\u00ec in un post su &#8216;X&#8217; l&#8217;ex premier Matteo Renzi ricorda la cantante Ornella Vanoni scomparsa oggi all&#8217;et\u00e0 di 91 anni.<\/p>\n<p>            2025-11-22 00:38:19<br \/>\n            Giuli: con Ornella Vanoni perdiamo artista originale e raffinata<\/p>\n<p>&#8221;Con la scomparsa di Ornella Vanoni l&#8217;Italia perde una delle sue artiste pi\u00f9 originali e raffinate. Con la sua voce unica, e una capacit\u00e0 interpretativa senza eguali, ha scritto pagine importanti nella storia della canzone, del teatro e dello spettacolo italiano. A nome mio personale e del Ministero della Cultura esprimo cordoglio e vicinanza ai familiari\u00bb. Lo dichiara in una nota il Ministro della Cultura, Alessandro Giuli.<\/p>\n<p>            2025-11-22 00:37:40<br \/>\n            Alba Parietti: Ornella per tutti sei stata e sarai indelebile e indimenticabile<\/p>\n<p>\u00abOrnella, indomabile, \u00e8 difficile credere perch\u00e9 tu ci scherzavi sempre\u00bb : \u00aboltre alla grande artista che tutti conoscono, per me sei stata una delle poche persone davanti alle quali mi sentivo davvero piccola. Accettavo qualsiasi tuo modo di essere: la dolcezza immensa, la generosit\u00e0, l&#8217;umanit\u00e0. E quando volevi essere pungente, lo subivo con affetto, perch\u00e9 eri talmente grande che era impossibile tenerti testa\u00bb. Cos\u00ec in un post su Instagram Alba Parietti ricorda la cantante Ornella Vanoni scomparsa oggi all&#8217;et\u00e0 di 91 anni. \u00abSei stata una donna libera, amatissima dagli amici, forte, impegnativa, bellissima, colta, intelligente, appassionata, dolcissima&#8230; ea volte spietata, con te e con gli altri come solo i grandi spiriti sanno essere. Per tutti sei stata e sarai indelebile e indimenticabile. Per me, spesso, irraggiungibile: una montagna meravigliosa e impossibile da scalare, ma un&#8217;essere umano speciale\u00bb, sottolinea Alba Parietti.<\/p>\n<p>            2025-11-22 00:37:08<br \/>\n            Enrico Mentana: addio regina<\/p>\n<p>\u00abAddio regina\u00bb. Cos\u00ec Enrico Mentana saluta sui social Ornella Vanoni.<\/p>\n<p>\u00a0<\/p>\n<blockquote class=\"instagram-media\" data-instgrm-captioned=\"\" data-instgrm-permalink=\"https:\/\/www.instagram.com\/p\/DRVhAnGCKdd\/?utm_source=ig_embed&amp;utm_campaign=loading\" data-instgrm-version=\"14\" style=\" background:#FFF; border:0; border-radius:3px; box-shadow:0 0 1px 0 rgba(0,0,0,0.5),0 1px 10px 0 rgba(0,0,0,0.15); margin: 1px; max-width:540px; min-width:326px; padding:0; width:99.375%; width:-webkit-calc(100% - 2px); width:calc(100% - 2px);\"><p>&#13;<br \/>\n&#13;\n<\/p><\/blockquote>\n<p>            2025-11-22 00:33:14<br \/>\n            Littizzetto: tesora mia adorata<\/p>\n<p>\u00abTesora mia adorata\u00bb. Con queste parole Luciana Littizzetto ricorda sui social Ornella Vanoni, che era presenza assidua nel cast di &#8216;Che tempo che fa&#8217;<\/p>\n<p>        <script async src=\"\/\/www.instagram.com\/embed.js\"><\/script><\/p>\n","protected":false},"excerpt":{"rendered":"2025-11-22 11:17:02 Carlo Conti: unica in tutto \u00abCiao Ornella, unica in tutto\u00bb. Carlo Conti ricorda cos\u00ec, sui social,&hellip;\n","protected":false},"author":3,"featured_media":262768,"comment_status":"","ping_status":"","sticky":false,"template":"","format":"standard","meta":{"footnotes":""},"categories":[1443],"tags":[203,204,1537,90,89,1538,1539,36768,134233,28609],"class_list":{"0":"post-262767","1":"post","2":"type-post","3":"status-publish","4":"format-standard","5":"has-post-thumbnail","7":"category-musica","8":"tag-entertainment","9":"tag-intrattenimento","10":"tag-it","11":"tag-italia","12":"tag-italy","13":"tag-music","14":"tag-musica","15":"tag-ornella-vanoni","16":"tag-ornella-vanoni-morta","17":"tag-reazioni"},"share_on_mastodon":{"url":"https:\/\/pubeurope.com\/@it\/115726791757320581","error":""},"_links":{"self":[{"href":"https:\/\/www.europesays.com\/it\/wp-json\/wp\/v2\/posts\/262767","targetHints":{"allow":["GET"]}}],"collection":[{"href":"https:\/\/www.europesays.com\/it\/wp-json\/wp\/v2\/posts"}],"about":[{"href":"https:\/\/www.europesays.com\/it\/wp-json\/wp\/v2\/types\/post"}],"author":[{"embeddable":true,"href":"https:\/\/www.europesays.com\/it\/wp-json\/wp\/v2\/users\/3"}],"replies":[{"embeddable":true,"href":"https:\/\/www.europesays.com\/it\/wp-json\/wp\/v2\/comments?post=262767"}],"version-history":[{"count":0,"href":"https:\/\/www.europesays.com\/it\/wp-json\/wp\/v2\/posts\/262767\/revisions"}],"wp:featuredmedia":[{"embeddable":true,"href":"https:\/\/www.europesays.com\/it\/wp-json\/wp\/v2\/media\/262768"}],"wp:attachment":[{"href":"https:\/\/www.europesays.com\/it\/wp-json\/wp\/v2\/media?parent=262767"}],"wp:term":[{"taxonomy":"category","embeddable":true,"href":"https:\/\/www.europesays.com\/it\/wp-json\/wp\/v2\/categories?post=262767"},{"taxonomy":"post_tag","embeddable":true,"href":"https:\/\/www.europesays.com\/it\/wp-json\/wp\/v2\/tags?post=262767"}],"curies":[{"name":"wp","href":"https:\/\/api.w.org\/{rel}","templated":true}]}}