{"id":262814,"date":"2025-12-16T02:39:14","date_gmt":"2025-12-16T02:39:14","guid":{"rendered":"https:\/\/www.europesays.com\/it\/262814\/"},"modified":"2025-12-16T02:39:14","modified_gmt":"2025-12-16T02:39:14","slug":"la-flc-cgil-ricorre-al-tar-lazio-contro-il-dm-221-2025","status":"publish","type":"post","link":"https:\/\/www.europesays.com\/it\/262814\/","title":{"rendered":"la FLC CGIL ricorre al TAR Lazio contro il DM 221\/2025"},"content":{"rendered":"<p>La FLC CGIL presenta ricorso al TAR avverso al <a href=\"https:\/\/www.flcgil.it\/leggi-normative\/documenti\/decreti-ministeriali\/decreto-ministeriale-221-e-allegati-del-14-novembre-2025-consolidamento-e-sviluppo-filiera-formativa-tecnologico-professionale.flc\" target=\"_blank\" rel=\"nofollow noopener\"><strong>Decreto Ministeriale n. 221 del 14 novembre 2025<\/strong><\/a>, che disciplina l\u2019attivazione dei percorsi della filiera formativa tecnologico-professionale a partire dall\u2019anno scolastico 2026\/2027 tramite candidatura delle scuole come anticipato dalla <a href=\"https:\/\/www.flcgil.it\/leggi-normative\/documenti\/note-ministeriali\/nota-2242-del-21-novembre-2025-filiera-formativa-tecnologico-professionale-attivazione-percorsi-anno-scolastico-2026-2027-scadenza-presentazione-candidature-10-dicembre-2025.flc%5d\" target=\"_blank\" rel=\"nofollow noopener\">nota n. 2242 del 21 novembre 2025<\/a>.<\/p>\n<p>Secondo il punto di vista della FLC CGIL il decreto presenta una grave lacuna: <strong>non prevede alcun riferimento alla deliberazione degli organi collegiali<\/strong> \u2013 Collegio dei docenti e Consiglio di istituto \u2013 che per legge hanno competenza sulle scelte didattiche e sull\u2019organizzazione dell\u2019offerta formativa.<\/p>\n<p>Come \u00e8 noto, la proposta di attivazione di un nuovo percorso formativo nella scuola italiana richiede la delibera del Collegio dei docenti e del Consiglio di Istituto anche a garanzia della condivisione tra i docenti e dell\u2019intera comunit\u00e0 educante delle scelte curricolari e metodologiche come delle scelte generali e organizzative. Questa procedura deriva dalla legge 107\/2015 che al riguardo recita: &#8220;Il piano \u00e8 elaborato dal collegio dei docenti sulla base degli indirizzi per le attivit\u00e0 della scuola e delle scelte di gestione e di amministrazione definiti dal dirigente scolastico. Il piano \u00e8 approvato dal consiglio d\u2019istituto&#8221; (art. 1, comma 14, 4). In buona sostanza, <strong>la legge<\/strong> ha ridefinito i ruoli degli organi interni delle scuole per cui, <strong>pur rafforzando il ruolo \u00a0dirigenziale, lo ridefinisce comunque sempre nel rispetto delle competenze degli organi collegiali<\/strong> (vedi comma 78 della L.107\/2055). Inoltre, ricordiamo che l&#8217;approvazione finale del PTOF spetta al consiglio di istituto entro 60 giorni dall&#8217;inizio dell&#8217;anno scolastico, garantendo comunque il rispetto delle prerogative collegiali.<\/p>\n<p>Ogni innovazione che incide sul Piano Triennale dell\u2019Offerta Formativa deve essere deliberata dagli organi collegiali. Il DM 221, ignorando questo principio, espone le scuole a provvedimenti viziati da illegittimit\u00e0: per questo motivo la FLC CGIL ha assunto la determinazione di impugnare il provvedimento, considerato che tale omissione rischia di <strong>svuotare di significato il ruolo democratico degli organi collegiali<\/strong>, originariamente sancito dal <strong>DPR 416\/1974<\/strong> e dal <strong>Regolamento dell\u2019autonomia scolastica (DPR 275\/1999)<\/strong>, oltre che ribadito dalle ordinanze ministeriali sulle elezioni e sul funzionamento degli stessi confermato anche dalla legge 107\/2015.<\/p>\n","protected":false},"excerpt":{"rendered":"La FLC CGIL presenta ricorso al TAR avverso al Decreto Ministeriale n. 221 del 14 novembre 2025, che&hellip;\n","protected":false},"author":3,"featured_media":262815,"comment_status":"","ping_status":"","sticky":false,"template":"","format":"standard","meta":{"footnotes":""},"categories":[6],"tags":[154271,14,154267,8,154270,1537,90,89,38162,7,154269,15,82,9,83,10,154268,2694,13,11,80,84,12,81,85],"class_list":{"0":"post-262814","1":"post","2":"type-post","3":"status-publish","4":"format-standard","5":"has-post-thumbnail","7":"category-ultime-notizie","8":"tag-comma-per-comma","9":"tag-cronaca","10":"tag-dm-221-25","11":"tag-headlines","12":"tag-istruzione-tecnica-e-professionale","13":"tag-it","14":"tag-italia","15":"tag-italy","16":"tag-miur","17":"tag-news","18":"tag-nota-2242-25","19":"tag-notizie","20":"tag-notizie-di-cronaca","21":"tag-notizie-principali","22":"tag-notiziedicronaca","23":"tag-notizieprincipali","24":"tag-organi-collegiali","25":"tag-tar","26":"tag-titoli","27":"tag-ultime-notizie","28":"tag-ultime-notizie-di-cronaca","29":"tag-ultime-notizie-e-news-di-oggi","30":"tag-ultimenotizie","31":"tag-ultimenotiziedicronaca","32":"tag-ultimenotizieenewsdioggi"},"share_on_mastodon":{"url":"https:\/\/pubeurope.com\/@it\/115726933197133652","error":""},"_links":{"self":[{"href":"https:\/\/www.europesays.com\/it\/wp-json\/wp\/v2\/posts\/262814","targetHints":{"allow":["GET"]}}],"collection":[{"href":"https:\/\/www.europesays.com\/it\/wp-json\/wp\/v2\/posts"}],"about":[{"href":"https:\/\/www.europesays.com\/it\/wp-json\/wp\/v2\/types\/post"}],"author":[{"embeddable":true,"href":"https:\/\/www.europesays.com\/it\/wp-json\/wp\/v2\/users\/3"}],"replies":[{"embeddable":true,"href":"https:\/\/www.europesays.com\/it\/wp-json\/wp\/v2\/comments?post=262814"}],"version-history":[{"count":0,"href":"https:\/\/www.europesays.com\/it\/wp-json\/wp\/v2\/posts\/262814\/revisions"}],"wp:featuredmedia":[{"embeddable":true,"href":"https:\/\/www.europesays.com\/it\/wp-json\/wp\/v2\/media\/262815"}],"wp:attachment":[{"href":"https:\/\/www.europesays.com\/it\/wp-json\/wp\/v2\/media?parent=262814"}],"wp:term":[{"taxonomy":"category","embeddable":true,"href":"https:\/\/www.europesays.com\/it\/wp-json\/wp\/v2\/categories?post=262814"},{"taxonomy":"post_tag","embeddable":true,"href":"https:\/\/www.europesays.com\/it\/wp-json\/wp\/v2\/tags?post=262814"}],"curies":[{"name":"wp","href":"https:\/\/api.w.org\/{rel}","templated":true}]}}