{"id":262943,"date":"2025-12-16T05:00:20","date_gmt":"2025-12-16T05:00:20","guid":{"rendered":"https:\/\/www.europesays.com\/it\/262943\/"},"modified":"2025-12-16T05:00:20","modified_gmt":"2025-12-16T05:00:20","slug":"lo-strano-accostamento-di-rapinese-e-la-replica-di-asst-lariana","status":"publish","type":"post","link":"https:\/\/www.europesays.com\/it\/262943\/","title":{"rendered":"lo &#8220;strano&#8221; accostamento di Rapinese e la replica di Asst Lariana"},"content":{"rendered":"<p>Da settimane a Como si discute del taglio dei ciliegi e la politica, con partiti di diversi orientamenti, ha espresso perplessit\u00e0, organizzato sit-in e prese di posizione per impedirne l\u2019abbattimento.<\/p>\n<p>Negli stessi giorni, secondo quanto riportato in un post Facebook dal sindaco di Como Alessandro Rapinese, al <a href=\"https:\/\/www.quicomo.it\/benessere\/salute\/picco-influenza-lombardia-natale-2025-cosa-fare.html\" rel=\"nofollow noopener\" target=\"_blank\">Pronto soccorso <\/a>dell\u2019ospedale Sant\u2019Anna si registravano criticit\u00e0 legate anche al periodo di picco influenzale, con pazienti spesso fragili e anziani costretti a restare a lungo negli spazi dell\u2019emergenza.<\/p>\n<p>Nel suo intervento video, il primo cittadino ha messo a confronto le due vicende, sollevando una polemica diretta sul diverso peso attribuito alle priorit\u00e0 politiche da parte dei partiti comaschi:<\/p>\n<p>&#8220;A Como gira insistentemente una domanda circa gli abbattimenti dei ciliegi in via XX Settembre. Perch\u00e9 non ripiantare ciliegi? Risposta: perch\u00e9 gli agronomi hanno suggerito di piantare altre piante, i peri, e perch\u00e9 la Sovrintendenza ha approvato il progetto. In una citt\u00e0 normale la discussione sarebbe finita qui. Ma ai partiti comaschi per\u00f2 non piaccio io, e per loro \u00e8 diventata una battaglia politica da combattere fino all\u2019ultimo respiro.<\/p>\n<p>Mi preme far notare per\u00f2 che per persone malate lasciate come bestie nei corridoi di un ospedale, per i partiti comaschi ripiantumare una strada con dei peri, dopo che si \u00e8 pure espressa la Sovrintendenza, merita attenzione politica. Anziani malati per giorni nei corridoi degli ospedali invece non meritano la loro indignazione&#8221;.<\/p>\n<p>undefined<\/p>\n<p>La replica di Asst Lariana<\/p>\n<p>Se il video era rivolto ai partiti della citt\u00e0, alle parole del sindaco \u00e8 seguita per\u00f2 la replica dell\u2019Asst Lariana, che ha respinto le accuse e difeso l\u2019operato del personale sanitario.<\/p>\n<p>&#8220;L\u2019Azienda Socio Sanitaria Territoriale Lariana \u00e8 costantemente impegnata a garantire ai pazienti assistenza, sicurezza e dignit\u00e0 di cura. Anche in situazioni di particolare complessit\u00e0 vengono adottati, con gli strumenti disponibili, tutti i correttivi e le misure possibili per rispondere ai bisogni assistenziali di pazienti, familiari e cittadini. Non spetta quindi all\u2019azienda entrare nelle polemiche politiche che nulla hanno a che fare con le attivit\u00e0 sanitarie proprie della Asst. Spiace invece constatare che un\u2019istituzione politica ricorra a toni inadeguati e offensivi nei confronti di chi vi opera con professionalit\u00e0 24 ore su 24 e tutti i giorni dell\u2019anno&#8221;.<\/p>\n<p>\u00a0<\/p>\n","protected":false},"excerpt":{"rendered":"Da settimane a Como si discute del taglio dei ciliegi e la politica, con partiti di diversi orientamenti,&hellip;\n","protected":false},"author":3,"featured_media":262944,"comment_status":"","ping_status":"","sticky":false,"template":"","format":"standard","meta":{"footnotes":""},"categories":[79],"tags":[14,93,94,1537,90,89,7,15,17194,11,84,91,12,85,92],"class_list":{"0":"post-262943","1":"post","2":"type-post","3":"status-publish","4":"format-standard","5":"has-post-thumbnail","7":"category-italia","8":"tag-cronaca","9":"tag-cronaca-italiana","10":"tag-cronacaitaliana","11":"tag-it","12":"tag-italia","13":"tag-italy","14":"tag-news","15":"tag-notizie","16":"tag-replica","17":"tag-ultime-notizie","18":"tag-ultime-notizie-e-news-di-oggi","19":"tag-ultime-notizie-italia","20":"tag-ultimenotizie","21":"tag-ultimenotizieenewsdioggi","22":"tag-ultimenotizieitalia"},"share_on_mastodon":{"url":"https:\/\/pubeurope.com\/@it\/115727487745530352","error":""},"_links":{"self":[{"href":"https:\/\/www.europesays.com\/it\/wp-json\/wp\/v2\/posts\/262943","targetHints":{"allow":["GET"]}}],"collection":[{"href":"https:\/\/www.europesays.com\/it\/wp-json\/wp\/v2\/posts"}],"about":[{"href":"https:\/\/www.europesays.com\/it\/wp-json\/wp\/v2\/types\/post"}],"author":[{"embeddable":true,"href":"https:\/\/www.europesays.com\/it\/wp-json\/wp\/v2\/users\/3"}],"replies":[{"embeddable":true,"href":"https:\/\/www.europesays.com\/it\/wp-json\/wp\/v2\/comments?post=262943"}],"version-history":[{"count":0,"href":"https:\/\/www.europesays.com\/it\/wp-json\/wp\/v2\/posts\/262943\/revisions"}],"wp:featuredmedia":[{"embeddable":true,"href":"https:\/\/www.europesays.com\/it\/wp-json\/wp\/v2\/media\/262944"}],"wp:attachment":[{"href":"https:\/\/www.europesays.com\/it\/wp-json\/wp\/v2\/media?parent=262943"}],"wp:term":[{"taxonomy":"category","embeddable":true,"href":"https:\/\/www.europesays.com\/it\/wp-json\/wp\/v2\/categories?post=262943"},{"taxonomy":"post_tag","embeddable":true,"href":"https:\/\/www.europesays.com\/it\/wp-json\/wp\/v2\/tags?post=262943"}],"curies":[{"name":"wp","href":"https:\/\/api.w.org\/{rel}","templated":true}]}}