{"id":262954,"date":"2025-12-16T05:18:12","date_gmt":"2025-12-16T05:18:12","guid":{"rendered":"https:\/\/www.europesays.com\/it\/262954\/"},"modified":"2025-12-16T05:18:12","modified_gmt":"2025-12-16T05:18:12","slug":"il-triangolo-no-0-jonas-e-anita-emozioni-e-sofferenza-8","status":"publish","type":"post","link":"https:\/\/www.europesays.com\/it\/262954\/","title":{"rendered":"il triangolo no (0), Jonas e Anita, emozioni e sofferenza (8)"},"content":{"rendered":"<p>Finale rinviata di qualche giorno, ecco cos\u2019hanno scoperto i ragazzi della casa del Grande Fratello all\u2019inizio della puntata del 15 dicembre. Permanenza prolungata ancora un po\u2019, con tutti i confronti\/scontri del caso, come quello tra Benedetta e Valentina, semplicemente inguardabile e inascoltabile.\n<\/p>\n<p>Omer e Rasha di nuovo insieme. Voto: 7<\/p>\n<p>Isolato in salone, <strong>Omer ha modo di parlare di Rasha<\/strong>. Le loro incomprensioni non contano perch\u00e9 lui prova qualcosa di molto forte. Ecco allora apparire la giovane, ormai fuori dai giochi. Dal silenzio dietro un vetro al freeze, fino a quel concetto tanto importante ribadito con commozione: \u201c<strong>Mi manchi da morire<\/strong>\u201d.<\/p>\n<p>I due si riabbracciano e baciano, decisi a riprendere la loro storia d\u2019amore una volta terminato il reality. Il pubblico applaude e da casa di certo apprezzano ma c\u2019\u00e8 una voce fuori dal coro. \u00c9 quella di <strong>Sonia Bruganelli<\/strong>, che non crede alla bont\u00e0 di questo riavvicinamento: \u201cNon posso fingere che Rasha non sia uscita 3 giorni fa e ne abbia dette di ogni a Omer\u201d. Poi corregge un po\u2019 il tiro e parla dei rischi della vita oltre il gioco. Per Ascanio, invece, i due hanno \u201csmaltito la sbornia d\u2019orgoglio\u201d.<\/p>\n<p>Il triangolo no, lo avevamo gi\u00e0 sopportato. Voto: 0<\/p>\n<p>No, l\u2019ennesimo <strong>confronto tra Domenico, Benedetta e Valentina<\/strong> non ce le meritavamo. Simona Ventura parla di Armageddon, conscia del fatto che gli animi si scalderanno, ma quanto va in onda \u00e8 davvero una scena inutile e fastidiosa.<\/p>\n<p>Ne abbiamo gi\u00e0 parlato in maniera dettagliata, quindi qui offriamo una versione ridotta. Benedetta \u00e8 furiosa per le critiche sui social, certa che Valentina, criticata per mesi, abbia marciato sulla vicenda per ottenere visibilit\u00e0.<\/p>\n<p>I punti salienti: la <a href=\"https:\/\/dilei.it\/spettacolo\/grande-fratello-puntata-15-dicembre-2025\/2023160\/\" rel=\"nofollow noopener\" target=\"_blank\">madre di Benedetta<\/a> ha commentato \u201ccornuta\u201d sotto alcuni post di Valentina. Benedetta ha un futuro da \u201c<strong>mercatara<\/strong>\u201d e Valentina non riesce ad allontanare il pensiero che tutto sia una manovra televisiva. L\u2019abbraccio con Domenico, con i tanti baci di lui, sa di \u201c<strong>to be<\/strong> <strong>continued<\/strong>\u201d e anche un po\u2019 di Temptation Island Vip o Uomini e Donne. In generale di Fascino, senza grandi dubbi.<\/p>\n<p>Vi siete lasciati? Che dispiacere. Voto: 7<\/p>\n<p>Si torna a parlare di <strong>Grazia e Mattia<\/strong>, che di fatto si danno appuntamento all\u2019esterno della casa. La concorrente scopre che l\u2019ex coinquilino <strong>non \u00e8 pi\u00f9 fidanzato<\/strong>. Le limitazioni non hanno dunque pi\u00f9 motivo d\u2019esistere.<\/p>\n<p>Lei corre in passerella e, superato un gruppo di ballerini che si muovono sulle note di Maschio di Annalisa, trova lui (ancora zoppicante). I due si abbracciano e la felicit\u00e0 di immaginare un prossimo futuro insieme fuori (almeno per conoscersi meglio) \u00e8 palese. Il pubblico apprezza.<\/p>\n<p>L\u2019incubo di Giulia. Voto: 8<\/p>\n<p>C\u2019\u00e8 ancora spazio per dei momenti tremendamente drammatici, nonostante si sia a un passo dalla <a href=\"https:\/\/dilei.it\/spettacolo\/grande-fratello-pagelle-8-dicembre-2025\/2009522\/\" rel=\"nofollow noopener\" target=\"_blank\">finale<\/a> del GF. La puntata prosegue infatti con <strong>Giulia<\/strong>, che rivive il momento pi\u00f9 complesso della sua vita. <strong>Quando aveva tre anni fu rapita<\/strong>. Le lacrime sono l\u00ec, in attesa, e lei prova a combatterle per un po\u2019 ma poi lascia andare gli argini quando sente e legge le parole di sua madre.<\/p>\n<p>La donna le ha scritto una lettera e dallo studio la sorreggono con forza. Cristina si congratula con lei per il suo percorso. \u00c8 stata semplicemente se stessa, divenendo una finalista \u201ccon le tue forze, senza avere bisogno di appoggiarti a nessuno, di fare ship\u201d.<\/p>\n<p>Jonas e Anita, emozioni e sofferenza. Voto: 8<\/p>\n<p>Un vortice di emozioni tra <strong>Jonas e Anita<\/strong>, che vanno in confessionale e rendono chiare le proprie intenzioni: \u201cSta nascendo <strong>qualcosa di tanto grande e tanto forte<\/strong>\u201d, ammette lui. Il ragazzo va poi in giardino e trova un amico che gli \u00e8 mancato tantissimo: il suo cane Koda. Scatta il freeze ed ecco entrare per\u00f2 anche i suoi due fratelli, che si dicono molto orgogliosi di lui.<\/p>\n<p>Per la coppia per\u00f2 le emozioni non sono ancora terminate. Anita riceve un videomessaggio da parte dei suoi amici tatuatori. Insieme a Jonas, poi, va in Mistery perch\u00e9 c\u2019\u00e8 una notizia che la riguarda: <strong>suo padre le ha scritto una lettera<\/strong>.<\/p>\n<p>L\u2019uomo per\u00f2 non fa parte della sua vita, in pratica da sempre, e questo tentativo di riallacciare i rapporti proprio in televisione \u00e8 qualcosa che spinge la giovane a rifiutare: \u201cUna figlia te la ricordi dal giorno 0 e non quando la vedi in televisione. So quello che ho passato per il suo rifiuto\u201d.<\/p>\n<p>I finalisti. Voto: 7<\/p>\n<p>Nulla da fare per Domenico, che viene eliminato nel confronto con Omer e torna a casa, dove l\u2019attende una complessa telenovela da risolvere. <strong>Elomari \u00e8 dunque il quinto finalista<\/strong>. Tutti vanno poi in spazi diversi della casa, dovendo scrivere su un cartoncino il nome che vogliono diventi un \u201csuperfinalista\u201d, dunque gi\u00e0 sul podio della finale:<\/p>\n<ul>\n<li>Jonas ha scelto Anita;<\/li>\n<li>Giulia ha scelto Grazia;<\/li>\n<li>Grazia ha scelto Giulia;<\/li>\n<li>Anita ha scelto Jonas;<\/li>\n<li>Omer ha scelto Anita.<\/li>\n<\/ul>\n<p>Ecco la <strong>superfinalista: Anita<\/strong> \u00e8 gi\u00e0 sul podio del GF. Per lei per\u00f2 le emozioni non sono finita. Il GF deve sfoltire la rosa dei concorrenti e allora via di pesca delle sfere. Quella gold la trova Jonas, che si ritrova al televoto e pu\u00f2 scegliere con chi: \u201cSe devo uscire, esco con uno forte, quindi Omer\u201d. Il meno votato tra i due, sar\u00e0 il primo eliminato della finale di gioved\u00ec 18 dicembre.<\/p>\n<p>\u00a0<\/p>\n<p class=\"p1\">Resta sempre aggiornata:\u00a0<a href=\"https:\/\/www.whatsapp.com\/channel\/0029Vb68mVyHVvTWezDm7d0R\" rel=\"nofollow noopener\" target=\"_blank\">iscriviti al nostro canale WhatsApp<\/a>!<\/p>\n","protected":false},"excerpt":{"rendered":"Finale rinviata di qualche giorno, ecco cos\u2019hanno scoperto i ragazzi della casa del Grande Fratello all\u2019inizio della puntata&hellip;\n","protected":false},"author":3,"featured_media":262955,"comment_status":"","ping_status":"","sticky":false,"template":"","format":"standard","meta":{"footnotes":""},"categories":[1444],"tags":[2104,203,6061,204,1537,90,89,214,253],"class_list":{"0":"post-262954","1":"post","2":"type-post","3":"status-publish","4":"format-standard","5":"has-post-thumbnail","7":"category-tv","8":"tag-emozioni","9":"tag-entertainment","10":"tag-grande-fratello","11":"tag-intrattenimento","12":"tag-it","13":"tag-italia","14":"tag-italy","15":"tag-spettacolo","16":"tag-tv"},"share_on_mastodon":{"url":"https:\/\/pubeurope.com\/@it\/115727558520377961","error":""},"_links":{"self":[{"href":"https:\/\/www.europesays.com\/it\/wp-json\/wp\/v2\/posts\/262954","targetHints":{"allow":["GET"]}}],"collection":[{"href":"https:\/\/www.europesays.com\/it\/wp-json\/wp\/v2\/posts"}],"about":[{"href":"https:\/\/www.europesays.com\/it\/wp-json\/wp\/v2\/types\/post"}],"author":[{"embeddable":true,"href":"https:\/\/www.europesays.com\/it\/wp-json\/wp\/v2\/users\/3"}],"replies":[{"embeddable":true,"href":"https:\/\/www.europesays.com\/it\/wp-json\/wp\/v2\/comments?post=262954"}],"version-history":[{"count":0,"href":"https:\/\/www.europesays.com\/it\/wp-json\/wp\/v2\/posts\/262954\/revisions"}],"wp:featuredmedia":[{"embeddable":true,"href":"https:\/\/www.europesays.com\/it\/wp-json\/wp\/v2\/media\/262955"}],"wp:attachment":[{"href":"https:\/\/www.europesays.com\/it\/wp-json\/wp\/v2\/media?parent=262954"}],"wp:term":[{"taxonomy":"category","embeddable":true,"href":"https:\/\/www.europesays.com\/it\/wp-json\/wp\/v2\/categories?post=262954"},{"taxonomy":"post_tag","embeddable":true,"href":"https:\/\/www.europesays.com\/it\/wp-json\/wp\/v2\/tags?post=262954"}],"curies":[{"name":"wp","href":"https:\/\/api.w.org\/{rel}","templated":true}]}}