{"id":263212,"date":"2025-12-16T09:29:10","date_gmt":"2025-12-16T09:29:10","guid":{"rendered":"https:\/\/www.europesays.com\/it\/263212\/"},"modified":"2025-12-16T09:29:10","modified_gmt":"2025-12-16T09:29:10","slug":"al-gala-dei-giovani-repubblicani-di-new-york-dove-gli-estremisti-di-destra-di-afd-fanno-festa-la-strategia-di-trump-fantastica-e-quello-che-diciamo-noi-da-10-anni","status":"publish","type":"post","link":"https:\/\/www.europesays.com\/it\/263212\/","title":{"rendered":"Al Gala dei Giovani Repubblicani di New York, dove gli estremisti di destra di AfD fanno festa: \u00abLa strategia di Trump? Fantastica: \u00e8 quello che diciamo noi da 10 anni\u00bb"},"content":{"rendered":"<p>    di<br \/>\n    Francesca Basso e Viviana Mazza<\/p>\n<p class=\"summary-art is-line-h-12\">La soddisfazione del partito di estrema destra tedesca: \u00abPer noi la pubblicazione del documento di Trump \u00e8 stata come festeggiare il compleanno e il Natale insieme\u00bb<\/p>\n<p class=\"chapter-paragraph\">Questo testo \u00e8 stato pubblicato su Europe Matters, la newsletter di Viviana Mazza e Francesca Basso, corrispondenti da New York e Bruxelles. Per riceverla basta andare <a href=\"https:\/\/www.corriere.it\/newsletter\/\" rel=\"nofollow noopener\" target=\"_blank\">qui<\/a>.<\/p>\n<p class=\"chapter-paragraph\">Alla festa annuale del Club dei Giovani Repubblicani di New York, sabato sera a Manhattan, mentre sul palco l\u2019orchestra suonava la colonna sonora del Padrino e gli ospiti infilzavano i tagliolini con funghi e le costolette con patate, Markus Frohnmaier, politico dell\u2019AfD (Alternative f\u00fcr Deutschland) si \u00e8 soffermato per almeno un\u2019ora a parlare con una folla di giornalisti, tra  cui moltissimi tedeschi, bloccati dietro i cordoni in un angolo.\u00a0    &#13;<br \/>\n&#13;<br \/>\n&#13;<br \/>\n&#13;<br \/>\n&#13;<br \/>\n&#13;<br \/>\n&#13;<br \/>\n&#13;<br \/>\n&#13;<br \/>\n&#13;<br \/>\n&#13;<br \/>\n&#13;<br \/>\n&#13;<br \/>\n&#13;<br \/>\n&#13;<br \/>\n&#13;<br \/>\n&#13;<br \/>\n&#13;<br \/>\n&#13;<br \/>\n&#13;<br \/>\n&#13;<br \/>\n&#13;<br \/>\n&#13;<br \/>\n&#13;<br \/>\n&#13;<br \/>\n&#13;<br \/>\n&#13;<br \/>\n&#13;<br \/>\n&#13;<br \/>\n&#13;<br \/>\n&#13;<br \/>\n&#13;<br \/>\n&#13;<br \/>\n&#13;<br \/>\n&#13;<br \/>\n&#13;<br \/>\n&#13;<br \/>\n&#13;<br \/>\n&#13;<br \/>\n&#13;<br \/>\n&#13;<br \/>\n&#13;<br \/>\n&#13;<br \/>\n&#13;<br \/>\n&#13;<br \/>\n&#13;<br \/>\n&#13;<br \/>\n&#13;<br \/>\n&#13;<br \/>\n&#13;<br \/>\n&#13;<br \/>\n&#13;<br \/>\n&#13;\n<\/p>\n<p class=\"chapter-paragraph\">L\u2019arrivo di <b>Frohnmaier, che \u00e8 stato anche premiato al gala<\/b>, e di una delegazione di 19 deputati e eurodeputati dell\u2019AfD era stata anticipata dai giornali americani. Ad un certo punto un membro del club con la kippah ha affiancato Frohnmaier davanti ai giornalisti, fissando le telecamere: \u00abSpero che non le stiano dando troppo fastidio\u00bb, ha detto. \u00ab No, \u00e8 meraviglioso\u00bb, ha replicato il politico tedesco, contento dell\u2019attenzione. \u00abCredo in lei e nel suo partito\u00bb, ha continuato il membro ebreo americano del New York Young Republicans Club.\u00a0<\/p>\n<p class=\"chapter-paragraph\">Per l\u2019AfD \u00e8  gran festa: \u00e8 come \u00abfesteggiare il compleanno e il Natale insieme\u00bb, ci ha detto uno degli europarlamentari del partito, Petr Bystron, all&#8217;inizio della festa quando ai giornalisti era stato permesso di unirsi al cocktail dei Vip per alcuni minuti prima di essere bruscamente ricacciati dietro i cordoni.<\/p>\n<p class=\"chapter-paragraph\">L\u2019accoglienza del club dei Giovani repubblicani di New York per l\u2019AfD non \u00e8 una sorpresa, ci dice Bystron: vengono a questo gala, giunto alla 113esima edizione, da tre-quattro anni (insieme a rappresentanti della Lega, del Front National e di Fidesz che il presidente del club Stefano Forte ha ringraziato dal palco) e alcuni membri del club sono andati pi\u00f9 volte a far visita all&#8217;AfD presso il Bundestag. La novit\u00e0 vera \u00e8<a href=\"https:\/\/links.newsletter.rcsmediagroup.it\/web-only\/z\/wf1ttfcs0znj04?uid=526867d9-dde2-4d4d-85dd-5c4ebd5ead7c&amp;txnid=6b7cb8e3-a436-4dc7-81fa-6b066d924754&amp;mid=0be947a7-5e6a-414e-8d0e-2ac4fb62495f&amp;utid=526867d9-dde2-4d4d-85dd-5c4ebd5ead7c-Newsletter_COR_EUROPE_MATTERS&amp;bsft_aaid=72bb9dec-3452-4075-a63c-0f8d60246a1e&amp;bsft_ek=2025-12-16T06%3A04%3A42Z&amp;bsft_mime_type=html&amp;bsft_tv=587&amp;bsft_lx=4\" target=\"_blank\" rel=\"nofollow noopener\"> la Strategia per la sicurezza nazionale<\/a> appena pubblicata dalla Casa Bianca, che \u00e8 stata una notevole spinta per il partito di estrema destra. Molti leader europei iniziano a temere che l\u2019appoggio dell\u2019amministrazione Trump per i partiti di estrema destra in Europa possa aiutarli a ottenere maggiore legittimit\u00e0 e a portarli al potere. L&#8217;AfD \u00e8 gi\u00e0 primo secondo i sondaggi in cinque elezioni statali nel 2026.  Bystron afferma che \u00abla nuova strategia di sicurezza  ripete quello che noi diciamo da dieci anni come AfD. Quando lo dicevi pubblicamente perdevi il lavoro e venivi cancellato e definito estremista. Adesso viene dalla superpotenza mondiale statunitense in un documento ufficiale: noi avevamo ragione e gli altri avevano torto\u00bb.<\/p>\n<p class=\"chapter-paragraph\">L\u2019europarlamentare <b>menziona anche <a href=\"https:\/\/links.newsletter.rcsmediagroup.it\/web-only\/z\/wt1ptxci0zio04?uid=526867d9-dde2-4d4d-85dd-5c4ebd5ead7c&amp;txnid=6b7cb8e3-a436-4dc7-81fa-6b066d924754&amp;mid=0be947a7-5e6a-414e-8d0e-2ac4fb62495f&amp;utid=526867d9-dde2-4d4d-85dd-5c4ebd5ead7c-Newsletter_COR_EUROPE_MATTERS&amp;bsft_aaid=72bb9dec-3452-4075-a63c-0f8d60246a1e&amp;bsft_ek=2025-12-16T06%3A04%3A42Z&amp;bsft_mime_type=html&amp;bsft_tv=587&amp;bsft_lx=5\" target=\"_blank\" rel=\"nofollow noopener\">\u00abla parte segreta\u00bb<\/a>, del documento che \u00abcita i cinque grandi poteri\u00bb (Usa, Russia, Cina, Giappone, India)<\/b>: \u00abNon solo lo scrivono, lo stanno gi\u00e0 implementando. Per porre fine alla guerra in Ucraina, chi parla? Le superpotenze: Usa e Russia e forse la Cina, sono loro che decidono e non attori a caso come l\u2019Ue o l\u2019Ucraina\u00bb.\u00a0<\/p>\n<p class=\"chapter-paragraph\">Quando gli chiediamo cosa ne pensi della presunta parte segreta del documento che sembra puntare sull\u2019Italia, insieme all&#8217;Ungheria, alla Polonia e all&#8217;Austria per spingere ad una direzione diversa l\u2019Europa, Bystron ride e dice: \u00abMa il modo pi\u00f9 facile sarebbe portare al potere l\u2019AfD in Germania e fermare tutti i pagamenti della Germania all\u2019Unione europea. Una volta che lo fai, l\u2019Ue \u00e8 finita in una settimana, perch\u00e9 tutti se ne andranno\u00bb.<\/p>\n<p class=\"chapter-paragraph\">\u00abL\u2019alleanza tra patrioti americani e tedeschi \u00e8 l\u2019incubo delle \u00e9lite liberali e la speranza del mondo libero\u00bb ha detto Frohnmaier, che \u00e8 il portavoce di politica estera del gruppo dell\u2019AfD nel parlamento federale. Quando gli chiediamo di Giorgia Meloni, la definisce \u00abuna ispirazione\u00bb. \u00abReclamiamo la nostra cultura, le nostre nazioni e rendiamo l\u2019Occidente ancora una volta integro\u00bb, ha dichiarato dal palco il politico tedesco.<\/p>\n<p class=\"chapter-paragraph\">Prima del gala, Frohnmaier ha incontrato la sottosegretaria di Stato Usa per la diplomazia pubblica, Sarah Rogers, che la scorsa settimana ha pubblicato un video che criticava presunti incidenti di censura in Europa. L\u2019AfD \u00e8 stata classificata dall\u2019agenzia di intelligence tedesca come organizzazione estremista di destra, ma Frohnmaier insisteva con i giornalisti tedeschi che \u00e8 solo perch\u00e9 \u00e8 il governo a controllare l\u2019intelligence e che quando l\u2019AfD vincer\u00e0 le elezioni le cose cambieranno.<\/p>\n<p class=\"chapter-paragraph\">Gli ospiti europei si sono trovati comunque nel mezzo di divisioni su Israele nel movimento Make America Great Again. Voci critiche di Israele sono emerse sia nella sinistra (vedi il futuro sindaco di New York Zohran Mamdani) che nella destra. A fine ottobre il popolare presentatore Tucker Carlson ha invitato nel suo programma <b>il nazionalista bianco Nick Fuentes<\/b>, aprendo un dibattito infuocato all\u2019interno del movimento conservatore tra chi crede che si debba dar voce anche alle loro idee e chi crede di no.<\/p>\n<p class=\"chapter-paragraph\">Due mesi fa c\u2019\u00e8 stato anche uno scandalo nel club dei Giovani repubblicani dello Stato di New York per una chat in cui erano stati condivisi messaggi razzisti e antisemiti. Quel club \u00e8 da tempo rivale del club dei Giovani repubblicani della citt\u00e0 di New York &#8212; quello che ha organizzato il gala di sabato. Alcuni hanno accusato proprio il club cittadino di essere all\u2019origine delle rivelazioni dei messaggi razzisti del club statale.<\/p>\n<p class=\"chapter-paragraph\">Il club dei Giovani Repubblicani  di New York ha rifiutato sabato di far entrare al suo gala il nazionalista bianco Nick Fuentes, avvistato all&#8217;uscita. Fuentes ha dichiarato sui social di essere stato inizialmente invitato ma poi respinto perch\u00e9 <a href=\"https:\/\/links.newsletter.rcsmediagroup.it\/web-only\/z\/wf19t0cg0wj004?uid=526867d9-dde2-4d4d-85dd-5c4ebd5ead7c&amp;txnid=6b7cb8e3-a436-4dc7-81fa-6b066d924754&amp;mid=0be947a7-5e6a-414e-8d0e-2ac4fb62495f&amp;utid=526867d9-dde2-4d4d-85dd-5c4ebd5ead7c-Newsletter_COR_EUROPE_MATTERS&amp;bsft_aaid=72bb9dec-3452-4075-a63c-0f8d60246a1e&amp;bsft_ek=2025-12-16T06%3A04%3A42Z&amp;bsft_mime_type=html&amp;bsft_tv=587&amp;bsft_lx=6\" target=\"_blank\" rel=\"nofollow noopener\">\u00abci sarebbe stata una rivolta interna\u00bb<\/a> se fosse stato ammesso, perch\u00e9 \u00e8 \u00abcritico di Israele\u00bb. Un giornalista del sito Politico ha notato invece la presenza in sala di Jared Taylor, definito dai media americani  \u00abnazionalista bianco\u00bb, che per\u00f2 nelle interviste rifiuta quell&#8217;etichetta e si definisce \u00abrealista della razza\u00bb o \u00abdifensore dei bianchi\u00bb. C\u2019era anche Vish Burra, ex segretario esecutivo del club che ha perso un mese fa il lavoro di produttore per il programma tv di un altro presentatore della destra Maga, l\u2019ex deputato repubblicano Matt Gaetz. Burra aveva pubblicato su X un cartone antisemita in cui <a href=\"https:\/\/links.newsletter.rcsmediagroup.it\/web-only\/z\/w91etecj0pcn04?uid=526867d9-dde2-4d4d-85dd-5c4ebd5ead7c&amp;txnid=6b7cb8e3-a436-4dc7-81fa-6b066d924754&amp;mid=0be947a7-5e6a-414e-8d0e-2ac4fb62495f&amp;utid=526867d9-dde2-4d4d-85dd-5c4ebd5ead7c-Newsletter_COR_EUROPE_MATTERS&amp;bsft_aaid=72bb9dec-3452-4075-a63c-0f8d60246a1e&amp;bsft_ek=2025-12-16T06%3A04%3A42Z&amp;bsft_mime_type=html&amp;bsft_tv=587&amp;bsft_lx=7\" target=\"_blank\" rel=\"nofollow noopener\">rappresentava gli ebrei come scarafaggi<\/a>, per poi scusarsi: \u00abFacciamo errori, la vita va avanti, cos\u00ec anche la mia, non vado da nessuna parte\u00bb.<\/p>\n<p class=\"chapter-paragraph\">Un piccolo gruppo di una ventina di politici locali del partito democratico ha protestato davanti all\u2019entrata del gala sabato sera, ma solo per breve tempo: aveva iniziato a nevicare e faceva un freddo micidiale. Ma un manifestante si \u00e8 intrufolato all&#8217;evento con al braccio una fascia con la svastica, gridando \u00abCredo che siamo tutti nazisti!\u00bb. Il deputato del Tennessee Andy Ogles, che era tra gli speaker della serata, ha accusato l&#8217;intruso di essere \u00abun comunista sostenitore di Mamdani\u00bb che cerca di creare \u00abostilit\u00e0 anti-Maga\u00bb (il manifestante ha pi\u00f9 tardi affermato di essere ebreo e orgoglioso di esserlo). L&#8217;intruso \u00e8 stato buttato fuori, ma \u00e8 rimasto sul marciapiedi davanti a Cipriani a protestare. <a href=\"https:\/\/links.newsletter.rcsmediagroup.it\/web-only\/z\/wh1gtvci00qn04?uid=526867d9-dde2-4d4d-85dd-5c4ebd5ead7c&amp;txnid=6b7cb8e3-a436-4dc7-81fa-6b066d924754&amp;mid=0be947a7-5e6a-414e-8d0e-2ac4fb62495f&amp;utid=526867d9-dde2-4d4d-85dd-5c4ebd5ead7c-Newsletter_COR_EUROPE_MATTERS&amp;bsft_aaid=72bb9dec-3452-4075-a63c-0f8d60246a1e&amp;bsft_ek=2025-12-16T06%3A04%3A42Z&amp;bsft_mime_type=html&amp;bsft_tv=587&amp;bsft_lx=8\" target=\"_blank\" rel=\"nofollow noopener\">In un video<\/a> si vede un giovane con il frac, Hayden McDougall, autore di un blog antifemminista, che accetta la fascia con la svastica che gli porge il manifestante e dice che gli \u00abpiacerebbe\u00bb essere nazista, ma aggiunge che Trump non \u00e8 razzista e che i confini sono necessari. A quel punto esce fuori dal gala un Giovane Repubblicano del club, Kevin Smith, che schiaffeggia McDougall, lo insulta e lo costringe alla fuga. Poi, a giudicare dal profilo su X di McDougall hanno fatto la pace: \u00ab\u00c8 stato un fraintendimento\u00bb (McDougall ha detto che stava solo \u00abtrollando\u00bb il manifestante).<\/p>\n<p class=\"chapter-paragraph\">Assenti dall\u2019evento cinque politici repubblicani, incluso un membro del Congresso, dei quali era stata inizialmente annunciata la partecipazione. Tra loro un membro del consiglio comunale di New York, Inna Vernikov, che nel gala del 2023 fu fatta salire su palcoscenico da Trump indossando una gonna con la bandiera di Israele. Il giorno dopo il gala Vernikov, in seguito alla strage in Australia durante le celebrazioni per Hannukah, ha lanciato sui social <a href=\"https:\/\/links.newsletter.rcsmediagroup.it\/web-only\/z\/w01nt8ck0wsm04?uid=526867d9-dde2-4d4d-85dd-5c4ebd5ead7c&amp;txnid=6b7cb8e3-a436-4dc7-81fa-6b066d924754&amp;mid=0be947a7-5e6a-414e-8d0e-2ac4fb62495f&amp;utid=526867d9-dde2-4d4d-85dd-5c4ebd5ead7c-Newsletter_COR_EUROPE_MATTERS&amp;bsft_aaid=72bb9dec-3452-4075-a63c-0f8d60246a1e&amp;bsft_ek=2025-12-16T06%3A04%3A42Z&amp;bsft_mime_type=html&amp;bsft_tv=587&amp;bsft_lx=9\" target=\"_blank\" rel=\"nofollow noopener\">un messaggio ai repubblicani<\/a>: \u00abPer anni la retorica antisemita ha dominato la Sinistra e ha infiltrato il partito democratico. Sfortunatamente oggi lo stesso veleno ha penetrato parti del movimento conservatore e l\u2019ala di estrema destra del partito repubblicano. Lunatici come Nick Fuentes, Candace Owens e Tucker Carlson, che sputano retorica intollerante, razzista e antisemita dovrebbero essere condannati e scomunicati dal partito repubblicano e non essere mai pi\u00f9 accolti. Mi dissocio da ogni evento, individuo o organizzazione democratica o repubblicana che d\u00e0 il benvenuto a questi intolleranti tra di noi, che li difende o amplifica le loro voci\u00bb. Anche il club aveva un suo messaggio il giorno dopo la strage: \u00abL\u2019orrendo attacco in Australia l\u2019altra notte \u00e8 una ulteriore prova che la Ri-migrazione \u00e8 l\u2019unica via per andare avanti nei Paesi occidentali. America, Germania, Australia e il resto dell\u2019Europa devono applicare le Ri-migrazioni oppure altri attentati come questo saranno inevitabili\u00bb.<\/p>\n<p class=\"chapter-paragraph\">Presente al gala, oltre a Ogles, un altro deputato repubblicano, Michael Collins della Georgia, e gli influencer Benny Johnson e Jack Posobiec, che hanno fatto discorsi profondamente critici di Mamdani. Il capo della comunicazione del club, Lucian Wintrich, ha cercato ripetutamente di lasciare che noi giornalisti ci potessimo avvinare ai tavoli degli ospiti com&#8217;era stato l&#8217;anno scorso, ma siamo stati reclusi dalla sicurezza all\u2019interno di una zona separata, mentre invece un paio di manifestanti riuscivano a infiltrarsi da fuori.<\/p>\n<p class=\"chapter-paragraph\">Alla fine dell&#8217;evento, finalmente liberi di muoverci tra i tavoli, abbiamo incontrato l&#8217;imprenditore italiano Mirko Ruto. Prima di uscire gli ospiti potevano prendere come ricordo dell&#8217;evento uno dei suoi cofanetti con il logo del club dei Giovani Repubblicani di New York e quello della sua azienda, Tfs Food Process, con la scritta \u00abMade in Italy\u00bb, \u00abGala, 13 dicembre 2025\u00bb, \u00aba Gift of Italian excellence\u00bb (un dono di eccellenza italiana). Contenevano crema di arachidi senza glutine e altre creme al pistacchio e alle noci di macadamia. Ruto ci ha detto che per la Lega c\u2019erano Isabella Tovaglieri, Davide Quadri e Luca Toccalini, che per\u00f2 non siamo riusciti a incontrare.<\/p>\n<p class=\"is-last-update\" datetime=\"2025-12-16T09:26:20+01:00\">16 dicembre 2025 ( modifica il 16 dicembre 2025 | 09:26)<\/p>\n<p class=\"is-copyright\">\n            \u00a9 RIPRODUZIONE RISERVATA\n        <\/p>\n","protected":false},"excerpt":{"rendered":"di Francesca Basso e Viviana Mazza La soddisfazione del partito di estrema destra tedesca: \u00abPer noi la pubblicazione&hellip;\n","protected":false},"author":3,"featured_media":263213,"comment_status":"","ping_status":"","sticky":false,"template":"","format":"standard","meta":{"footnotes":""},"categories":[160],"tags":[5623,47267,2032,2017,32,19399,3631,6381,154540,154541,154542,154535,154543,15483,356,631,554,154532,154533,5163,154544,38727,154545,37037,1367,14,164,165,11535,9961,6802,16922,154546,3177,766,6925,6803,36787,123,18152,18153,19961,3085,1727,451,2097,3074,154547,2217,35653,154548,154549,154534,154536,19624,154550,3044,807,229,1598,154528,154529,11056,11852,952,955,44478,26839,72,109,8963,75725,35300,154537,10914,8797,154551,6411,166,2783,154552,4050,35293,154538,154553,11040,11041,7,7385,154539,15,154554,856,9424,2298,29,5168,154555,154556,130055,233,332,154557,2428,154558,6148,30391,154530,154531,29218,2841,863,8756,19397,379,11,167,12,168,410,161,162,163,16860],"class_list":{"0":"post-263212","1":"post","2":"type-post","3":"status-publish","4":"format-standard","5":"has-post-thumbnail","7":"category-mondo","8":"tag-accusato","9":"tag-afd","10":"tag-america","11":"tag-americani","12":"tag-andare","13":"tag-antisemita","14":"tag-australia","15":"tag-bianco","16":"tag-bianco-nick","17":"tag-bianco-nick-fuentes","18":"tag-burra","19":"tag-bystron","20":"tag-carlson","21":"tag-chiediamo","22":"tag-cina","23":"tag-cinque","24":"tag-club","25":"tag-club-giovani","26":"tag-club-giovani-repubblicani","27":"tag-compleanno","28":"tag-compleanno-natale","29":"tag-conservatore","30":"tag-cordoni","31":"tag-crede","32":"tag-credo","33":"tag-cronaca","34":"tag-dal-mondo","35":"tag-dalmondo","36":"tag-definisce","37":"tag-definito","38":"tag-democratico","39":"tag-deputato","40":"tag-deputato-repubblicano","41":"tag-destra","42":"tag-dichiarato","43":"tag-diciamo","44":"tag-documento","45":"tag-ebreo","46":"tag-elezioni","47":"tag-estrema","48":"tag-estrema-destra","49":"tag-estremista","50":"tag-europa","51":"tag-europei","52":"tag-evento","53":"tag-far","54":"tag-fascia","55":"tag-fascia-svastica","56":"tag-festa","57":"tag-festeggiare","58":"tag-festeggiare-compleanno","59":"tag-festeggiare-compleanno-natale","60":"tag-frohnmaier","61":"tag-fuentes","62":"tag-gala","63":"tag-gala-sabato","64":"tag-germania","65":"tag-giornalisti","66":"tag-giovane","67":"tag-giovani","68":"tag-giovani-repubblicani","69":"tag-giovani-repubblicani-new","70":"tag-incontrato","71":"tag-inizialmente","72":"tag-intelligence","73":"tag-interno","74":"tag-intruso","75":"tag-invitato","76":"tag-israele","77":"tag-lega","78":"tag-maga","79":"tag-mamdani","80":"tag-manifestante","81":"tag-mcdougall","82":"tag-membro","83":"tag-messaggi","84":"tag-messaggi-razzisti","85":"tag-messaggio","86":"tag-mondo","87":"tag-movimento","88":"tag-movimento-conservatore","89":"tag-natale","90":"tag-nazionalista","91":"tag-nazionalista-bianco","92":"tag-nazionalista-bianco-nick","93":"tag-new","94":"tag-new-york","95":"tag-news","96":"tag-nick","97":"tag-nick-fuentes","98":"tag-notizie","99":"tag-ogles","100":"tag-organizzazione","101":"tag-ospiti","102":"tag-palco","103":"tag-partito","104":"tag-partito-democratico","105":"tag-partito-estrema","106":"tag-partito-estrema-destra","107":"tag-partito-repubblicano","108":"tag-politici","109":"tag-politico","110":"tag-politico-tedesco","111":"tag-potere","112":"tag-potere-afd","113":"tag-pubblicato","114":"tag-repubblicani","115":"tag-repubblicani-new","116":"tag-repubblicani-new-york","117":"tag-repubblicano","118":"tag-sabato","119":"tag-sicurezza","120":"tag-strategia","121":"tag-tedeschi","122":"tag-trump","123":"tag-ultime-notizie","124":"tag-ultime-notizie-di-mondo","125":"tag-ultimenotizie","126":"tag-ultimenotiziedimondo","127":"tag-usa","128":"tag-world","129":"tag-world-news","130":"tag-worldnews","131":"tag-york"},"share_on_mastodon":{"url":"","error":"Validation failed: Text character limit of 500 exceeded"},"_links":{"self":[{"href":"https:\/\/www.europesays.com\/it\/wp-json\/wp\/v2\/posts\/263212","targetHints":{"allow":["GET"]}}],"collection":[{"href":"https:\/\/www.europesays.com\/it\/wp-json\/wp\/v2\/posts"}],"about":[{"href":"https:\/\/www.europesays.com\/it\/wp-json\/wp\/v2\/types\/post"}],"author":[{"embeddable":true,"href":"https:\/\/www.europesays.com\/it\/wp-json\/wp\/v2\/users\/3"}],"replies":[{"embeddable":true,"href":"https:\/\/www.europesays.com\/it\/wp-json\/wp\/v2\/comments?post=263212"}],"version-history":[{"count":0,"href":"https:\/\/www.europesays.com\/it\/wp-json\/wp\/v2\/posts\/263212\/revisions"}],"wp:featuredmedia":[{"embeddable":true,"href":"https:\/\/www.europesays.com\/it\/wp-json\/wp\/v2\/media\/263213"}],"wp:attachment":[{"href":"https:\/\/www.europesays.com\/it\/wp-json\/wp\/v2\/media?parent=263212"}],"wp:term":[{"taxonomy":"category","embeddable":true,"href":"https:\/\/www.europesays.com\/it\/wp-json\/wp\/v2\/categories?post=263212"},{"taxonomy":"post_tag","embeddable":true,"href":"https:\/\/www.europesays.com\/it\/wp-json\/wp\/v2\/tags?post=263212"}],"curies":[{"name":"wp","href":"https:\/\/api.w.org\/{rel}","templated":true}]}}