{"id":263321,"date":"2025-12-16T11:09:14","date_gmt":"2025-12-16T11:09:14","guid":{"rendered":"https:\/\/www.europesays.com\/it\/263321\/"},"modified":"2025-12-16T11:09:14","modified_gmt":"2025-12-16T11:09:14","slug":"van-der-poel-un-buon-esordio-anche-se-sono-volutamente-un-po-indietro-con-la-condizione","status":"publish","type":"post","link":"https:\/\/www.europesays.com\/it\/263321\/","title":{"rendered":"VAN DER POEL. \u00abUN BUON ESORDIO, ANCHE SE SONO VOLUTAMENTE UN PO&#8217; INDIETRO CON LA CONDIZIONE\u00bb"},"content":{"rendered":"<p><strong>L&#8217;esordio stagionale di Mathieu Van der Poel<\/strong> nel ciclocross, con il ritorno alle gare dopo un lungo stop, non \u00e8 stato facile come quello dello scorso: per conquistare la vittoria l\u2019olandese ha dovuto lottare contro un Thibau Nys veramente agguerrito.\n            <\/p>\n<p>\u00ab<strong>L&#8217;anno scorso sono stato molto bravo, troppo veloce.<\/strong> Ecco perch\u00e9 ho chiesto una preparazione pi\u00f9 graduale \u2013 ha detto Van der Poel dopo aver tagliato il traguardo \u2013 Alla fine per\u00f2 ci sono riuscito\u00bb.\n            <\/p>\n<p>Se da una parte Van der Poel esultava per il suo primo successo stagionale nel ciclocross, dall\u2019altra parte c\u2019era Thibau Nys che invece ha dovuto fare i conti con una sconfitta amara, arrivata anche per colpa di una brutta caduta.<\/p>\n<p>La ruota anteriore del belga \u00e8 scivolata e lui non \u00e8 pi\u00f9 riuscito a recuperare il controllo della bici: cos\u00ec Nys ha dovuto dire addio alla sua quinta vittoria stagionale, a quaranta punti per la classifica di Coppa del Mondo, ma soprattutto ad una possibile vittoria contro Mathieu van der Poel.<\/p>\n<p>Ogni anno, verso met\u00e0 dicembre, quando Van der Poel sta per tornare sulla scena del ciclocross, la domanda cruciale \u00e8: <strong>qualcuno, escluso Wout van Aert, riuscir\u00e0 finalmente ad avvicinarsi al campione del mondo?<\/strong> Negli ultimi anni nessuno pensava a una possibilit\u00e0 di sconfitta, ma Nys, grazie anche alle sue doti di figlio d\u2019arte, aveva fatto immaginare qualcosa di bello per il Belgio.<\/p>\n<p>La gara \u00e8 stata combattuta e anche l\u2019olandese \u00e8 finito a terra, per rialzarsi velocemente subito dopo. \u00ab<strong>La mia caduta \u00e8 stata un errore di sterzo; non sono riuscito a girare il manubrio della bici in tempo<\/strong>, ed \u00e8 stato impossibile correggere. Ho commesso qualche errore, ma per essere il primo ciclocross della stagione, \u00e8 andata decisamente bene. Credo che sia stato soprattutto lo sforzo fatto a costarmi caro. Tecnicamente per\u00f2 posso dire di essere andato bene\u00bb.<\/p>\n<p>\u00ab<strong>\u00c8 stata una gara in linea con le mie aspettative.<\/strong> Avevo previsto che sarebbe stato molto difficile vincere. Tecnicamente, \u00e8 andata abbastanza bene per un circuito come questo, a parte qualche errore. <strong>\u00c8 soprattutto l&#8217;impegno che devo migliorare<\/strong>\u00bb.<\/p>\n<p>Ma il fatto che le cose non siano andate cos\u00ec bene a Namur fa parte di un piano preciso. Tutti ricordano gli assoli dell\u2019olandese ed era chiaro che nessuno lo avrebbe potuto impensierire. \u00ab<strong>Sono volutamente un po&#8217; meno avanti rispetto alla scorsa stagione<\/strong>. Lo scorso anno ho iniziato subito a stare bene e ad essere veloce sia in gara che in allenamento. Sono stato subito super, ma non sono migliorato molto in vista dei Campionati del Mondo. Ecco perch\u00e9 ho chiesto di aumentare gradualmente il mio livello. <strong>La mia base ora \u00e8 buona, perch\u00e9 mi sono gi\u00e0 allenato per molte ore, ma con meno intensit\u00e0 rispetto all&#8217;anno scorso<\/strong>\u00bb.<\/p>\n<p>L\u2019obiettivo, come tutti sanno, \u00e8 il Campionato del Mondo, che si correr\u00e0 nella terra di Mathieu van der Poel: l\u2019olandese \u00e8 alla ricerca dell\u2019ottavo titolo iridato, per scrivere un nuovo record incredibile.<\/p>\n<p>La prossima settimana, Van der Poel affronter\u00e0 il suo rivale di lunga data Wout Van Aert ad Anversa. C\u2019\u00e8 molta attesa per questa gara, perch\u00e9 da sempre la rivalit\u00e0 tra il belga e l\u2019olandese, ha infuocato i sentieri fangosi del ciclocross. <strong>\u00abWout se la caver\u00e0 sicuramente senza problemi; ci saranno delle battaglie emozionanti. Ne sono convinto\u00bb.<\/strong><\/p>\n","protected":false},"excerpt":{"rendered":"L&#8217;esordio stagionale di Mathieu Van der Poel nel ciclocross, con il ritorno alle gare dopo un lungo stop,&hellip;\n","protected":false},"author":3,"featured_media":263322,"comment_status":"","ping_status":"","sticky":false,"template":"","format":"standard","meta":{"footnotes":""},"categories":[1456],"tags":[1824,21184,1825,1537,90,89,153066,245,244,44738],"class_list":{"0":"post-263321","1":"post","2":"type-post","3":"status-publish","4":"format-standard","5":"has-post-thumbnail","7":"category-ciclismo","8":"tag-ciclismo","9":"tag-ciclocross","10":"tag-cycling","11":"tag-it","12":"tag-italia","13":"tag-italy","14":"tag-nys","15":"tag-sport","16":"tag-sports","17":"tag-van-der-poel"},"share_on_mastodon":{"url":"https:\/\/pubeurope.com\/@it\/115728938600500035","error":""},"_links":{"self":[{"href":"https:\/\/www.europesays.com\/it\/wp-json\/wp\/v2\/posts\/263321","targetHints":{"allow":["GET"]}}],"collection":[{"href":"https:\/\/www.europesays.com\/it\/wp-json\/wp\/v2\/posts"}],"about":[{"href":"https:\/\/www.europesays.com\/it\/wp-json\/wp\/v2\/types\/post"}],"author":[{"embeddable":true,"href":"https:\/\/www.europesays.com\/it\/wp-json\/wp\/v2\/users\/3"}],"replies":[{"embeddable":true,"href":"https:\/\/www.europesays.com\/it\/wp-json\/wp\/v2\/comments?post=263321"}],"version-history":[{"count":0,"href":"https:\/\/www.europesays.com\/it\/wp-json\/wp\/v2\/posts\/263321\/revisions"}],"wp:featuredmedia":[{"embeddable":true,"href":"https:\/\/www.europesays.com\/it\/wp-json\/wp\/v2\/media\/263322"}],"wp:attachment":[{"href":"https:\/\/www.europesays.com\/it\/wp-json\/wp\/v2\/media?parent=263321"}],"wp:term":[{"taxonomy":"category","embeddable":true,"href":"https:\/\/www.europesays.com\/it\/wp-json\/wp\/v2\/categories?post=263321"},{"taxonomy":"post_tag","embeddable":true,"href":"https:\/\/www.europesays.com\/it\/wp-json\/wp\/v2\/tags?post=263321"}],"curies":[{"name":"wp","href":"https:\/\/api.w.org\/{rel}","templated":true}]}}