{"id":263427,"date":"2025-12-16T12:53:11","date_gmt":"2025-12-16T12:53:11","guid":{"rendered":"https:\/\/www.europesays.com\/it\/263427\/"},"modified":"2025-12-16T12:53:11","modified_gmt":"2025-12-16T12:53:11","slug":"cose-questa-ormai-famosa-variante-k-dellinfluenza-come-si-diffonde-quali-i-sintomi-e-se-i-vaccini-sono-efficaci","status":"publish","type":"post","link":"https:\/\/www.europesays.com\/it\/263427\/","title":{"rendered":"Cos&#8217;\u00e8 questa ormai famosa variante K dell&#8217;influenza, come si diffonde, quali i sintomi (e se i vaccini sono efficaci)"},"content":{"rendered":"<p>L&#8217;<a href=\"https:\/\/www.wired.it\/article\/influenza-cosa-dicono-i-dati-monitoraggio-previsioni-italia-regioni-piu-colpite\/\" target=\"_blank\" rel=\"nofollow noopener\"><strong>influenza<\/strong><\/a> sta cominciando a mettere ko sempre pi\u00f9 italiani. E l&#8217;attenzione in questi giorni \u00e8 rivolta alla <strong>variante K<\/strong> del <a href=\"https:\/\/www.wired.it\/article\/epidemia-di-influenza-anomala-in-giappone-cosa-significa-per-altri-paesi-europa\/\" target=\"_blank\" rel=\"nofollow noopener\"><strong>ceppo A (H3N2)<\/strong><\/a>, un virus che sta circolando gi\u00e0 in diversi Paesi e che ha mostrato una <a href=\"https:\/\/www.wired.it\/article\/stagione-influenza-2025-2026-cosa-aspettarsi-come-proteggersi-vaccini-autorizzati\/\" target=\"_blank\" rel=\"nofollow noopener\"><strong>diffusione<\/strong><\/a> pi\u00f9 ampia e rapida del previsto. A riferirlo \u00e8 l&#8217;Organizzazione mondiale della sanit\u00e0 (Oms), che in un recente <a href=\"https:\/\/www.who.int\/emergencies\/disease-outbreak-news\/item\/2025-DON586#:~:text=Subclade%20K%20viruses%20were%20particularly,over%20the%20last%206%20months.&amp;text=Influenza%20detections%20in%20the%20WHO,influenza%20A(H3N2)%20predominant.\" target=\"_blank\" rel=\"nofollow noopener\">approfondimento<\/a> ha fornito l&#8217;identikit della <strong>variante K<\/strong>, la sua diffusione e l&#8217;efficacia dei vaccini.<\/p>\n<p>La stagione influenzale<\/p>\n<p>Stando a quanto riferito dall&#8217;Oms, sebbene rimanga entro i <strong>limiti stagionali<\/strong> previsti, l&#8217;attivit\u00e0 influenzale stagionale \u00e8 <strong>aumentata<\/strong> a livello globale negli ultimi mesi, con un aumento della percentuale di <a href=\"https:\/\/www.wired.it\/article\/svelato-meccanismo-segreto-influenza-convince-cellule-trasportarlo-iniziare-infezione\/\" target=\"_blank\" rel=\"nofollow noopener\">virus influenzali<\/a> stagionali <strong>A(H3N2)<\/strong> rilevati. \u201cQuesto aumento coincide con l&#8217;inizio dell&#8217;<strong>inverno<\/strong> nell&#8217;emisfero settentrionale e con un aumento delle <strong>infezioni respiratorie acute<\/strong> causate dall&#8217;influenza e da altri virus respiratori tipicamente osservati in questo periodo dell&#8217;anno\u201d, spiegano gli esperti, ricordando che i virus influenzali stagionali, inclusi i <strong>virus A(H3N2<\/strong>), evolvono continuamente nel tempo. \u201cDall&#8217;agosto 2025, si \u00e8 registrato un <a href=\"https:\/\/www.wired.it\/article\/influenza-diffusione-cambiamenti-dopo-pandemia-covid-19\/\" target=\"_blank\" rel=\"nofollow noopener\"><strong>rapido aumento<\/strong><\/a> dei virus A(H3N2) J.2.4.1 alias <strong>sottoclade K<\/strong> rilevati in diversi paesi sulla base dei dati di <strong>sequenza genetica<\/strong> disponibili\u201d, continuano gli esperti. \u201cQuesti virus sottoclade K presentano diverse differenze rispetto ai virus A(H3N2) correlati\u201d.<\/p>\n<p>La variante K<\/p>\n<p>Ad oggi gli attuali dati epidemiologici, come precisano dall&#8217;Oms, non indicano un aumento della <strong>gravit\u00e0 della malattia<\/strong>, in termini di ricoveri ospedalieri, ricoveri in terapia intensiva o decessi, sebbene la variante K segni una notevole <strong>evoluzione<\/strong> nei virus influenzali A(H3N2). Tra i <a href=\"https:\/\/www.wired.it\/article\/kit-influenza-stagionale\/\" target=\"_blank\" rel=\"nofollow noopener\">sintomi<\/a> pi\u00f9 comuni, che sono spesso pi\u00f9 <a href=\"https:\/\/www.wired.it\/scienza\/medicina\/2019\/09\/25\/influenza-autunno-inverno-2019\/\" target=\"_blank\" rel=\"nofollow noopener\">gravi<\/a> rispetto ai ceppi A (H1N1), si segnalano <strong>febbre alta<\/strong>, stanchezza, dolori muscolari intensi, mal di gola, brividi, naso che cola ma anche vomito e diarrea, soprattutto tra i bambini. Se non trattata adeguatamente, inoltre, l\u2019infezione della <strong>variante K<\/strong> pu\u00f2 causare <a href=\"https:\/\/www.wired.it\/lifestyle\/salute\/2017\/10\/16\/influenza-italiani-malattia\/\" target=\"_blank\" rel=\"nofollow noopener\"><strong>complicanze<\/strong><\/a>, come infezioni dell&#8217;orecchio, bronchiti e polmoniti, soprattutto negli over 65, bambini, le donne incinte e chi soffre di patologie croniche preesistenti.<\/p>\n<p>L&#8217;efficacia del vaccino<\/p>\n<p>Le prime stime suggeriscono che il <a href=\"https:\/\/www.wired.it\/article\/copertura-vaccinale-antinfluenzale-italia-numeri-obiettivi-andamento-storico\/\" target=\"_blank\" rel=\"nofollow noopener\"><strong>vaccino antinfluenzale<\/strong><\/a> continua a fornire protezione contro il ricovero ospedaliero sia nei bambini che negli adulti, \u201csebbene la sua efficacia contro la malattia clinica durante la stagione in corso rimanga incerta\u201d, <a href=\"https:\/\/www.who.int\/emergencies\/disease-outbreak-news\/item\/2025-DON586#:~:text=Subclade%20K%20viruses%20were%20particularly,over%20the%20last%206%20months.&amp;text=Influenza%20detections%20in%20the%20WHO,influenza%20A(H3N2)%20predominant.\" target=\"_blank\" rel=\"nofollow noopener\">riferiscono<\/a> gli esperti. Tuttavia, come ribadisce l&#8217;Oms, i <strong>vaccini<\/strong> rimangono <strong>essenziali<\/strong>, soprattutto per le persone ad alto rischio di complicanze influenzali e per chi si prende cura di loro. \u201cAnche se esistono alcune differenze genetiche tra i virus influenzali circolanti e i ceppi inclusi nei vaccini, il <strong>vaccino antinfluenzale<\/strong> stagionale pu\u00f2 comunque fornire <a href=\"https:\/\/www.wired.it\/article\/influenza-vaccino-universale-primi-passi\/\" target=\"_blank\" rel=\"nofollow noopener\"><strong>protezione<\/strong><\/a> contro i virus derivati \u200b\u200be gli altri ceppi virali inclusi nel vaccino\u201d, concludono gli esperti. \u201cSi prevede che la vaccinazione protegga ancora dalle malattie gravi e rimanga una delle <strong>misure di salute pubblica<\/strong> pi\u00f9 efficaci\u201d.<\/p>\n<p>L&#8217;Italia verso il picco<\/p>\n<p>Stando all&#8217;ultimo bollettino di sorveglianza <a data-offer-url=\"https:\/\/respivirnet.iss.it\/pagine\/rapportoInflunet.aspx\" class=\"external-link\" data-event-click=\"{&quot;element&quot;:&quot;ExternalLink&quot;,&quot;outgoingURL&quot;:&quot;https:\/\/respivirnet.iss.it\/pagine\/rapportoInflunet.aspx&quot;}\" href=\"https:\/\/respivirnet.iss.it\/pagine\/rapportoInflunet.aspx\" rel=\"nofollow noopener\" target=\"_blank\">RespiVirNet<\/a>, pubblicato dall&#8217;<strong>Istituto Superiore di Sanit\u00e0<\/strong> (Iss) e relativo alla settimana dall&#8217;1 al 7 dicembre, l\u2019incidenza totale delle infezioni respiratorie acute \u00e8 pari a <strong>12,4 casi<\/strong> per 1.000 assistiti, in <strong>aumento<\/strong> rispetto alla settimana precedente. L\u2019incidenza pi\u00f9 elevata, come spiegano gli esperti, si \u00e8 osservata tra i pi\u00f9 <strong>piccoli<\/strong>, precisamente nella fascia di et\u00e0 0-4 anni, con circa 38 casi per 1.000 assistiti. Per quanto riguarda la caratterizzazione dei <a href=\"https:\/\/www.wired.it\/article\/sintomi-influenza-quanto-durano-picco\/\" target=\"_blank\" rel=\"nofollow noopener\">virus influenzali<\/a>, la percentuale di <strong>virus A(H3N2)<\/strong> \u00e8 di molto maggiore rispetto ai virus A(H1N1) pdm09.<\/p>\n","protected":false},"excerpt":{"rendered":"L&#8217;influenza sta cominciando a mettere ko sempre pi\u00f9 italiani. E l&#8217;attenzione in questi giorni \u00e8 rivolta alla variante&hellip;\n","protected":false},"author":3,"featured_media":263428,"comment_status":"","ping_status":"","sticky":false,"template":"","format":"standard","meta":{"footnotes":""},"categories":[175],"tags":[239,7944,1537,90,89,240],"class_list":{"0":"post-263427","1":"post","2":"type-post","3":"status-publish","4":"format-standard","5":"has-post-thumbnail","7":"category-salute","8":"tag-health","9":"tag-influenza","10":"tag-it","11":"tag-italia","12":"tag-italy","13":"tag-salute"},"share_on_mastodon":{"url":"https:\/\/pubeurope.com\/@it\/115729347672842818","error":""},"_links":{"self":[{"href":"https:\/\/www.europesays.com\/it\/wp-json\/wp\/v2\/posts\/263427","targetHints":{"allow":["GET"]}}],"collection":[{"href":"https:\/\/www.europesays.com\/it\/wp-json\/wp\/v2\/posts"}],"about":[{"href":"https:\/\/www.europesays.com\/it\/wp-json\/wp\/v2\/types\/post"}],"author":[{"embeddable":true,"href":"https:\/\/www.europesays.com\/it\/wp-json\/wp\/v2\/users\/3"}],"replies":[{"embeddable":true,"href":"https:\/\/www.europesays.com\/it\/wp-json\/wp\/v2\/comments?post=263427"}],"version-history":[{"count":0,"href":"https:\/\/www.europesays.com\/it\/wp-json\/wp\/v2\/posts\/263427\/revisions"}],"wp:featuredmedia":[{"embeddable":true,"href":"https:\/\/www.europesays.com\/it\/wp-json\/wp\/v2\/media\/263428"}],"wp:attachment":[{"href":"https:\/\/www.europesays.com\/it\/wp-json\/wp\/v2\/media?parent=263427"}],"wp:term":[{"taxonomy":"category","embeddable":true,"href":"https:\/\/www.europesays.com\/it\/wp-json\/wp\/v2\/categories?post=263427"},{"taxonomy":"post_tag","embeddable":true,"href":"https:\/\/www.europesays.com\/it\/wp-json\/wp\/v2\/tags?post=263427"}],"curies":[{"name":"wp","href":"https:\/\/api.w.org\/{rel}","templated":true}]}}