{"id":263456,"date":"2025-12-16T13:19:11","date_gmt":"2025-12-16T13:19:11","guid":{"rendered":"https:\/\/www.europesays.com\/it\/263456\/"},"modified":"2025-12-16T13:19:11","modified_gmt":"2025-12-16T13:19:11","slug":"migliori-giocatori-under-20-del-mondo-lamine-yamal-1-classifica-iffhs-2025","status":"publish","type":"post","link":"https:\/\/www.europesays.com\/it\/263456\/","title":{"rendered":"Migliori giocatori under 20 del mondo: Lamine Yamal 1^. Classifica Iffhs 2025"},"content":{"rendered":"<p>Nessun dubbio per la &#8216;Federazione Internazionale di Storia e Statistica del Calcio&#8217;, che premia Lamine Yamal per la seconda volta consecutiva come miglior Under 20 dell&#8217;anno. Gi\u00e0 alle spalle di Demb\u00e9l\u00e9 tra i &#8216;big&#8217;, il campioncino del Barcellona domina la top 10 dove c&#8217;\u00e8 anche lo juventino Kenan Yildiz. Ecco tutti i punteggi e l&#8217;albo d&#8217;oro<\/p>\n<p><a href=\"https:\/\/sport.sky.it\/video\/highlights?intcmp=skysport_hp_hot-topics_hlroom\" target=\"_blank\" data-intcmp=\"skysport_photogallery_interlink_text\" rel=\"nofollow noopener\"><strong>GLI HIGHLIGHTS DI SKY SPORT<\/strong><\/a><\/p>\n","protected":false},"excerpt":{"rendered":"Nessun dubbio per la &#8216;Federazione Internazionale di Storia e Statistica del Calcio&#8217;, che premia Lamine Yamal per la&hellip;\n","protected":false},"author":3,"featured_media":263457,"comment_status":"","ping_status":"","sticky":false,"template":"","format":"standard","meta":{"footnotes":""},"categories":[176],"tags":[351,1725,1537,90,89,558,31069,33787,245,244],"class_list":{"0":"post-263456","1":"post","2":"type-post","3":"status-publish","4":"format-standard","5":"has-post-thumbnail","7":"category-sport","8":"tag-barcellona","9":"tag-fotogallery","10":"tag-it","11":"tag-italia","12":"tag-italy","13":"tag-juventus","14":"tag-kenan-yildiz","15":"tag-lamine-yamal","16":"tag-sport","17":"tag-sports"},"share_on_mastodon":{"url":"https:\/\/pubeurope.com\/@it\/115729449987245026","error":""},"_links":{"self":[{"href":"https:\/\/www.europesays.com\/it\/wp-json\/wp\/v2\/posts\/263456","targetHints":{"allow":["GET"]}}],"collection":[{"href":"https:\/\/www.europesays.com\/it\/wp-json\/wp\/v2\/posts"}],"about":[{"href":"https:\/\/www.europesays.com\/it\/wp-json\/wp\/v2\/types\/post"}],"author":[{"embeddable":true,"href":"https:\/\/www.europesays.com\/it\/wp-json\/wp\/v2\/users\/3"}],"replies":[{"embeddable":true,"href":"https:\/\/www.europesays.com\/it\/wp-json\/wp\/v2\/comments?post=263456"}],"version-history":[{"count":0,"href":"https:\/\/www.europesays.com\/it\/wp-json\/wp\/v2\/posts\/263456\/revisions"}],"wp:featuredmedia":[{"embeddable":true,"href":"https:\/\/www.europesays.com\/it\/wp-json\/wp\/v2\/media\/263457"}],"wp:attachment":[{"href":"https:\/\/www.europesays.com\/it\/wp-json\/wp\/v2\/media?parent=263456"}],"wp:term":[{"taxonomy":"category","embeddable":true,"href":"https:\/\/www.europesays.com\/it\/wp-json\/wp\/v2\/categories?post=263456"},{"taxonomy":"post_tag","embeddable":true,"href":"https:\/\/www.europesays.com\/it\/wp-json\/wp\/v2\/tags?post=263456"}],"curies":[{"name":"wp","href":"https:\/\/api.w.org\/{rel}","templated":true}]}}