{"id":263505,"date":"2025-12-16T13:53:14","date_gmt":"2025-12-16T13:53:14","guid":{"rendered":"https:\/\/www.europesays.com\/it\/263505\/"},"modified":"2025-12-16T13:53:14","modified_gmt":"2025-12-16T13:53:14","slug":"cosa-ce-di-vero-nel-progetto-di-fontana-di-trevi-a-pagamento-davvero-ammirare-lopera-costera-due-euro","status":"publish","type":"post","link":"https:\/\/www.europesays.com\/it\/263505\/","title":{"rendered":"Cosa c&#8217;\u00e8 di vero nel progetto di Fontana di Trevi a pagamento. Davvero ammirare l&#8217;opera coster\u00e0 due euro?"},"content":{"rendered":"<p>Fontana di Trevi a pagamento per i turisti che, presumibilmente a partire dal 7 gennaio, dovranno pagare 2 euro per ammirare l\u2019opera progettata da Nicola Salvi nel centro di Roma. La svolta, <a href=\"https:\/\/www.romatoday.it\/attualita\/fontana-di-trevi-a-pagamento-come-sara.html#:~:text=Quanto%20coster%C3%A0%20il%20biglietto%3F,sulle%20gradinate%20sotto%20il%20monumento%E2%80%9D.\" rel=\"nofollow noopener\" target=\"_blank\">annunciata gi\u00e0 da tempo<\/a> e che dovrebbe concretizzarsi con l\u2019inizio del nuovo anno, \u00e8 stata riportata dal Corriere della Sera anche se dal Campidoglio \u00e8 arrivata una frenata.<\/p>\n<p>Fontana di Trevi a pagamento per i turisti<\/p>\n<p>Al momento, da quanto apprende RomaToday, la data ufficiale che sancir\u00e0 l\u2019avvio del pagamento del ticket per vedere la storia fontana verr\u00e0 stabilita nel corso di una riunione che si terr\u00e0 tra gioved\u00ec a venerd\u00ec. Prevista, poi, una conferenza stampa, prima di Natale, per ufficializzare definitivamente la novit\u00e0. Fonti del Campidoglio, dopo la pubblicazione della notizia, hanno precisato \u201cche si tratta solo di una ipotesi di lavoro su cui l\u2019amministrazione capitolina, come \u00e8 noto, sta ragionando da tempo. Tuttavia, a oggi, non sono state decise date, n\u00e8 sono state prese decisioni in merito\u201d. Per i romani, in ogni caso, cambier\u00e0 poco o nulla. L\u2019obolo sar\u00e0 a carico solo dei turisti e, secondo le stime del Campidoglio, questa misura dovrebbe fruttare circa 20 milioni di euro all\u2019anno.<\/p>\n<p>Incassi e overturism<\/p>\n<p>L\u2019obiettivo \u00e8 duplice. Da una parte, ovviamente, c\u2019\u00e8 quello di raccogliere fondi che potranno essere poi reinvestiti nella cura dei beni artistici e di Roma. Dall\u2019altro, c\u2019\u00e8 la volont\u00e0 di <a href=\"https:\/\/www.romatoday.it\/attualita\/fontana-di-trevi-pagamento-numero-chiuso.html\" rel=\"nofollow noopener\" target=\"_blank\">preservare<\/a> la Fontana di Trevi e fare in modo che i visitatori ne possano godere senza dover fare \u201ca spallate\u201d con altre centinaia di persone. Del resto, solo nei primi sei mesi del 2025, ha registrato oltre 5 milioni e 300mila visitatori, pi\u00f9 di quanti ne ha totalizzati il Pantheon nell&#8217;intero 2024 (4.086.947 ingressi).<\/p>\n<p>Gi\u00e0 da un anno circa, inoltre, deflusso dei visitatori \u00e8 contingentato, con un <a href=\"https:\/\/www.romatoday.it\/politica\/fontana-di-trevi-lavori-finiti-ingressi-contingentati.html\" rel=\"nofollow noopener\" target=\"_blank\">tetto massimo di 400 persone<\/a> che possono sostare nell&#8217;area. Da gennaio le visite saranno organizzate in due corsie, una per i romani e l&#8217;altra per i turisti, e chi dovr\u00e0 pagare potr\u00e0 utilizzare anche la carta di credito. Il progetto, fortemente voluto dall\u2019assessore al Turismo, Alessandro Onorato, si sta realizzando in collaborazione con Zetema.<\/p>\n<p>Codacons contrario<\/p>\n<p>Contrario alla misura il Codacons, sfavorevole al ticket e che vorrebbe solo accessi contingentati. \u201cSiamo da sempre contrari alla monetizzazione di monumenti, piazze, fontane e siti di interesse storico e culturale \u2013 si legge in una nota &#8211; e crediamo che istituire biglietti di ingresso a pagamento sia un danno per i turisti, i quali devono poter godere gratuitamente delle bellezze di Roma, anche perch\u00e9 spesso i soldi raccolti attraverso i balzelli imposti ai turisti che arrivano in Italia, come nel caso della tassa di soggiorno, non vengono utilizzati per migliorare i servizi all\u2019utenza ma solo per coprire i buchi di bilancio \u2013 spiega il Codacons \u2013 Al tempo stesso occorre limitare affollamenti e turismo di massa, che creano degrado e deturpano il patrimonio della capitale, e in tale direzione sosteniamo gli ingressi contingentati alla Fontana di Trevi, soluzione che permette agli stessi visitatori di godere meglio dell\u2019area senza calche e assembramenti di persone\u201d.<\/p>\n","protected":false},"excerpt":{"rendered":"Fontana di Trevi a pagamento per i turisti che, presumibilmente a partire dal 7 gennaio, dovranno pagare 2&hellip;\n","protected":false},"author":3,"featured_media":263506,"comment_status":"","ping_status":"","sticky":false,"template":"","format":"standard","meta":{"footnotes":""},"categories":[6],"tags":[14,154816,8,1537,90,89,7,15,82,9,83,10,13,11,80,84,12,81,85],"class_list":{"0":"post-263505","1":"post","2":"type-post","3":"status-publish","4":"format-standard","5":"has-post-thumbnail","7":"category-ultime-notizie","8":"tag-cronaca","9":"tag-fontana-di-trevi","10":"tag-headlines","11":"tag-it","12":"tag-italia","13":"tag-italy","14":"tag-news","15":"tag-notizie","16":"tag-notizie-di-cronaca","17":"tag-notizie-principali","18":"tag-notiziedicronaca","19":"tag-notizieprincipali","20":"tag-titoli","21":"tag-ultime-notizie","22":"tag-ultime-notizie-di-cronaca","23":"tag-ultime-notizie-e-news-di-oggi","24":"tag-ultimenotizie","25":"tag-ultimenotiziedicronaca","26":"tag-ultimenotizieenewsdioggi"},"share_on_mastodon":{"url":"https:\/\/pubeurope.com\/@it\/115729583522908286","error":""},"_links":{"self":[{"href":"https:\/\/www.europesays.com\/it\/wp-json\/wp\/v2\/posts\/263505","targetHints":{"allow":["GET"]}}],"collection":[{"href":"https:\/\/www.europesays.com\/it\/wp-json\/wp\/v2\/posts"}],"about":[{"href":"https:\/\/www.europesays.com\/it\/wp-json\/wp\/v2\/types\/post"}],"author":[{"embeddable":true,"href":"https:\/\/www.europesays.com\/it\/wp-json\/wp\/v2\/users\/3"}],"replies":[{"embeddable":true,"href":"https:\/\/www.europesays.com\/it\/wp-json\/wp\/v2\/comments?post=263505"}],"version-history":[{"count":0,"href":"https:\/\/www.europesays.com\/it\/wp-json\/wp\/v2\/posts\/263505\/revisions"}],"wp:featuredmedia":[{"embeddable":true,"href":"https:\/\/www.europesays.com\/it\/wp-json\/wp\/v2\/media\/263506"}],"wp:attachment":[{"href":"https:\/\/www.europesays.com\/it\/wp-json\/wp\/v2\/media?parent=263505"}],"wp:term":[{"taxonomy":"category","embeddable":true,"href":"https:\/\/www.europesays.com\/it\/wp-json\/wp\/v2\/categories?post=263505"},{"taxonomy":"post_tag","embeddable":true,"href":"https:\/\/www.europesays.com\/it\/wp-json\/wp\/v2\/tags?post=263505"}],"curies":[{"name":"wp","href":"https:\/\/api.w.org\/{rel}","templated":true}]}}