{"id":263507,"date":"2025-12-16T13:59:14","date_gmt":"2025-12-16T13:59:14","guid":{"rendered":"https:\/\/www.europesays.com\/it\/263507\/"},"modified":"2025-12-16T13:59:14","modified_gmt":"2025-12-16T13:59:14","slug":"questa-citta-questa-squadra-per-me-e-una-favola-sportiva","status":"publish","type":"post","link":"https:\/\/www.europesays.com\/it\/263507\/","title":{"rendered":"questa citt\u00e0, questa squadra&#8230; per me \u00e8 una favola sportiva"},"content":{"rendered":"<p>Una vittoria di squadra, un capitano in stato di grazia e un\u2019avversaria di altissimo rango. Sono questi gli ingredienti che hanno reso il successo della <strong>Domotek Volley<\/strong> contro <strong>Gioia del Colle<\/strong> una serata indimenticabile, come racconta in prima persona il capitano, <strong>Domenico Lagan\u00e0.<\/strong> \u201cGiocare contro Gioia del Colle vuol dire giocare contro i grandi della pallavolo\u201c, esordisce Lagan\u00e0. \u201cDall\u2019altro lato c\u2019erano grandi nomi, i loro giocatori palesano la caratura, il budget altissimo. Si sapeva che avremmo dato spettacolo una contro l\u2019altra. Ma noi siamo stati all\u2019altezza, anzi, anche pi\u00f9 delle aspettative. Abbiamo portato a casa questa vittoria che non era per niente scontata e facile, soprattutto dopo l\u2019infortunio di Zappoli. Una grande prova di squadra\u201c.<\/p>\n<p>Consapevole di star \u201cscrivendo pagine infinite della storia della pallavolo reggina\u201d per i tanti bambini che ormai lo vedono come un riferimento, Lagan\u00e0 accetta, per una volta, di spostare il focus sul personale staccandosi dalle dinamiche di collettivo. \u201c\u00c8 una favola sportiva per te questa, Domenico?\u201c. La risposta arriva diretta e piena di emozione: \u201cper me \u00e8 una favola sportiva, perch\u00e9 giocare a casa mia e essere amato da tutti \u00e8 la cosa pi\u00f9 bella che sognavo. Sognavo da ragazzo e grazie a Dio si \u00e8 avverata. Sto vivendo appunto un sogno, sono contentissimo. E per me portare in alto la mia citt\u00e0\u2026 veramente non ha prezzo\u201c.<\/p>\n<p>Il capitano, da vero leader, torna subito a tessere le lodi del collettivo, analizzando la crescita del gruppo. \u201cVittoria al tie-break, per\u00f2 ho visto una crescita di gruppo importante. Andare sotto un po\u2019 anche a Terni e poi rimontarla, giocare molto bene contro una squadra cos\u00ec completa non era facile. Stanno crescendo i centrali, Zappoli ha giocato una grande partita, ma anche Mancinelli sul finale \u00e8 stato basilare. E questi sono segnali molto confortanti\u201c.<\/p>\n<p>Un applauso speciale va proprio a Mancinelli: \u201cfaccio i complimenti a Mancinelli perch\u00e9 non era facile entrare a partita in corso e tenere testa a un livello cos\u00ec alto che stasera si stava prospettando. Bravissimo lui, perch\u00e9 dalla panchina non \u00e8 per niente facile e ci ha dato una grossa mano in difesa, in battuta, in attacco. \u00c8 stato veramente esemplare\u201c.<\/p>\n<p>Ma per Lagan\u00e0 il merito \u00e8 davvero collettivo, fino all\u2019ultimo uomo. \u201cCi sono anche i ragazzi che magari hanno qualche minuto in meno, un po\u2019 di spazio in meno, che veramente durante la settimana, per vincere gli esercizi, ci fanno soffrire tanto. Questa \u00e8 anche la vittoria, diciamo, del fine settimana che \u00e8 dedicata a tutta la squadra. Se loro non ci facessero allenare cos\u00ec, magari non riusciremmo a tenere questo ritmo altissimo. Quindi bravissimi tutti\u201c.<\/p>\n<p>Una filosofia chiara, quindi: piedi per terra, cuore nella citt\u00e0 e occhi puntati sul prossimo obiettivo. Con la consapevolezza di vivere, insieme alla sua squadra, una favola sportiva che continua ad incantare.<\/p>\n","protected":false},"excerpt":{"rendered":"Una vittoria di squadra, un capitano in stato di grazia e un\u2019avversaria di altissimo rango. Sono questi gli&hellip;\n","protected":false},"author":3,"featured_media":263508,"comment_status":"","ping_status":"","sticky":false,"template":"","format":"standard","meta":{"footnotes":""},"categories":[1474],"tags":[110154,1537,90,89,245,244,1869],"class_list":{"0":"post-263507","1":"post","2":"type-post","3":"status-publish","4":"format-standard","5":"has-post-thumbnail","7":"category-volley","8":"tag-domotek-volley-reggio-calabria","9":"tag-it","10":"tag-italia","11":"tag-italy","12":"tag-sport","13":"tag-sports","14":"tag-volley"},"share_on_mastodon":{"url":"https:\/\/pubeurope.com\/@it\/115729607083281743","error":""},"_links":{"self":[{"href":"https:\/\/www.europesays.com\/it\/wp-json\/wp\/v2\/posts\/263507","targetHints":{"allow":["GET"]}}],"collection":[{"href":"https:\/\/www.europesays.com\/it\/wp-json\/wp\/v2\/posts"}],"about":[{"href":"https:\/\/www.europesays.com\/it\/wp-json\/wp\/v2\/types\/post"}],"author":[{"embeddable":true,"href":"https:\/\/www.europesays.com\/it\/wp-json\/wp\/v2\/users\/3"}],"replies":[{"embeddable":true,"href":"https:\/\/www.europesays.com\/it\/wp-json\/wp\/v2\/comments?post=263507"}],"version-history":[{"count":0,"href":"https:\/\/www.europesays.com\/it\/wp-json\/wp\/v2\/posts\/263507\/revisions"}],"wp:featuredmedia":[{"embeddable":true,"href":"https:\/\/www.europesays.com\/it\/wp-json\/wp\/v2\/media\/263508"}],"wp:attachment":[{"href":"https:\/\/www.europesays.com\/it\/wp-json\/wp\/v2\/media?parent=263507"}],"wp:term":[{"taxonomy":"category","embeddable":true,"href":"https:\/\/www.europesays.com\/it\/wp-json\/wp\/v2\/categories?post=263507"},{"taxonomy":"post_tag","embeddable":true,"href":"https:\/\/www.europesays.com\/it\/wp-json\/wp\/v2\/tags?post=263507"}],"curies":[{"name":"wp","href":"https:\/\/api.w.org\/{rel}","templated":true}]}}