{"id":263521,"date":"2025-12-16T14:10:19","date_gmt":"2025-12-16T14:10:19","guid":{"rendered":"https:\/\/www.europesays.com\/it\/263521\/"},"modified":"2025-12-16T14:10:19","modified_gmt":"2025-12-16T14:10:19","slug":"grande-fratello-cosa-significa-che-anita-e-la-superfinalista","status":"publish","type":"post","link":"https:\/\/www.europesays.com\/it\/263521\/","title":{"rendered":"Grande Fratello: cosa significa che Anita \u00e8 la superfinalista"},"content":{"rendered":"<p>                              <img decoding=\"async\" src=\"https:\/\/www.europesays.com\/it\/wp-content\/uploads\/2025\/12\/grande-fratello-2025-news-anita-super-finalista.jpg\" loading=\"lazy\" alt=\"grande fratello 2025 anita super finalista\" width=\"1280\" height=\"800\"\/><\/p>\n<p class=\"img-caption\"> Anita Mazzotta \u00e8 la superfinalista del Grande Fratello 2025. Ecco cosa significa. Foto per gentile concessione dell&#8217;ufficio stampa Mediaset<\/p>\n<p>\n                              <strong>CRONACA DI UNA SEMIFINALE BIS.<\/strong> Ci si chiedeva cosa poteva succedere ancora, con la <strong>finale posticipata a gioved\u00ec 18 dicembre,<\/strong> ed ecco cosa \u00e8 successo. Secondo molti analisti niente. Nella realt\u00e0 tante piccole cose di inutile gusto e contenuto&#8230;\n                          <\/p>\n<p>\n                              Intanto cominciamo dalla grande novit\u00e0. <strong>Che differenza c&#8217;\u00e8 tra una finalista (i 5 li trovate pi\u00f9 sotto) e una super finalista?<\/strong> \u00c8 accaduto ieri sera, a fine puntata. <strong>Quando i 5 finalisti hanno votato la loro Numero 1.<\/strong> Ovvero colei per cui il podio della finale del GF 2025 di Simona Ventura \u00e8 assicurato: <strong>Anita Mazzotta. Gioved\u00ec 18 dicembre nessun Televoto per lei che gi\u00e0 sa che arriver\u00e0 prima (come prevedono tutti), seconda o terza.<\/strong>\n                          <\/p>\n<p>\n                              Dopo la nomina a superfinalista, Anita ha<strong> mostrato tutto il suo carattere<\/strong>, ribadendo il no a un incontro col padre. L&#8217;uomo ha lasciato la famiglia tanto tempo fa e adesso l&#8217;ha ricontattata. \u00abQ<strong>uest&#8217;uomo non esiste nella mia vita da 26 anni, non c&#8217;\u00e8 mai stato.<\/strong> Non puoi ricordarti di avere una figlia solo quando la vedi in tv. Ha avuto moltissimo tempo prima per farsi sentire, invece non ho mai ricevuto neanche un messaggio di auguri. Intanto, io un pap\u00e0 ce l&#8217;ho ed \u00e8 Vincent, il compagno di mia madre che mi ha cresciuta. <strong>E sto benissimo cos\u00ec.<\/strong> Mi spiace se dovesse rimanere male per la scelta che sto facendo, ma non voglio pi\u00f9 provare dolore per lui\u00bb.\n                          <\/p>\n<p>                              <img decoding=\"async\" src=\"https:\/\/www.europesays.com\/it\/wp-content\/uploads\/2025\/12\/FAB_1890-scaled.jpg\" loading=\"lazy\" alt=\"grande fratello\" width=\"2560\" height=\"1709\"\/><\/p>\n<p class=\"img-caption\"> I finalisti. Foto per gentile concessione dell&#8217;ufficio stampa Endemol Shine Italy<\/p>\n<p>\n                              Quattro finalisti gi\u00e0 li conoscevamo. <strong>In ordine di elezione sono stati: Giulia, Jonas, Anita e Grazia.<\/strong> Ieri sera, nella semifinale bis, abbiamo scoperto il quinto. Al Televoto che ha aperto la diretta in nomination c&#8217;erano<strong> Omer e Domenico.<\/strong> Come da previsioni, \u00e8 passato il primo. \u00c8 lui il quinto finalista del GF total NIP del 2025. Qui sotto il risultato del <a href=\"https:\/\/grandefratello.forumfree.it\/?t=80927800\" target=\"_blank\" rel=\"noopener nofollow external\" data-wpel-link=\"external\">sondaggio GF ForumFree (chi vuoi in finale?)<\/a><\/p>\n<ul>\n<li><strong>Omer 61,49%<\/strong><\/li>\n<li><strong>Domenico 38,51%<\/strong><\/li>\n<\/ul>\n<p>Il momento della verit\u00e0: ma quale? La gaffe di Simona Ventura<\/p>\n<p>\n                              \u00abQuesto \u00e8 il momento della verit\u00e0. Della resa dei conti\u00bb, ha esordito Simona Ventura. A cui \u00e8 seguita una gaffe che in qualche modo gi\u00e0 anticipava il seguito della puntata. In realt\u00e0, la gaffe non \u00e8 stata della conduttrice, Si \u00e8 trattato di un disguido tecnico che per\u00f2 ha gi\u00e0 dato il via a nuove (le ultime?) polemiche. <strong>Simona chiama Giulia, la prima finalista di questa edizione del reality. Ancora non si sa della super finalista. Giulia deve raccontare la sua storia, alle spalle lo scorrimento di immagini della sua vita. Ma partono fotografie e video di Anita.<\/strong> Sorry. In realt\u00e0 qualcuno per sbaglio ha anticipato la super news della serata&#8230; Le scuse di Ventura non calmano gli animi: \u00abManderemo le tue foto, le abbiamo di tutti anche di te\u00bb.\n                          <\/p>\n<p>\n                              Le ultime nomination &#8220;normali&#8221; di questa edizione riguardano <strong>Jonas e Omer: al Televoto che aprir\u00e0 la prossima puntata, la finale del 18 dicembre scopriremo chi dei due proseguir\u00e0<\/strong> fino a fine serata e chi invece uscir\u00e0 subito. La domanda \u00e8 <strong>chi vuoi salvare?<\/strong> e al momento i sondaggi di <a href=\"https:\/\/grandefratello.forumfree.it\/?t=80935324\" target=\"_blank\" rel=\"noopener nofollow external\" data-wpel-link=\"external\">Grande Fratello ForumFree<\/a> danno questo risultato:<\/p>\n<ul>\n<li>Omer Elomari 51,96%<\/li>\n<li>Jonas Pepe 48,04%<\/li>\n<\/ul>\n<p>Quando va in onda la finale del Grande Fratello 2025 e orario<\/p>\n<p>\n                              La distanza \u00e8 minima: sar\u00e0 finale una sfida vera, all&#8217;ultimo voto? Lo scopriremo subito all&#8217;inizio della <strong>finale del 18 dicembre, alle 21,30 su Canale 5 e in contemporanea streaming su Mediaset Infinity.<\/strong>\n                          <\/p>\n<p>\n                              Omer per\u00f2 non \u00e8 &#8220;solo&#8221; il quinto finalista. Il concorrente ha fatto anche il miracolo di <strong>far tornare nella Casa la gi\u00e0 eliminata Rasha<\/strong>, uscita al televoto dell&#8217;8 dicembre. La concorrente \u00e8 stata fatta rientrare per portare avanti la storia con Omer? In palio una di quelle (poche) dinamiche tra i concorrenti di questa edizione del reality. <strong>I # Rashmer sono tornati? Cos\u00ec spera la produzione. Lei era uscita.<\/strong> Per l&#8217;orgoglio del siriano, tra i due era finita male. Coppia gi\u00e0 al capolinea? Lui esprime il desiderio di rivederla. Confessa di essere affascinato da lei fin dal primo giorno. \u00abEro inebriato dal suo profumo, ipnotizzato dai suoi occhi\u00bb, piacerebbe, adesso, vederla, incontrarla e, una volta uscito da l\u00ec, andr\u00e0 a riprendersela. Scrivono gli autori. <strong>Quando si rivedono la scintilla si riaccende.<\/strong> Gli <strong>opionisti<\/strong> commentano cos\u00ec: Sonia Bruganelli \u00e8 felice di vedere la coppia ricongiunta ma conserva qualche perplessit\u00e0. Probabilmente, Rasha si \u00e8 rivista e ha fatto dei passi indietro. Ascanio Pacelli pensa che i due abbiano perso un po&#8217; di lucidit\u00e0 nella Casa. Hanno abbassato le difese e crede nella possibilit\u00e0 che possa nascere una relazione.\n                          <\/p>\n<p>\n                              La favorita \u00e8 sempre lei, <strong>Anita Mazzotta. Pagata addirittura 2 volte la posta. Seguono Jonas a 3,50, Giulia a 4,50, Omer a 7,50 e Grazia a 12&#8230;<\/strong>\n                          <\/p>\n<p>                          <a href=\"https:\/\/www.corriere.it\/spettacoli\/25_dicembre_16\/grande-fratello-semifinale-pagelle-fbccb51a-b2fa-4ed7-81f9-53a3f6d9bxlk.shtml\" target=\"_blank\" rel=\"noopener nofollow\" data-wpel-link=\"internal\">Corriere della Sera<\/a><\/p>\n<ul>\n<li>Seconda semifinale: 3, un&#8217;inutile cattiveria<\/li>\n<li>Anita super finalista: voto 8<\/li>\n<li>Il ritorno di Rasha: 4-<\/li>\n<li>Mattia lasciato e il commento di Grazia: 7<\/li>\n<li>Domenica fuori anche dal triangolo con Valentina e Benedetta: 3,5<\/li>\n<\/ul>\n<p>Chi vincer\u00e0 la finale del Grande Fratello 2025? Lo scopriremo il 18 dicembre. Intanto nella gallery qui sotto tutte le storie dei concorrenti di questa edizione.<\/p>\n","protected":false},"excerpt":{"rendered":"Anita Mazzotta \u00e8 la superfinalista del Grande Fratello 2025. Ecco cosa significa. Foto per gentile concessione dell&#8217;ufficio stampa&hellip;\n","protected":false},"author":3,"featured_media":263522,"comment_status":"","ping_status":"","sticky":false,"template":"","format":"standard","meta":{"footnotes":""},"categories":[1444],"tags":[19919,154824,154825,80723,154817,154826,154827,2195,154828,35219,100951,100952,2375,15298,154829,154830,154831,2235,1888,154832,2239,87899,203,25352,154833,1426,154834,150909,44381,30927,228,3688,154820,30447,70110,2618,14601,204,1537,90,89,14372,88008,7,44589,27554,8202,25336,100739,131551,3969,154821,1924,153383,10334,18865,14149,26549,154822,154366,154818,154823,84141,253,907,154819,43614,9294],"class_list":{"0":"post-263521","1":"post","2":"type-post","3":"status-publish","4":"format-standard","5":"has-post-thumbnail","7":"category-tv","8":"tag-anita","9":"tag-anita-gran","10":"tag-anita-gran-rifiuto","11":"tag-anita-mazzotta","12":"tag-anita-superfinalista","13":"tag-anita-superfinalista-fratello","14":"tag-anita-superfinalista-gf","15":"tag-bis","16":"tag-bis-dicembre","17":"tag-concessione","18":"tag-concessione-ufficio","19":"tag-concessione-ufficio-stampa","20":"tag-concorrente","21":"tag-concorrenti","22":"tag-concorrenti-edizione","23":"tag-concorrenti-torna","24":"tag-concorrenti-torna-rasha","25":"tag-coppia","26":"tag-dicembre","27":"tag-dicembre-fratello","28":"tag-edizione","29":"tag-edizione-reality","30":"tag-entertainment","31":"tag-favoriti","32":"tag-favoriti-percentuali","33":"tag-finale","34":"tag-finale-dicembre","35":"tag-finale-fratello","36":"tag-finalista","37":"tag-finalisti","38":"tag-foto","39":"tag-fratello","40":"tag-fratello-significa","41":"tag-gaffe","42":"tag-gf","43":"tag-giulia","44":"tag-grazia","45":"tag-intrattenimento","46":"tag-it","47":"tag-italia","48":"tag-italy","49":"tag-jonas","50":"tag-mazzotta","51":"tag-news","52":"tag-nomination","53":"tag-omer","54":"tag-puntata","55":"tag-quinto","56":"tag-rasha","57":"tag-rashmer","58":"tag-realta","59":"tag-scopriremo","60":"tag-semifinale","61":"tag-semifinale-bis","62":"tag-significa","63":"tag-simona","64":"tag-simona-ventura","65":"tag-super","66":"tag-super-finalista","67":"tag-superfinalista","68":"tag-superfinalista-fratello","69":"tag-superfinalista-fratello-significa","70":"tag-televoto","71":"tag-tv","72":"tag-ultime","73":"tag-ultime-nomination","74":"tag-ventura","75":"tag-verita"},"share_on_mastodon":{"url":"","error":"Validation failed: Text character limit of 500 exceeded"},"_links":{"self":[{"href":"https:\/\/www.europesays.com\/it\/wp-json\/wp\/v2\/posts\/263521","targetHints":{"allow":["GET"]}}],"collection":[{"href":"https:\/\/www.europesays.com\/it\/wp-json\/wp\/v2\/posts"}],"about":[{"href":"https:\/\/www.europesays.com\/it\/wp-json\/wp\/v2\/types\/post"}],"author":[{"embeddable":true,"href":"https:\/\/www.europesays.com\/it\/wp-json\/wp\/v2\/users\/3"}],"replies":[{"embeddable":true,"href":"https:\/\/www.europesays.com\/it\/wp-json\/wp\/v2\/comments?post=263521"}],"version-history":[{"count":0,"href":"https:\/\/www.europesays.com\/it\/wp-json\/wp\/v2\/posts\/263521\/revisions"}],"wp:featuredmedia":[{"embeddable":true,"href":"https:\/\/www.europesays.com\/it\/wp-json\/wp\/v2\/media\/263522"}],"wp:attachment":[{"href":"https:\/\/www.europesays.com\/it\/wp-json\/wp\/v2\/media?parent=263521"}],"wp:term":[{"taxonomy":"category","embeddable":true,"href":"https:\/\/www.europesays.com\/it\/wp-json\/wp\/v2\/categories?post=263521"},{"taxonomy":"post_tag","embeddable":true,"href":"https:\/\/www.europesays.com\/it\/wp-json\/wp\/v2\/tags?post=263521"}],"curies":[{"name":"wp","href":"https:\/\/api.w.org\/{rel}","templated":true}]}}