{"id":263543,"date":"2025-12-16T14:29:12","date_gmt":"2025-12-16T14:29:12","guid":{"rendered":"https:\/\/www.europesays.com\/it\/263543\/"},"modified":"2025-12-16T14:29:12","modified_gmt":"2025-12-16T14:29:12","slug":"giro-ditalia-urbano-cairo-alla-conferenza-delle-ambasciatrici-e-degli-ambasciatori","status":"publish","type":"post","link":"https:\/\/www.europesays.com\/it\/263543\/","title":{"rendered":"Giro d&#8217;Italia: Urbano Cairo alla Conferenza delle Ambasciatrici e degli Ambasciatori"},"content":{"rendered":"<p>                                Il presidente di Rcs Mediagroup invitato da Tajani alla \u201cConferenza delle Ambasciatrici e degli Ambasciatori\u201d: &#8220;La corsa Rosa 16 volte \u00e8 partiti dall\u2019estero, da paesi che investono tanto da noi&#8221;<\/p>\n<p>            <a class=\"image is-50x50\" href=\"https:\/\/www.gazzetta.it\/redazione\/elisabetta-esposito\/\" rel=\"nofollow noopener\" target=\"_blank\"><br \/>\n                <img decoding=\"async\" class=\"is-rounded\" src=\"https:\/\/www.europesays.com\/it\/wp-content\/uploads\/2025\/11\/elisabetta_esposito_avatar.png\" alt=\"Elisabetta Esposito\"\/><br \/>\n            <\/a><\/p>\n<p>Giornalista<\/p>\n<p>                    16 dicembre &#8211; 13:47  &#8211; ROMA<\/p>\n<p class=\"paragraph\" spellcheck=\"true\">C\u2019\u00e8 anche il Giro d\u2019Italia alla &#8220;Conferenza delle Ambasciatrici e degli Ambasciatori&#8221; in programma fino al 18 dicembre tra Roma e Milano. Il ministro degli Affari Esteri e della Cooperazione Internazionale, Antonio Tajani, ha voluto questa mattina alla Farnesina anche Urbano Cairo, ribadendo cos\u00ec l\u2019importanza del valore diplomatico dello sport oggi. Quasi due anni fa, il 26 marzo 2024, il Ministro ha infatti deciso di nominare il Giro ambasciatore della diplomazia sportiva nel mondo: una scelta che riconosce il grande potenziale che la corsa rosa ha anche nel trasmettere i valori dell\u2019Italia all\u2019estero e come volano per le esportazioni.\u00a0<\/p>\n<p>    POLMONE DELLA DIPLOMAZIA\u2014 \u00a0<\/p>\n<p class=\"paragraph is-inline\" spellcheck=\"true\">Nell\u2019incontro &#8220;Protezione internazionale e attrattivit\u00e0 dell\u2019Italia&#8221;, in cui \u00e8 stato confermato l\u2019obiettivo di 700 miliardi di export entro la fine della legislatura ed evidenziato l\u2019importanza dei grandi eventi sportivi per il Paese, dal Giro &#8211; definito &#8220;il polmone della diplomazia della crescita&#8221; &#8211; ai Giochi di Milano Cortina, Urbano Cairo ha sottolineato: &#8220;Sono qui per parlare del Giro d\u2019Italia, una corsa che seguivo da bambino quando tifavo Gimondi, che ho poi ripreso con Pantani e alla fine, quando nel 2016 ho vinto la battaglia per Rcs, mi sono ritrovato ad organizzarlo: praticamente un sogno. Il Giro d\u2019Italia \u00e8 molto pi\u00f9 di una semplice corsa ciclistica: questo Governo in particolare ha capito l\u2019importanza di questa corsa nel mondo, un\u2019immensa vetrina del nostro Paese verso 650 milioni di persone collegate in oltre 200 paesi. Tutti possono scoprire i nostri luoghi e i nostri prodotti, \u00e8 un\u2019enorme promozione del Made in Italy e del turismo. Non a caso per 16 volte siamo partiti dall\u2019estero: nel 2025 \u00e8 toccato all\u2019Albania, con il 90% degli albanesi entusiasti dell\u2019iniziative, e nel 2026 ci ospiter\u00e0 la Bulgaria. Sono paesi che investono cifre davvero importanti, lo fanno perch\u00e9 si sono resi conto di che vetrina sia: in Albania la scorsa estate ci sono stati 1,2 milioni di turisti in pi\u00f9. Ma \u00e8 anche un modo per rinforzare legami e trasmettere valori&#8221;. E tornando all\u2019Italia: &#8220;Dai dati di Banca Ifis emerge che l\u2019impatto economico del Giro \u00e8 notevolissimo, 2,1 miliardi di euro totali di cui 700 milioni durante le tappe italiane e 1,4 milioni nei 18 mesi successivi, grazie all\u2019attrattivit\u00e0 della corsa all\u2019estero. Quanto alle esportazioni, il Giro muove 2,5 miliardi di fatturato, 1 milione e 500 mila persone hanno acquistato prodotti dopo aver visto le gare, parliamo di food and beverage, moda, artigianato o prodotti della bike economy\u201d. Infine per il futuro ha affermato: \u201cStiamo cercando comunque di migliorarci ancora, abbiamo modificato le riprese per rendere il prodotto sempre pi\u00f9 accattivante ed essere sempre pi\u00f9 utili per promuovere l\u2019Italia nel mondo&#8221;.<\/p>\n<p>    IL CONI\u2014 \u00a0<\/p>\n<p class=\"paragraph is-inline\" spellcheck=\"true\">All\u2019appuntamento ha partecipato anche il presidente del Coni Luciano Buonfiglio: &#8220;Viaggio da anni con le Nazionali, pi\u00f9 lontano vai pi\u00f9 l\u2019orgoglio di essere italiani quando si alza il tricolore \u00e8 forte&#8221;, ha detto presentando un video delle tante recenti vittorie azzurre. &#8220;Il ministro Tajani, appena un mese dopo la mia elezione, anche quella una garetta mica facile, mi ha fatto capire quale valore abbia per lui lo sport dal punto di vista diplomatico. Abbiamo quindi sviluppato insieme tante iniziative concrete, ad esempio promuovendo i luoghi in cui ci alleniamo, per favorire il turismo, l\u2019economia, ma soprattutto i valori dello sport, a partire dal rispetto. Noi siamo condannati a vincere per far parlare di noi e l\u2019Italia sportiva da circa vent\u2019anni \u00e8 nelle top 10 del mondo, vuol dire che il Paese crede nello sport. Ho molta fiducia che questo cammino appena iniziato con il Ministero degli Esteri sia sempre pi\u00f9 un successo: il Coni \u00e8 a vostra disposizione&#8221;.<\/p>\n<p class=\"is-copyright\">\u00a9 RIPRODUZIONE RISERVATA<\/p>\n","protected":false},"excerpt":{"rendered":"Il presidente di Rcs Mediagroup invitato da Tajani alla \u201cConferenza delle Ambasciatrici e degli Ambasciatori\u201d: &#8220;La corsa Rosa&hellip;\n","protected":false},"author":3,"featured_media":263544,"comment_status":"","ping_status":"","sticky":false,"template":"","format":"standard","meta":{"footnotes":""},"categories":[1456],"tags":[23729,15475,153746,153747,2201,71584,7775,1824,877,153998,153999,14565,1276,97244,1825,4542,1339,3886,768,5427,3369,32871,4257,20614,832,154856,1537,90,89,7364,28,857,154857,5775,30572,154858,45211,154859,135,3708,245,244,2527,28749],"class_list":{"0":"post-263543","1":"post","2":"type-post","3":"status-publish","4":"format-standard","5":"has-post-thumbnail","7":"category-ciclismo","8":"tag-albania","9":"tag-ambasciatori","10":"tag-ambasciatrici","11":"tag-ambasciatrici-ambasciatori","12":"tag-appena","13":"tag-attrattivita","14":"tag-cairo","15":"tag-ciclismo","16":"tag-conferenza","17":"tag-conferenza-ambasciatrici","18":"tag-conferenza-ambasciatrici-ambasciatori","19":"tag-coni","20":"tag-corsa","21":"tag-corsa-rosa","22":"tag-cycling","23":"tag-diplomatico","24":"tag-diplomazia","25":"tag-esportazioni","26":"tag-esteri","27":"tag-estero","28":"tag-giro","29":"tag-giro-italia","30":"tag-importanza","31":"tag-iniziative","32":"tag-internazionale","33":"tag-investono","34":"tag-it","35":"tag-italia","36":"tag-italy","37":"tag-luoghi","38":"tag-milano","39":"tag-paesi","40":"tag-paesi-investono","41":"tag-parlare","42":"tag-partiti","43":"tag-partiti-estero","44":"tag-polmone","45":"tag-polmone-diplomazia","46":"tag-presidente","47":"tag-prodotti","48":"tag-sport","49":"tag-sports","50":"tag-tajani","51":"tag-valori"},"share_on_mastodon":{"url":"","error":"Validation failed: Text character limit of 500 exceeded"},"_links":{"self":[{"href":"https:\/\/www.europesays.com\/it\/wp-json\/wp\/v2\/posts\/263543","targetHints":{"allow":["GET"]}}],"collection":[{"href":"https:\/\/www.europesays.com\/it\/wp-json\/wp\/v2\/posts"}],"about":[{"href":"https:\/\/www.europesays.com\/it\/wp-json\/wp\/v2\/types\/post"}],"author":[{"embeddable":true,"href":"https:\/\/www.europesays.com\/it\/wp-json\/wp\/v2\/users\/3"}],"replies":[{"embeddable":true,"href":"https:\/\/www.europesays.com\/it\/wp-json\/wp\/v2\/comments?post=263543"}],"version-history":[{"count":0,"href":"https:\/\/www.europesays.com\/it\/wp-json\/wp\/v2\/posts\/263543\/revisions"}],"wp:featuredmedia":[{"embeddable":true,"href":"https:\/\/www.europesays.com\/it\/wp-json\/wp\/v2\/media\/263544"}],"wp:attachment":[{"href":"https:\/\/www.europesays.com\/it\/wp-json\/wp\/v2\/media?parent=263543"}],"wp:term":[{"taxonomy":"category","embeddable":true,"href":"https:\/\/www.europesays.com\/it\/wp-json\/wp\/v2\/categories?post=263543"},{"taxonomy":"post_tag","embeddable":true,"href":"https:\/\/www.europesays.com\/it\/wp-json\/wp\/v2\/tags?post=263543"}],"curies":[{"name":"wp","href":"https:\/\/api.w.org\/{rel}","templated":true}]}}