{"id":263548,"date":"2025-12-16T14:35:14","date_gmt":"2025-12-16T14:35:14","guid":{"rendered":"https:\/\/www.europesays.com\/it\/263548\/"},"modified":"2025-12-16T14:35:14","modified_gmt":"2025-12-16T14:35:14","slug":"ecco-il-coraggio-inaugurata-la-scultura-che-esalta-il-valore-dei-vigili-del-fuoco-foto","status":"publish","type":"post","link":"https:\/\/www.europesays.com\/it\/263548\/","title":{"rendered":"Ecco &#8220;Il Coraggio&#8221;, inaugurata la scultura che esalta il valore dei vigili del fuoco &#8211; Foto"},"content":{"rendered":"<p><strong>Oristano<\/strong><\/p>\n<p><strong>L\u2019opera, posizionata sulla rotonda davanti al Comando provinciale di Oristano, \u00e8 stata svelata oggi<\/strong><\/p>\n<p data-insertion=\"1\" data-new=\"1\" data-parent-tag-name=\"body\">\u00c8 stato inaugurato questa mattina, a Oristano, il monumento \u201cIl Coraggio\u201d, dedicato all\u2019opera e al valore dei vigili del fuoco. La scultura, una statua in trachite alta circa due metri, \u00e8 stata realizzata dall\u2019artista oristanese Luigi Taras e promossa dalla sezione locale dell\u2019Associazione nazionale dei vigili del fuoco.<\/p>\n<p data-insertion=\"1\" data-new=\"1\" data-parent-tag-name=\"body\">La cerimonia si \u00e8 aperta alle 10 nella sede del Comando provinciale, in via Zara: qui il comandante Angelo Ambrosio ha accolto le autorit\u00e0 civili e militari della provincia. Ambrosio ha ringraziato le istituzioni presenti e in particolare il sindaco di Oristano, Massimiliano Sanna, che ha donato una targa. Il comandante provinciale ha ricordato l\u2019iter autorizzativo e il nulla osta per l\u2019installazione del monumento nella rotatoria tra le vie del Porto, Libeccio e Bonn, sottolineando come la proposta sia stata subito condivisa dal presidente regionale dell\u2019Associazione nazionale vigili del fuoco, Antonio Ippolito.<\/p>\n<p data-insertion=\"1\" data-new=\"1\" data-parent-tag-name=\"body\">\u201cDallo schizzo iniziale ho subito compreso la forza dell\u2019opera\u201d, ha spiegato il comandante Ambrosio, \u201cla scultura rappresenta perfettamente un momento di coraggio: un vigile del fuoco che salva un bambino dalle fiamme. Dalla trachite \u00e8 emersa una vera opera d\u2019arte. Ogni giorno, entrando al lavoro, potremo ammirare questo simbolo\u201d.<\/p>\n<p>Il prefetto di Oristano, Salvatore Angieri, ha rivolto un saluto alle autorit\u00e0, ai vigili del fuoco e al maestro Taras: \u201cQuesto monumento \u00e8 dedicato ai vigili del fuoco caduti in servizio e racchiude l\u2019essenza del loro lavoro quotidiano: affrontare il pericolo per aiutare chi si trova in difficolt\u00e0. \u00c8 una giornata di memoria e riconoscenza verso chi ha perso la vita durante il servizio\u201d.<\/p>\n<p data-insertion=\"1\" data-new=\"1\" data-parent-tag-name=\"body\">Il sindaco Massimiliano Sanna ha sottolineato il valore simbolico dell\u2019opera: \u201cIl monumento ha un significato profondo. Il lavoro dei vigili del fuoco \u00e8 spesso silenzioso e nascosto, e quest\u2019opera d\u00e0 visibilit\u00e0 a chi ogni giorno si impegna per il bene della comunit\u00e0\u201d.<\/p>\n<p>Antonio Ippolito, coordinatore regionale dell\u2019Associazione nazionale vigili del fuoco, ha ringraziato tutti per l\u2019impegno profuso: \u201cAnche dopo il pensionamento restiamo attivi con la nostra Associazione, nelle scuole e nelle manifestazioni, collaborando con la popolazione e insegnando le buone pratiche di sicurezza domestica. Siamo anche ambasciatori Unicef. Ringrazio i collaboratori e gli ex colleghi: abbiamo creato per l\u2019occasione un gruppo di supporto al maestro Taras, allestendo un vero e proprio mini cantiere. Quest\u2019opera non \u00e8 solo memoria, ma un giusto riconoscimento a tutti i vigili del fuoco\u201d.<\/p>\n<p>    <a class=\"single-gallery-link link-top\" target=\"_blank\" href=\"https:\/\/www.oristanonoi.it\/fotogallery\/inaugurato-il-monumento-il-coraggio-dedicato-allopera-e-al-valore-dei-vigili-del-fuoco\/\" rel=\"nofollow noopener\"><\/p>\n<p>            <img decoding=\"async\"  src=\"https:\/\/www.europesays.com\/it\/wp-content\/uploads\/2025\/12\/inaugurato-il-monumento-il-coraggio-dedicato-all-opera-e-al-valore-dei-vigili-del-fuoco-153215.edi_f.jpeg\" alt=\"\"\/><\/p>\n<p>guarda tutte le foto<\/p>\n<p>    Inaugurato il monumento \u201cIl Coraggio\u201d, dedicato all\u2019opera e al valore dei vigili del fuoco<\/p>\n<p>Ippolito ha inoltre portato i saluti del presidente nazionale dell\u2019associazione, Enrico Marchionne, che ha espresso apprezzamento per un\u2019opera che testimonia il profondo attaccamento al Corpo e ha rivolto un pensiero a tutti i caduti.<\/p>\n<p>Il maestro Luigi Taras ha ringraziato il presidente Ippolito e l\u2019associazione per il sostegno ricevuto, citando in particolare Antonio Ippolito, Dino Piroddi e Alessandro Scarcioni. \u201cL\u2019opera, intitolata \u2018Il Coraggio\u2019, \u00e8 stata eseguita interamente a mano, soprattutto con lo scalpello. Si sviluppa su quattro fronti e rappresenta un vigile del fuoco che solleva un bambino per salvarlo dalle fiamme. I cromatismi naturali della pietra creano una separazione simbolica tra il pericolo e la salvezza. \u00c8 un omaggio a chi ha salvato tante vite umane con coraggio\u201d.<\/p>\n<p>Presente anche Giuseppina Atzori, vedova di Salvatore Zoccheddu, che ha ringraziato l\u2019associazione per il ricordo dedicato ai vigili del fuoco \u201cche salvano la vita alle persone\u201d. Alla signora Atzori \u00e8 stato donato da Antonio Ippolito un quadro con il bozzetto dell\u2019opera.<\/p>\n<p>L\u2019ingegner Carlo Pettinau, rappresentante della Scuola del Popolo, ha evidenziato il valore artistico della scultura: \u201cL\u2019arte non \u00e8 solo ricerca della bellezza, ma anche dell\u2019emozione, e quest\u2019opera lo dimostra. Osservandola durante la lavorazione, ogni volta emergevano sensazioni diverse. \u00c8 una scultura a tutto tondo, fruibile a 360 gradi, e la luce naturale, all\u2019alba o al tramonto, ne esalta il forte impatto drammatico\u201d.<\/p>\n<p>Marted\u00ec, 16 dicembre 2025<\/p>\n","protected":false},"excerpt":{"rendered":"Oristano L\u2019opera, posizionata sulla rotonda davanti al Comando provinciale di Oristano, \u00e8 stata svelata oggi \u00c8 stato inaugurato&hellip;\n","protected":false},"author":3,"featured_media":263549,"comment_status":"","ping_status":"","sticky":false,"template":"","format":"standard","meta":{"footnotes":""},"categories":[1446],"tags":[1615,1613,1614,1611,1610,1612,203,204,1537,90,89],"class_list":{"0":"post-263548","1":"post","2":"type-post","3":"status-publish","4":"format-standard","5":"has-post-thumbnail","7":"category-arte-e-design","8":"tag-arte","9":"tag-arte-e-design","10":"tag-arteedesign","11":"tag-arts","12":"tag-arts-and-design","13":"tag-design","14":"tag-entertainment","15":"tag-intrattenimento","16":"tag-it","17":"tag-italia","18":"tag-italy"},"share_on_mastodon":{"url":"https:\/\/pubeurope.com\/@it\/115729748798502830","error":""},"_links":{"self":[{"href":"https:\/\/www.europesays.com\/it\/wp-json\/wp\/v2\/posts\/263548","targetHints":{"allow":["GET"]}}],"collection":[{"href":"https:\/\/www.europesays.com\/it\/wp-json\/wp\/v2\/posts"}],"about":[{"href":"https:\/\/www.europesays.com\/it\/wp-json\/wp\/v2\/types\/post"}],"author":[{"embeddable":true,"href":"https:\/\/www.europesays.com\/it\/wp-json\/wp\/v2\/users\/3"}],"replies":[{"embeddable":true,"href":"https:\/\/www.europesays.com\/it\/wp-json\/wp\/v2\/comments?post=263548"}],"version-history":[{"count":0,"href":"https:\/\/www.europesays.com\/it\/wp-json\/wp\/v2\/posts\/263548\/revisions"}],"wp:featuredmedia":[{"embeddable":true,"href":"https:\/\/www.europesays.com\/it\/wp-json\/wp\/v2\/media\/263549"}],"wp:attachment":[{"href":"https:\/\/www.europesays.com\/it\/wp-json\/wp\/v2\/media?parent=263548"}],"wp:term":[{"taxonomy":"category","embeddable":true,"href":"https:\/\/www.europesays.com\/it\/wp-json\/wp\/v2\/categories?post=263548"},{"taxonomy":"post_tag","embeddable":true,"href":"https:\/\/www.europesays.com\/it\/wp-json\/wp\/v2\/tags?post=263548"}],"curies":[{"name":"wp","href":"https:\/\/api.w.org\/{rel}","templated":true}]}}