{"id":263572,"date":"2025-12-16T15:00:17","date_gmt":"2025-12-16T15:00:17","guid":{"rendered":"https:\/\/www.europesays.com\/it\/263572\/"},"modified":"2025-12-16T15:00:17","modified_gmt":"2025-12-16T15:00:17","slug":"juve-su-hojbjerg-si-pensa-al-rinforzo-a-centrocampo","status":"publish","type":"post","link":"https:\/\/www.europesays.com\/it\/263572\/","title":{"rendered":"Juve su Hojbjerg, si pensa al rinforzo a centrocampo"},"content":{"rendered":"<p>La <strong>Juventus <\/strong>si avvicina al mercato di gennaio con un pallino. L&#8217;idea della societ\u00e0 bianconera \u00e8 di portare alla Continassa un rinforzo che possa dare una mano in vista della corsa al quarto posto. Un regalo a Luciano Spalletti per la seconda parte di stagione.<\/p>\n<p>L&#8217;obiettivo \u00e8 chiaro e si chiama <strong>Pierre-Emile Hojbjerg<\/strong>, 30enne danese che la Juventus aveva gi\u00e0 provato a strappare al Marsiglia in estate salvo poi trovare il muori De Zerbi davanti.<\/p>\n<p>Hojbjerg, cosa pu\u00f2 dare alla Juventus<\/p>\n<p>Apprezzato per la sua esperienza e la sua leadership al centro del campo, <strong>Hojbjerg<\/strong> \u00e8 considerato perfetto sia per il 3-4-2-1 attualmente in uso sia per un eventuale 4-2-3-1. La situazione, per\u00f2, \u00e8 complessa nonostante i buoni rapporti tra i bianconeri ed il Marsiglia. I francesi non vogliono lasciarlo partire, su tutti De Zerbi che conta su di lui. Lo riporta La Gazzetta dello Sport, che evidenzia anche l&#8217;unica mossa possibile in casa Juventus per convincere l&#8217;OM a cedere Hojbjerg. Si tratta di un vecchio pupillo di <strong>De Zerbi<\/strong>, Manuel Locatelli.<\/p>\n","protected":false},"excerpt":{"rendered":"La Juventus si avvicina al mercato di gennaio con un pallino. L&#8217;idea della societ\u00e0 bianconera \u00e8 di portare&hellip;\n","protected":false},"author":3,"featured_media":263573,"comment_status":"","ping_status":"","sticky":false,"template":"","format":"standard","meta":{"footnotes":""},"categories":[1452],"tags":[721,719,720,1740,1537,90,89,251,1739,245,244],"class_list":{"0":"post-263572","1":"post","2":"type-post","3":"status-publish","4":"format-standard","5":"has-post-thumbnail","7":"category-calcio","8":"tag-calcio","9":"tag-fanta","10":"tag-fantacalcio","11":"tag-football","12":"tag-it","13":"tag-italia","14":"tag-italy","15":"tag-serie-a","16":"tag-soccer","17":"tag-sport","18":"tag-sports"},"share_on_mastodon":{"url":"https:\/\/pubeurope.com\/@it\/115729847259726160","error":""},"_links":{"self":[{"href":"https:\/\/www.europesays.com\/it\/wp-json\/wp\/v2\/posts\/263572","targetHints":{"allow":["GET"]}}],"collection":[{"href":"https:\/\/www.europesays.com\/it\/wp-json\/wp\/v2\/posts"}],"about":[{"href":"https:\/\/www.europesays.com\/it\/wp-json\/wp\/v2\/types\/post"}],"author":[{"embeddable":true,"href":"https:\/\/www.europesays.com\/it\/wp-json\/wp\/v2\/users\/3"}],"replies":[{"embeddable":true,"href":"https:\/\/www.europesays.com\/it\/wp-json\/wp\/v2\/comments?post=263572"}],"version-history":[{"count":0,"href":"https:\/\/www.europesays.com\/it\/wp-json\/wp\/v2\/posts\/263572\/revisions"}],"wp:featuredmedia":[{"embeddable":true,"href":"https:\/\/www.europesays.com\/it\/wp-json\/wp\/v2\/media\/263573"}],"wp:attachment":[{"href":"https:\/\/www.europesays.com\/it\/wp-json\/wp\/v2\/media?parent=263572"}],"wp:term":[{"taxonomy":"category","embeddable":true,"href":"https:\/\/www.europesays.com\/it\/wp-json\/wp\/v2\/categories?post=263572"},{"taxonomy":"post_tag","embeddable":true,"href":"https:\/\/www.europesays.com\/it\/wp-json\/wp\/v2\/tags?post=263572"}],"curies":[{"name":"wp","href":"https:\/\/api.w.org\/{rel}","templated":true}]}}