{"id":263622,"date":"2025-12-16T15:48:11","date_gmt":"2025-12-16T15:48:11","guid":{"rendered":"https:\/\/www.europesays.com\/it\/263622\/"},"modified":"2025-12-16T15:48:11","modified_gmt":"2025-12-16T15:48:11","slug":"dopo-quasi-11-mesi-e-stata-portata-via-la-nave-cargo-incagliata-a-marina-di-massa","status":"publish","type":"post","link":"https:\/\/www.europesays.com\/it\/263622\/","title":{"rendered":"Dopo quasi 11 mesi \u00e8 stata portata via la nave cargo incagliata a Marina di Massa"},"content":{"rendered":"<p>Dopo quasi undici mesi \u00e8 stata portata via da Marina di Massa la <a href=\"https:\/\/www.ilpost.it\/2025\/11\/05\/marina-massa-iniziata-rimozione-guang-rong\/\" rel=\"nofollow noopener\" target=\"_blank\">nave cargo Guang Rong<\/a>, che si era incagliata davanti al pontile la sera del 28 gennaio in seguito a un incidente, provocando diversi danni. Le operazioni per rimuoverla erano cominciate a inizio novembre, dopo essere state rimandate varie volte: ora la nave \u00e8 stata portata a Livorno e l\u2019armatore dovr\u00e0 decidere cosa farne.<\/p>\n<p>Nelle scorse settimane era stato rimosso il carico dalla nave, circa novemila tonnellate di materiali di scarto dalle cave di marmo. Luned\u00ec mattina la nave, lunga 100 metri, \u00e8 stata rimessa in galleggiamento per verificarne la stabilit\u00e0; poi \u00e8 stata attaccata a due rimorchiatori, che in serata si sono diretti verso Livorno.<\/p>\n<p>Non \u00e8 ancora chiaro cosa abbia causato l\u2019incidente della Guang Rong, oltre al maltempo. Sulla vicenda indaga la procura di Massa. Nessuna delle 12 persone a bordo comunque era rimasta ferita e non c\u2019erano stati danni ambientali.<\/p>\n","protected":false},"excerpt":{"rendered":"Dopo quasi undici mesi \u00e8 stata portata via da Marina di Massa la nave cargo Guang Rong, che&hellip;\n","protected":false},"author":3,"featured_media":263623,"comment_status":"","ping_status":"","sticky":false,"template":"","format":"standard","meta":{"footnotes":""},"categories":[79],"tags":[14,93,94,1537,90,89,7,15,11,84,91,12,85,92],"class_list":{"0":"post-263622","1":"post","2":"type-post","3":"status-publish","4":"format-standard","5":"has-post-thumbnail","7":"category-italia","8":"tag-cronaca","9":"tag-cronaca-italiana","10":"tag-cronacaitaliana","11":"tag-it","12":"tag-italia","13":"tag-italy","14":"tag-news","15":"tag-notizie","16":"tag-ultime-notizie","17":"tag-ultime-notizie-e-news-di-oggi","18":"tag-ultime-notizie-italia","19":"tag-ultimenotizie","20":"tag-ultimenotizieenewsdioggi","21":"tag-ultimenotizieitalia"},"share_on_mastodon":{"url":"https:\/\/pubeurope.com\/@it\/115730035940537464","error":""},"_links":{"self":[{"href":"https:\/\/www.europesays.com\/it\/wp-json\/wp\/v2\/posts\/263622","targetHints":{"allow":["GET"]}}],"collection":[{"href":"https:\/\/www.europesays.com\/it\/wp-json\/wp\/v2\/posts"}],"about":[{"href":"https:\/\/www.europesays.com\/it\/wp-json\/wp\/v2\/types\/post"}],"author":[{"embeddable":true,"href":"https:\/\/www.europesays.com\/it\/wp-json\/wp\/v2\/users\/3"}],"replies":[{"embeddable":true,"href":"https:\/\/www.europesays.com\/it\/wp-json\/wp\/v2\/comments?post=263622"}],"version-history":[{"count":0,"href":"https:\/\/www.europesays.com\/it\/wp-json\/wp\/v2\/posts\/263622\/revisions"}],"wp:featuredmedia":[{"embeddable":true,"href":"https:\/\/www.europesays.com\/it\/wp-json\/wp\/v2\/media\/263623"}],"wp:attachment":[{"href":"https:\/\/www.europesays.com\/it\/wp-json\/wp\/v2\/media?parent=263622"}],"wp:term":[{"taxonomy":"category","embeddable":true,"href":"https:\/\/www.europesays.com\/it\/wp-json\/wp\/v2\/categories?post=263622"},{"taxonomy":"post_tag","embeddable":true,"href":"https:\/\/www.europesays.com\/it\/wp-json\/wp\/v2\/tags?post=263622"}],"curies":[{"name":"wp","href":"https:\/\/api.w.org\/{rel}","templated":true}]}}