{"id":263626,"date":"2025-12-16T15:54:46","date_gmt":"2025-12-16T15:54:46","guid":{"rendered":"https:\/\/www.europesays.com\/it\/263626\/"},"modified":"2025-12-16T15:54:46","modified_gmt":"2025-12-16T15:54:46","slug":"applausi-talento-e-una-sfida-trasformata-in-festa-successo-del-primo-trofeo-di-golf-dei-circoli-storici-di-roma","status":"publish","type":"post","link":"https:\/\/www.europesays.com\/it\/263626\/","title":{"rendered":"Applausi, talento e una sfida trasformata in festa: successo del primo Trofeo di golf dei Circoli Storici di Roma"},"content":{"rendered":"<p><b>ROMA \u2013<\/b> Agonismo, amicizia, qualche colpo spettacolare, tantissimo divertimento. Sono gli ingredienti di una delle manifestazioni sportive amatoriali pi\u00f9 riuscite di quest\u2019anno a Roma. Una giornata di sole splendente ha fatto da cornice al successo del <b>1\u00b0 Trofeo di Golf dei Circoli Storici di Roma<\/b>, organizzato dal <b>Circolo dei Magistrati della Corte dei Conti<\/b> e ospitato nello scenario del <b>Golf Terre dei Consoli.<\/b><\/p>\n<p>I circoli storici della Capitale \u2013 <b>Aniene, Tevere Remo, Sporting Eur, Ct Eur, Parioli, CC Roma e CC Lazio e Magistrati della Corte dei Conti<\/b> \u2013 con alle spalle decenni di tradizione tennistica, si sono sfidati in una competizione unica nel suo genere: non sulla terra rossa, non sotto rete, e neppure davanti alle porte di un campo di calcetto, ma sul green, tra swing, buche impegnative e tanta voglia di condividere la passione per il golf.<\/p>\n<p>    <img decoding=\"async\" src=\"https:\/\/www.europesays.com\/it\/wp-content\/uploads\/2025\/12\/114520632-bb606377-75cf-438b-b6fa-5df17c771004.jpg\" alt=\"Gianluca Castiglione, organizzatore del primo Trofeo dei Circoli Storici di Roma\" class=\"lazyload\"\/><\/p>\n<p>      Gianluca Castiglione, organizzatore del primo Trofeo dei Circoli Storici di Roma\u00a0<\/p>\n<p><b>L\u2019organizzazione <\/b><\/p>\n<p>Entusiasta <b>Gianluca Castiglione &#8211; <\/b>ideatore e organizzatore della manifestazione &#8211; mentre osserva l\u2019aggiornamento della classifica, racconta: \u00abSono davvero felice che tutto abbia funzionato al meglio e mi auguro che questa possa essere la prima di tante altre sfide sul green con gli amici degli altri circoli. Ci tengo a ringraziare la regia di Just Golf giovane realt\u00e0 golfistica ma gi\u00e0 in grado di sostenere eventi di tale portata, la professionalit\u00e0 di tutta la segreteria di Terre dei Consoli e infine lo sponsor Geko, senza il quale non avremmo potuto organizzare una manifestazione cos\u00ec ricca\u00bb.<\/p>\n<p>\u00abUn sentito ringraziamento al Circolo Magistrati della Corte dei Conti per la perfetta organizzazione di un evento che dar\u00e0 ulteriore impulso alla nostra comunit\u00e0 sportiva\u00bb, ha sottolineato <strong>Maurizio Romeo<\/strong>, Presidente dei Circoli Storici.<\/p>\n<p>    <img decoding=\"async\" src=\"https:\/\/www.europesays.com\/it\/wp-content\/uploads\/2025\/12\/114450991-bd8e1822-774d-4334-997c-a4f8ba93c463.jpg\" alt=\"Stefano Castiglione, presidente del circolo Corte dei Conti e accanto Attilio De Duilio, uno dei giocatori del circolo dei magistrati\" class=\"lazyload\"\/><\/p>\n<p>      Stefano Castiglione, presidente del circolo Corte dei Conti e accanto Attilio De Duilio, uno dei giocatori del circolo dei magistrati\u00a0<\/p>\n<p><b>Atmosfera di amicizia e condivisione<\/b><\/p>\n<p>\u00abLe splendide condizioni atmosferiche hanno reso ancora pi\u00f9 piacevole un evento che ha rinnovato con entusiasmo l\u2019amicizia e lo spirito di condivisione tra i nostri circoli\u00bb, ha dichiarato <b>Stefano Castiglione<\/b>, presidente del Circolo dei Magistrati: \u00abGrazie anche al Circolo Terre dei Consoli, che ci ha ospitati nel suo bellissimo campo, con fairway e green degni dell\u2019European Tour.<\/p>\n<p>    <img decoding=\"async\" src=\"https:\/\/www.europesays.com\/it\/wp-content\/uploads\/2025\/12\/114514661-bc118cf4-e271-42de-8cc6-a3874c1bd21b.jpg\" alt=\"Giorgio Regoli\" class=\"lazyload\"\/><\/p>\n<p>      Giorgio Regoli\u00a0<\/p>\n<p><b>I protagonisti<\/b><\/p>\n<p>Tra i giocatori in campo, spicca la presenza del giovanissimo <b>Giorgio Regoli<\/b>, 13 anni, gi\u00e0 in nazionale e considerato il miglior talento italiano della sua et\u00e0. La sua partecipazione ha dato ulteriore prestigio alla competizione, dimostrando come il golf possa unire generazioni diverse. \u00ab\u00c8 stato emozionante vedere un ragazzo cos\u00ec giovane competere con tanta maturit\u00e0\u00bb, hanno commentato i presenti.<\/p>\n<p>    <img decoding=\"async\" src=\"https:\/\/www.europesays.com\/it\/wp-content\/uploads\/2025\/12\/114501771-5252d30b-fcba-4d85-9116-fda6af605f67.jpg\" alt=\"La squadra dello Sport Eur, vincitrice della prima edizione del Trofeo dei Circoli Storici di Roma\" class=\"lazyload\"\/><\/p>\n<p>      La squadra dello Sport Eur, vincitrice della prima edizione del Trofeo dei Circoli Storici di Roma\u00a0<\/p>\n<p><b>La classifica finale<\/b><\/p>\n<p>La vittoria \u00e8 rimasta in bilico fino all\u2019ultima buca: dopo quasi sei ore di battaglia, a trionfare \u00e8 stato lo <b>Sporting Eur<\/b>, che ha superato di un solo punto il <b>Parioli<\/b> e l\u2019<b>Aniene<\/b>, costretti ad accontentarsi rispettivamente del secondo e terzo posto. A sollevare la coppa \u00e8 stato il capitano dello Sporting Eur, <b>Maurizio Paniccia<\/b>, tra gli applausi di tutti i presenti. Il miglior score netto di giornata \u00e8 andato a <b>Christian Porath<\/b> del <b>CC Lazio<\/b>, autore di una prestazione impeccabile che ha confermato il buon livello tecnico della competizione.<\/p>\n<p>    <img decoding=\"async\" src=\"https:\/\/www.europesays.com\/it\/wp-content\/uploads\/2025\/12\/114530460-d11256e6-9d1c-47e4-82c1-54e8e95ae0f1.jpg\" alt=\"Maurizio Paniccia\" class=\"lazyload\"\/><\/p>\n<p>      Maurizio Paniccia\u00a0<\/p>\n<p><b>I prossimi progetti<\/b><\/p>\n<p>L\u2019entusiasmo vissuto al <b>1\u00b0 Trofeo dei Circoli Storici di Roma<\/b> non si esaurisce per\u00f2 con la premiazione finale. I capitani dei rispettivi circoli hanno infatti gi\u00e0 manifestato la volont\u00e0 di trasformare questa esperienza in un appuntamento ricorrente, capace di scandire la stagione sportiva con nuove sfide sul green.<\/p>\n<p>\u00abCi siamo dati appuntamento a breve \u2013 ha spiegato <strong>Gianluca Castiglione<\/strong> \u2013 per definire un calendario che possa coinvolgere tutti i nostri sodalizi. L\u2019obiettivo \u00e8 creare un circuito che, gara dopo gara, alimenti una rivalit\u00e0 sana e appassionante, rafforzando al tempo stesso i legami di amicizia e la tradizione che ci accomuna\u00bb.<\/p>\n<p>L\u2019idea \u00e8 quella di dare vita a un percorso condiviso, con <b>pi\u00f9 tappe distribuite nel corso dell\u2019anno<\/b>, ospitate a rotazione dai diversi circoli storici della Capitale. Un progetto che non solo valorizzer\u00e0 il golf come nuova frontiera della competizione tra club, ma offrir\u00e0 anche occasioni di incontro e convivialit\u00e0 per soci e famiglie.<\/p>\n<p>    <img decoding=\"async\" src=\"https:\/\/www.europesays.com\/it\/wp-content\/uploads\/2025\/12\/114301681-1e03e247-3f46-4994-b5a8-6042681a7203.jpg\" class=\"lazyload\"\/><\/p>\n<p>    <img decoding=\"async\" src=\"https:\/\/www.europesays.com\/it\/wp-content\/uploads\/2025\/12\/114308307-732fd72b-3ecc-4a02-bb82-dbe9a8ad2624.jpg\" class=\"lazyload\"\/><\/p>\n<p>    <img decoding=\"async\" src=\"https:\/\/www.europesays.com\/it\/wp-content\/uploads\/2025\/12\/114318746-b13807bd-ed29-4f01-b980-aba2aea71336.jpg\" class=\"lazyload\"\/><\/p>\n<p>    <img decoding=\"async\" src=\"https:\/\/www.europesays.com\/it\/wp-content\/uploads\/2025\/12\/114326543-cd12f02c-412f-44e1-af87-9588f00497e3.jpg\" class=\"lazyload\"\/><\/p>\n<p>    <img decoding=\"async\" src=\"https:\/\/www.europesays.com\/it\/wp-content\/uploads\/2025\/12\/114337325-bf49b93c-e64d-4143-9a25-c84e59001fb2.jpg\" class=\"lazyload\"\/><\/p>\n<p>    <img decoding=\"async\" src=\"https:\/\/www.europesays.com\/it\/wp-content\/uploads\/2025\/12\/114347518-646751bc-a948-4004-ae29-61773606306c.jpg\" class=\"lazyload\"\/><\/p>\n<p>    <img decoding=\"async\" src=\"https:\/\/www.europesays.com\/it\/wp-content\/uploads\/2025\/12\/114355098-3c52a6e8-d12c-47cd-93c4-f1d378e93da2.jpg\" class=\"lazyload\"\/><\/p>\n<p>    <img decoding=\"async\" src=\"https:\/\/www.europesays.com\/it\/wp-content\/uploads\/2025\/12\/114405863-a5cba01f-e37b-46e4-9aea-ac813628278c.jpg\" class=\"lazyload\"\/><\/p>\n<p>    <img decoding=\"async\" src=\"https:\/\/www.europesays.com\/it\/wp-content\/uploads\/2025\/12\/114419890-e79f2970-a26b-4af9-aad3-6096b3726c29.jpg\" class=\"lazyload\"\/><\/p>\n<p>    <img decoding=\"async\" src=\"https:\/\/www.europesays.com\/it\/wp-content\/uploads\/2025\/12\/114430141-78820875-2365-4276-af48-12f83c8cbe4a.jpg\" class=\"lazyload\"\/><\/p>\n<p>    <img decoding=\"async\" src=\"https:\/\/www.europesays.com\/it\/wp-content\/uploads\/2025\/12\/114441674-59755244-1f34-49aa-bc94-adf992737881.jpg\" class=\"lazyload\"\/><\/p>\n<p>    <img decoding=\"async\" src=\"https:\/\/www.europesays.com\/it\/wp-content\/uploads\/2025\/12\/121509099-fbc3b5eb-47f4-40f6-9a59-790c5eeab3a7.jpg\" class=\"lazyload\"\/><\/p>\n<p>    <img decoding=\"async\" src=\"https:\/\/www.europesays.com\/it\/wp-content\/uploads\/2025\/12\/121531247-4deece0b-cf89-4dbc-bbbe-eed4ea33f4fd.jpg\" class=\"lazyload\"\/><\/p>\n<p>    <img decoding=\"async\" src=\"https:\/\/www.europesays.com\/it\/wp-content\/uploads\/2025\/12\/121542030-0ffea9ab-be30-4e38-b320-91aae6229795.jpg\" class=\"lazyload\"\/><\/p>\n<p>    <img decoding=\"async\" src=\"https:\/\/www.europesays.com\/it\/wp-content\/uploads\/2025\/12\/121551389-856edec9-2970-4d47-81b1-93e68fd325f9.jpg\" class=\"lazyload\"\/><\/p>\n<p>    <img decoding=\"async\" src=\"https:\/\/www.europesays.com\/it\/wp-content\/uploads\/2025\/12\/121600062-f1f458f3-ac11-4c8a-93c9-92d73411eb25.jpg\" class=\"lazyload\"\/><\/p>\n<p>    <img decoding=\"async\" src=\"https:\/\/www.europesays.com\/it\/wp-content\/uploads\/2025\/12\/121613713-e789c993-5f35-41e1-80c5-4051c051440b.jpg\" class=\"lazyload\"\/><\/p>\n<p>    <img decoding=\"async\" src=\"https:\/\/www.europesays.com\/it\/wp-content\/uploads\/2025\/12\/121628302-9fc599a5-080d-4e47-8327-f9c4d6a8e031.jpg\" class=\"lazyload\"\/><\/p>\n<p>    <img decoding=\"async\" src=\"https:\/\/www.europesays.com\/it\/wp-content\/uploads\/2025\/12\/121641788-e2d94546-8e4b-4264-85e0-a4212be5d766.jpg\" class=\"lazyload\"\/><\/p>\n<p>    <img decoding=\"async\" src=\"https:\/\/www.europesays.com\/it\/wp-content\/uploads\/2025\/12\/121654621-a8c4f38f-a466-4c5e-ad17-e508f38dce5f.jpg\" class=\"lazyload\"\/><\/p>\n<p>    <img decoding=\"async\" src=\"https:\/\/www.europesays.com\/it\/wp-content\/uploads\/2025\/12\/121709594-301f6fc2-9387-4fcf-80bd-d262fde10778.jpg\" class=\"lazyload\"\/><\/p>\n","protected":false},"excerpt":{"rendered":"ROMA \u2013 Agonismo, amicizia, qualche colpo spettacolare, tantissimo divertimento. Sono gli ingredienti di una delle manifestazioni sportive amatoriali&hellip;\n","protected":false},"author":3,"featured_media":263627,"comment_status":"","ping_status":"","sticky":false,"template":"","format":"standard","meta":{"footnotes":""},"categories":[1475],"tags":[1933,1537,90,89,245,244],"class_list":{"0":"post-263626","1":"post","2":"type-post","3":"status-publish","4":"format-standard","5":"has-post-thumbnail","7":"category-golf","8":"tag-golf","9":"tag-it","10":"tag-italia","11":"tag-italy","12":"tag-sport","13":"tag-sports"},"share_on_mastodon":{"url":"https:\/\/pubeurope.com\/@it\/115730060439357064","error":""},"_links":{"self":[{"href":"https:\/\/www.europesays.com\/it\/wp-json\/wp\/v2\/posts\/263626","targetHints":{"allow":["GET"]}}],"collection":[{"href":"https:\/\/www.europesays.com\/it\/wp-json\/wp\/v2\/posts"}],"about":[{"href":"https:\/\/www.europesays.com\/it\/wp-json\/wp\/v2\/types\/post"}],"author":[{"embeddable":true,"href":"https:\/\/www.europesays.com\/it\/wp-json\/wp\/v2\/users\/3"}],"replies":[{"embeddable":true,"href":"https:\/\/www.europesays.com\/it\/wp-json\/wp\/v2\/comments?post=263626"}],"version-history":[{"count":0,"href":"https:\/\/www.europesays.com\/it\/wp-json\/wp\/v2\/posts\/263626\/revisions"}],"wp:featuredmedia":[{"embeddable":true,"href":"https:\/\/www.europesays.com\/it\/wp-json\/wp\/v2\/media\/263627"}],"wp:attachment":[{"href":"https:\/\/www.europesays.com\/it\/wp-json\/wp\/v2\/media?parent=263626"}],"wp:term":[{"taxonomy":"category","embeddable":true,"href":"https:\/\/www.europesays.com\/it\/wp-json\/wp\/v2\/categories?post=263626"},{"taxonomy":"post_tag","embeddable":true,"href":"https:\/\/www.europesays.com\/it\/wp-json\/wp\/v2\/tags?post=263626"}],"curies":[{"name":"wp","href":"https:\/\/api.w.org\/{rel}","templated":true}]}}