{"id":263646,"date":"2025-12-16T16:09:14","date_gmt":"2025-12-16T16:09:14","guid":{"rendered":"https:\/\/www.europesays.com\/it\/263646\/"},"modified":"2025-12-16T16:09:14","modified_gmt":"2025-12-16T16:09:14","slug":"donnarumma-miglior-portiere-al-mondo-anche-per-i-best-fifa-awards","status":"publish","type":"post","link":"https:\/\/www.europesays.com\/it\/263646\/","title":{"rendered":"Donnarumma miglior portiere al mondo anche per i Best Fifa Awards"},"content":{"rendered":"<p>    di<br \/>\n    Redazione Sport<\/p>\n<p class=\"summary-art is-line-h-12\">Dopo la conquista del suo secondo Trofeo Yashin e il nono posto nel Pallone d&#8217;Oro, nuovo successo per il portiere della Nazionale e del Manchester City Gigio Donnarumma: vince il Best Fifa Awards che sar\u00e0 assegnato stasera<\/p>\n<p class=\"chapter-paragraph\">Gianluigi <b>Donnarumma miglior portiere del 2025<\/b>. Il capitano della Nazionale ed estremo difensore del Manchester City (nella prima parte dell&#8217;anno ha giocato nel Psg) sar\u00e0 uno dei premiati nel corso della cerimonia del The Best Fifa Football Awards 2025 in programma oggi \u2014 ore 18, diretta streaming su Fifa.com\u00a0\u2014 a Doha.<\/p>\n<p class=\"chapter-paragraph\">Gigio ha <b>battuto la concorrenza di Alisson<\/b> Becker (Brasile, Liverpool), Thibaut <b>Courtois <\/b>(Belgio, Real Madrid), Emiliano <b>\u00abDibu\u00bb Martinez <\/b>(Argentina, Aston Villa), Manuel <b>Neuer <\/b>(Germania, Bayern Monaco), David <b>Raya <\/b>(Spagna, Arsenal), Yann <b>Sommer <\/b>(Svizzera, Inter) e Wojciech <b>Szczesny <\/b>(Polonia, Barcellona).\u00a0    &#13;<br \/>\n&#13;<br \/>\n&#13;<br \/>\n&#13;<br \/>\n&#13;<br \/>\n&#13;<br \/>\n&#13;<br \/>\n&#13;<br \/>\n&#13;<br \/>\n&#13;<br \/>\n&#13;<br \/>\n&#13;<br \/>\n&#13;<br \/>\n&#13;<br \/>\n&#13;<br \/>\n&#13;<br \/>\n&#13;<br \/>\n&#13;<br \/>\n&#13;<br \/>\n&#13;<br \/>\n&#13;<br \/>\n&#13;<br \/>\n&#13;<br \/>\n&#13;<br \/>\n&#13;<br \/>\n&#13;<br \/>\n&#13;<br \/>\n&#13;<br \/>\n&#13;<br \/>\n&#13;<br \/>\n&#13;<br \/>\n&#13;<br \/>\n&#13;<br \/>\n&#13;<br \/>\n&#13;<br \/>\n&#13;<br \/>\n&#13;<br \/>\n&#13;<br \/>\n&#13;<br \/>\n&#13;<br \/>\n&#13;<br \/>\n&#13;<br \/>\n&#13;<br \/>\n&#13;<br \/>\n&#13;<br \/>\n&#13;<br \/>\n&#13;<br \/>\n&#13;<br \/>\n&#13;<br \/>\n&#13;<br \/>\n&#13;<br \/>\n&#13;<br \/>\n&#13;\n<\/p>\n<p class=\"chapter-paragraph\">A sceglierlo una <b>giuria internazionale composta da allenatori e capitani delle nazionali maschili<\/b> e giornalisti, oltre ai <b>voti dei tifosi<\/b>\u00a0 sul sito ufficiale della Fifa. Una giuria di esperti ha selezionato una rosa di candidati in base alle prestazioni e ai risultati ottenuti dai portieri tra l&#8217;11 agosto 2024 e il 2 agosto 2025.<\/p>\n<p class=\"chapter-paragraph\"><b>Con il Psg il portiere della Nazionale <\/b>ha vinto campionato, Coppa di Francia e <a href=\"https:\/\/www.corriere.it\/sport\/calcio\/champions-league\/diretta-live\/25_maggio_31\/psg-inter-diretta-finale-champions-league-live-1.shtml\" title=\"Inter travolta 5-0 dal Psg nella finale di Champions League 2025: doppietta di Dou\u00e9 e gol di Hakimi, Kvaratskhelia e Mayulu Diretta\" target=\"_blank\" rel=\"nofollow noopener\">Champions League<\/a>. \u00ab\u00c8 un grande onore vincere questo prestigioso premio e vorrei ringraziare tutti coloro che hanno votato per me \u2014 le parole di Donnarumma riportate dal sito del Manchester City \u2014. Sono estremamente orgoglioso di essere stato nominato il migliore al mondo, davanti a portieri cos\u00ec straordinari per i quali nutro grande rispetto e ammirazione\u00bb.<\/p>\n<p class=\"chapter-paragraph\">\u00abVincere la Champions League con il Psg \u00e8 stato un momento che rimarr\u00e0 per sempre nella mia memoria, ed \u00e8 <b>emozionante essere premiato<\/b> per il mio ruolo nei successi ottenuti in questo 2025 \u2014 ha aggiunto il capitano azzurro \u2014. Sono felice per questo riconoscimento e ora lavorer\u00f2 per raggiungere altri successi con il mio nuovo club, il Manchester City\u00bb.<\/p>\n<p class=\"chapter-paragraph\">Quest&#8217;anno Donnarumma \u00e8 stato inserito anche nel FifPro Men&#8217;s World 11 2025 e ha <a href=\"https:\/\/www.corriere.it\/sport\/calcio\/diretta-live\/25_settembre_22\/pallone-oro-2025-diretta-live-vincitore.shtml\" title=\"Demb\u00e9l\u00e9 Pallone d&#039;Oro 2025, battuto Yamal. Donnarumma miglior portiere e 9\u00b0 ; Bonmat\u00ed miglior donna\" target=\"_blank\" rel=\"nofollow noopener\">ricevuto (per la seconda volta) il Trofeo Yashin 2025\u00a0 \u2014 entrando anche nella top ten assoluta \u2014<\/a> durante la cerimonia di premiazione del Pallone d&#8217;Oro.<\/p>\n<p class=\"is-last-update\" datetime=\"2025-12-16T15:01:52+01:00\">16 dicembre 2025<\/p>\n<p class=\"is-copyright\">\n            \u00a9 RIPRODUZIONE RISERVATA\n        <\/p>\n","protected":false},"excerpt":{"rendered":"di Redazione Sport Dopo la conquista del suo secondo Trofeo Yashin e il nono posto nel Pallone d&#8217;Oro,&hellip;\n","protected":false},"author":3,"featured_media":263647,"comment_status":"","ping_status":"","sticky":false,"template":"","format":"standard","meta":{"footnotes":""},"categories":[176],"tags":[2699,14048,6679,154914,154915,8230,818,1969,1970,820,14394,154916,154917,32956,154918,18401,17773,1537,90,89,1980,5364,13564,2197,154919,2855,14393,245,244],"class_list":{"0":"post-263646","1":"post","2":"type-post","3":"status-publish","4":"format-standard","5":"has-post-thumbnail","7":"category-sport","8":"tag-agosto","9":"tag-awards","10":"tag-best","11":"tag-best-fifa","12":"tag-best-fifa-awards","13":"tag-capitano","14":"tag-cerimonia","15":"tag-champions","16":"tag-champions-league","17":"tag-city","18":"tag-donnarumma","19":"tag-donnarumma-miglior","20":"tag-donnarumma-miglior-portiere","21":"tag-fifa","22":"tag-fifa-awards","23":"tag-gigio","24":"tag-giuria","25":"tag-it","26":"tag-italia","27":"tag-italy","28":"tag-league","29":"tag-manchester","30":"tag-manchester-city","31":"tag-miglior","32":"tag-miglior-portiere","33":"tag-portiere","34":"tag-psg","35":"tag-sport","36":"tag-sports"},"share_on_mastodon":{"url":"https:\/\/pubeurope.com\/@it\/115730118482200855","error":""},"_links":{"self":[{"href":"https:\/\/www.europesays.com\/it\/wp-json\/wp\/v2\/posts\/263646","targetHints":{"allow":["GET"]}}],"collection":[{"href":"https:\/\/www.europesays.com\/it\/wp-json\/wp\/v2\/posts"}],"about":[{"href":"https:\/\/www.europesays.com\/it\/wp-json\/wp\/v2\/types\/post"}],"author":[{"embeddable":true,"href":"https:\/\/www.europesays.com\/it\/wp-json\/wp\/v2\/users\/3"}],"replies":[{"embeddable":true,"href":"https:\/\/www.europesays.com\/it\/wp-json\/wp\/v2\/comments?post=263646"}],"version-history":[{"count":0,"href":"https:\/\/www.europesays.com\/it\/wp-json\/wp\/v2\/posts\/263646\/revisions"}],"wp:featuredmedia":[{"embeddable":true,"href":"https:\/\/www.europesays.com\/it\/wp-json\/wp\/v2\/media\/263647"}],"wp:attachment":[{"href":"https:\/\/www.europesays.com\/it\/wp-json\/wp\/v2\/media?parent=263646"}],"wp:term":[{"taxonomy":"category","embeddable":true,"href":"https:\/\/www.europesays.com\/it\/wp-json\/wp\/v2\/categories?post=263646"},{"taxonomy":"post_tag","embeddable":true,"href":"https:\/\/www.europesays.com\/it\/wp-json\/wp\/v2\/tags?post=263646"}],"curies":[{"name":"wp","href":"https:\/\/api.w.org\/{rel}","templated":true}]}}