{"id":263707,"date":"2025-12-16T16:56:21","date_gmt":"2025-12-16T16:56:21","guid":{"rendered":"https:\/\/www.europesays.com\/it\/263707\/"},"modified":"2025-12-16T16:56:21","modified_gmt":"2025-12-16T16:56:21","slug":"il-club-francese-dovra-pagare-61-milioni-di-euro","status":"publish","type":"post","link":"https:\/\/www.europesays.com\/it\/263707\/","title":{"rendered":"il club francese dovr\u00e0 pagare 61 milioni di euro"},"content":{"rendered":"<p>\n                            Moda e Tendenze, ogni marted\u00ec<br \/>\n                            <b>Iscriviti<\/b> e ricevi le notizie via email\n                        <\/p>\n<p>Dopo mesi di battaglie legali, alla fine<strong> Kylian Mbapp\u00e9 ha vinto la causa contro il suo ex club, il Paris Saint-Germain<\/strong>. L&#8217;attaccante francese aveva portato in tribunale il club parigino dopo il suo addio nell&#8217;estate 2024 e aveva chiesto il risarcimento di vari stipendi e bonus che, a detta del calciatore, non gli erano stati pagati al momento della scadenza del contratto.\u00a0<\/p>\n<p>&#13;<br \/>\n    APPROFONDIMENTI&#13;<\/p>\n<p>&#13;<\/p>\n<p>                <a href=\"https:\/\/www.ilmessaggero.it\/fotogallery\/sport\/roma_como_serie_a_15_giornata-9247190.html\" title=\"Foto\" rel=\"nofollow noopener\" target=\"_blank\"><img loading=\"lazy\" decoding=\"async\" src=\"https:\/\/www.europesays.com\/it\/wp-content\/uploads\/2025\/12\/9247190_15222120_onecms_1nv1rgci0bql3f65rva.jpg\" title=\"Foto\" width=\"64\" height=\"64\" data-pagespeed-no-transform=\"\"\/><\/a>            <\/p>\n<p>    &#13;<\/p>\n<p>&#13;<\/p>\n<p>                <a href=\"https:\/\/www.ilmessaggero.it\/sport\/calcio\/diao_infortunio_roma_como_cosa_e_successo_salta_coppa_d_africa_out_addai-9247149.html\" title=\"Diao infortunio, out per un problema muscolare\" rel=\"nofollow noopener\" target=\"_blank\"><img loading=\"lazy\" decoding=\"async\" src=\"https:\/\/www.europesays.com\/it\/wp-content\/uploads\/2025\/12\/9247149_15214155_onecms_1nv11gli4526ape828p.jpg\" title=\"Diao infortunio, out per un problema muscolare\" width=\"64\" height=\"64\" data-pagespeed-no-transform=\"\"\/><\/a>            <\/p>\n<p>    &#13;<\/p>\n<p>    &#13;<\/p>\n<p>Mbapp\u00e9 ricever\u00e0 61 mln dal Psg <\/p>\n<p>I legali di Kylian Mbapp\u00e9, come riporta RMC Sport,\u00a0avevano chiesto un risarcimento totale di 263 milioni di euro per il licenziamento senza giusta causa, molestie morali e\u00a0cessazione sleale del contratto del lavoro. <\/p>\n<p>Il Psg, dal canto suo, ha contrattaccato chiedendo 440 milioni di euro, avendo subito danni d&#8217;immagine e avendo perso l&#8217;opportunit\u00e0 di incassare dal trasferimento del francese al Real Madrid.\u00a0<\/p>\n<p>Alla fine il tribunale ha decretato che<strong> sar\u00e0 il club parigino a dover pagare Mbapp\u00e9. Il centravanti classe &#8217;98 ricever\u00e0 circa 61 milioni di euro<\/strong>, una cifra esorbitante ma minore rispetto a quanto richiesto dai suoi legali.\u00a0<\/p>\n<p>&#13;<br \/>\n                            \u00a9 RIPRODUZIONE RISERVATA&#13;<\/p>\n<p>&#13;<\/p>\n","protected":false},"excerpt":{"rendered":"Moda e Tendenze, ogni marted\u00ec Iscriviti e ricevi le notizie via email Dopo mesi di battaglie legali, alla&hellip;\n","protected":false},"author":3,"featured_media":263708,"comment_status":"","ping_status":"","sticky":false,"template":"","format":"standard","meta":{"footnotes":""},"categories":[1452],"tags":[721,1740,1537,90,89,84366,56030,13562,14393,1739,245,244],"class_list":{"0":"post-263707","1":"post","2":"type-post","3":"status-publish","4":"format-standard","5":"has-post-thumbnail","7":"category-calcio","8":"tag-calcio","9":"tag-football","10":"tag-it","11":"tag-italia","12":"tag-italy","13":"tag-kylian-mbappe","14":"tag-mbappe","15":"tag-paris-saint-germain","16":"tag-psg","17":"tag-soccer","18":"tag-sport","19":"tag-sports"},"share_on_mastodon":{"url":"https:\/\/pubeurope.com\/@it\/115730304103129988","error":""},"_links":{"self":[{"href":"https:\/\/www.europesays.com\/it\/wp-json\/wp\/v2\/posts\/263707","targetHints":{"allow":["GET"]}}],"collection":[{"href":"https:\/\/www.europesays.com\/it\/wp-json\/wp\/v2\/posts"}],"about":[{"href":"https:\/\/www.europesays.com\/it\/wp-json\/wp\/v2\/types\/post"}],"author":[{"embeddable":true,"href":"https:\/\/www.europesays.com\/it\/wp-json\/wp\/v2\/users\/3"}],"replies":[{"embeddable":true,"href":"https:\/\/www.europesays.com\/it\/wp-json\/wp\/v2\/comments?post=263707"}],"version-history":[{"count":0,"href":"https:\/\/www.europesays.com\/it\/wp-json\/wp\/v2\/posts\/263707\/revisions"}],"wp:featuredmedia":[{"embeddable":true,"href":"https:\/\/www.europesays.com\/it\/wp-json\/wp\/v2\/media\/263708"}],"wp:attachment":[{"href":"https:\/\/www.europesays.com\/it\/wp-json\/wp\/v2\/media?parent=263707"}],"wp:term":[{"taxonomy":"category","embeddable":true,"href":"https:\/\/www.europesays.com\/it\/wp-json\/wp\/v2\/categories?post=263707"},{"taxonomy":"post_tag","embeddable":true,"href":"https:\/\/www.europesays.com\/it\/wp-json\/wp\/v2\/tags?post=263707"}],"curies":[{"name":"wp","href":"https:\/\/api.w.org\/{rel}","templated":true}]}}