{"id":263721,"date":"2025-12-16T17:04:13","date_gmt":"2025-12-16T17:04:13","guid":{"rendered":"https:\/\/www.europesays.com\/it\/263721\/"},"modified":"2025-12-16T17:04:13","modified_gmt":"2025-12-16T17:04:13","slug":"mortalita-ridotta-e-meno-attese","status":"publish","type":"post","link":"https:\/\/www.europesays.com\/it\/263721\/","title":{"rendered":"Mortalit\u00e0 ridotta e meno attese"},"content":{"rendered":"<p>Macerata, 16 dicembre 2025 \u2013\u00a0A spingere in alto<strong> la valutazione dell\u2019Agenas sulla Cardiologia dell\u2019ospedale di Macerata<\/strong>, una vera eccellenza c\u2019\u00e8 non solo, ma soprattutto, la pi\u00f9 bassa percentuale di mortalit\u00e0 nelle Marche (4,5%), rilevata nel 2024, per infarto al miocardio. Risultato frutto della professionalit\u00e0 degli operatori sanitari e delle procedure innovative attivate dalle equipe della Unit\u00e0 operativa semplice dipartimentale di Cardiologia interventistica, diretta da Francesco Pellone.<\/p>\n<p> <img alt=\"Francesco Pellone dirige l\u2019unit\u00e0 operativa di Cardiologia interventistica\" loading=\"lazy\" width=\"1600\" height=\"900\" decoding=\"async\" data-nimg=\"1\" style=\"color:transparent;max-width:100%;height:auto\"   src=\"https:\/\/www.europesays.com\/it\/wp-content\/uploads\/2025\/12\/francesco-pellone-dirige-lunita-operativa-di-cardiologia-interventistica.webp\"\/><\/p>\n<p>Francesco Pellone dirige l\u2019unit\u00e0 operativa di Cardiologia interventistica<\/p>\n<p><strong>Quanti sono gli infartuati che ogni anno afferiscono all\u2019ospedale di Macerata?<\/strong><\/p>\n<p>&#8220;Gli ultimi dati dicono 545. Sono circa 270 quelli che richiedono un intervento urgente, da trattare entro 90 minuti, con l\u2019applicazione di stent, e 275 quelli che \u2013 invece \u2013 non hanno bisogno di un intervento urgente e vanno trattati entro 24\/48 ore. Un numero elevato, che conferma quello che sappiamo da tempo: le malattie cardiovascolari sono tra le prime cause di morte. Ma la mortalit\u00e0, anche rispetto a dieci anni fa, \u00e8 molto diminuita&#8221;.<\/p>\n<p><strong>Quali i fattori che hanno permesso di migliorare la situazione?<\/strong><\/p>\n<p>&#8220;Una gestione medica acuta come l\u2019angioplastica, specifici programmi di riabilitazione cardiovascolare, una pi\u00f9 attenta prevenzione rispetto ai fattori di rischio, attraverso lo stile di vita e la terapia farmacologica a lungo termine, hanno un peso rilevante. A partire, soprattutto, dal primo, rispetto al quale negli ultimi anni qui a Macerata abbiamo cambiato molte cose&#8221;.<\/p>\n<p>Approfondisci:<\/p>\n<p><a href=\"https:\/\/www.ilrestodelcarlino.it\/bologna\/cronaca\/maurizio-denuncio-racket-costretto-chiudere-nidouw9p\" class=\"ArticleEmbed_article__embed__content__Jzqnz\" rel=\"nofollow noopener\" target=\"_blank\">Maurizio denunci\u00f2 il racket, ora \u00e8 costretto a chiudere: \u201cLo Stato mi tratta come un criminale\u201d<img alt=\"Maurizio denunci\u00f2 il racket, ora \u00e8 costretto a chiudere: \u201cLo Stato mi tratta come un criminale\u201d\" loading=\"lazy\" width=\"140\" height=\"78\" decoding=\"async\" data-nimg=\"1\" style=\"color:transparent\"  src=\"https:\/\/www.europesays.com\/it\/wp-content\/uploads\/2025\/12\/1765904652_794_image.webp\"\/><\/a> <\/p>\n<p><strong>Ci dica\u2026<\/strong><\/p>\n<p>&#8220;Questa mattina abbiamo avuto un paziente che circa una settimana fa si era rivolto all\u2019ambulatorio perch\u00e9 lamentava affanno. Abbiamo rilevato una coronaria occlusa e siamo intervenuti subito per la disostruzione. Oggi pomeriggio il paziente pu\u00f2 tornare tranquillamente a casa, tutto fatto in day hospital. Prima non era cos\u00ec. Il nostro servizio riusciva a funzionare solo mezza giornata o, addirittura, a giorni alterni. Adesso funziona 12 ore al giorno, tutti i giorni, con una variante importante. Dallo scorso aprile abbiamo attivato il day hospital per l\u2019esame coronarografico: ad oggi abbiamo fatto circa 300 day hospital. Se, effettuato l\u2019esame, il paziente non presenta problemi particolari, se ne va a casa pi\u00f9 o meno alle 16; se dobbiamo applicare un\u2019angioplastica o uno stent, invece, se ne va poco pi\u00f9 tardi, comunque in giornata. Se necessita di un ricovero, ovviamente, lo tratteniamo. Una procedura importante, non solo per i pazienti&#8221;.<\/p>\n<p><strong>Perch\u00e9?<\/strong><\/p>\n<p>&#8220;Perch\u00e9 in questo modo riduciamo i tempi di attesa sia per l\u2019esame coronarografico che, per chi ne ha bisogno, del ricovero&#8221;.<\/p>\n<p><strong>Quante sono, complessivamente, le prestazioni erogate dalla vostra unit\u00e0 operativa?<\/strong><\/p>\n<p>&#8220;Nel 2025 siamo a quota 1.470, in forte crescita rispetto alle 1.200 dell\u2019anno scorso&#8221;.<\/p>\n<p>Approfondisci:<\/p>\n<p><a href=\"https:\/\/www.ilrestodelcarlino.it\/bologna\/economia\/regalo-natale-dipendenti-antico-vinaio-gmi9mrhk\" class=\"ArticleEmbed_article__embed__content__Jzqnz\" rel=\"nofollow noopener\" target=\"_blank\">Regalo di Natale dell\u2019Antico Vinaio: 3mila euro e una settimana di ferie ai dipendenti<img alt=\"Regalo di Natale dell\u2019Antico Vinaio: 3mila euro e una settimana di ferie ai dipendenti\" loading=\"lazy\" width=\"140\" height=\"78\" decoding=\"async\" data-nimg=\"1\" style=\"color:transparent\"  src=\"https:\/\/www.europesays.com\/it\/wp-content\/uploads\/2025\/12\/1765904653_203_image.webp\"\/><\/a> <\/p>\n<p><strong>Di cosa stiamo parlando?<\/strong><\/p>\n<p>&#8220;Oltre ad infarti e coronarografie, con eventuali interventi conseguenti, applichiamo impianti di reducer, una procedura innovativa che consiste nell\u2019utilizzo di uno stent di metallo a forma di clessidra, per un restringimento controllato del seno coronarico e incrementarne la pressione a monte; effettuiamo la chiusura dell\u2019auricola sinistra, una efficace alternativa alla terapia anticoagulante, una metodica avanzata per trattare la fibrillazione atriale, l\u2019aritmia pi\u00f9 comune che rappresenta un riconosciuto fattore di rischio; la chiusura del forame ovale pervio, allo scopo di eliminare un fattore di rischio per nuove recidive di attacchi ischemici transitori o ictus; e trattiamo la stenosi valvolare aortica con valvuolplastica&#8221;.<\/p>\n<p><strong>Quale l\u2019et\u00e0 dei pazienti?<\/strong><\/p>\n<p>&#8220;Purtroppo, oltre a quelli che sono un po\u2019 pi\u00f9 su con gli anni, c\u2019\u00e8 un incremento nella fascia tra i 50 e i 60. Pesano, tutti insieme, stress, sedentariet\u00e0, obesit\u00e0 e stile di vita in genere. Agendo su questi fattori si possono ridurre i rischi&#8221;.<\/p>\n","protected":false},"excerpt":{"rendered":"Macerata, 16 dicembre 2025 \u2013\u00a0A spingere in alto la valutazione dell\u2019Agenas sulla Cardiologia dell\u2019ospedale di Macerata, una vera&hellip;\n","protected":false},"author":3,"featured_media":263722,"comment_status":"","ping_status":"","sticky":false,"template":"","format":"standard","meta":{"footnotes":""},"categories":[175],"tags":[19807,35271,239,154984,1537,90,89,2052,71717,16427,240],"class_list":{"0":"post-263721","1":"post","2":"type-post","3":"status-publish","4":"format-standard","5":"has-post-thumbnail","7":"category-salute","8":"tag-attese","9":"tag-cardiologia","10":"tag-health","11":"tag-infartuati","12":"tag-it","13":"tag-italia","14":"tag-italy","15":"tag-migliori","16":"tag-mortalita","17":"tag-ridotta","18":"tag-salute"},"share_on_mastodon":{"url":"https:\/\/pubeurope.com\/@it\/115730335824489385","error":""},"_links":{"self":[{"href":"https:\/\/www.europesays.com\/it\/wp-json\/wp\/v2\/posts\/263721","targetHints":{"allow":["GET"]}}],"collection":[{"href":"https:\/\/www.europesays.com\/it\/wp-json\/wp\/v2\/posts"}],"about":[{"href":"https:\/\/www.europesays.com\/it\/wp-json\/wp\/v2\/types\/post"}],"author":[{"embeddable":true,"href":"https:\/\/www.europesays.com\/it\/wp-json\/wp\/v2\/users\/3"}],"replies":[{"embeddable":true,"href":"https:\/\/www.europesays.com\/it\/wp-json\/wp\/v2\/comments?post=263721"}],"version-history":[{"count":0,"href":"https:\/\/www.europesays.com\/it\/wp-json\/wp\/v2\/posts\/263721\/revisions"}],"wp:featuredmedia":[{"embeddable":true,"href":"https:\/\/www.europesays.com\/it\/wp-json\/wp\/v2\/media\/263722"}],"wp:attachment":[{"href":"https:\/\/www.europesays.com\/it\/wp-json\/wp\/v2\/media?parent=263721"}],"wp:term":[{"taxonomy":"category","embeddable":true,"href":"https:\/\/www.europesays.com\/it\/wp-json\/wp\/v2\/categories?post=263721"},{"taxonomy":"post_tag","embeddable":true,"href":"https:\/\/www.europesays.com\/it\/wp-json\/wp\/v2\/tags?post=263721"}],"curies":[{"name":"wp","href":"https:\/\/api.w.org\/{rel}","templated":true}]}}