{"id":26373,"date":"2025-08-03T18:24:09","date_gmt":"2025-08-03T18:24:09","guid":{"rendered":"https:\/\/www.europesays.com\/it\/26373\/"},"modified":"2025-08-03T18:24:09","modified_gmt":"2025-08-03T18:24:09","slug":"horror-sunday-polignano-a-mare-il-tacco-di-bacco","status":"publish","type":"post","link":"https:\/\/www.europesays.com\/it\/26373\/","title":{"rendered":"Horror Sunday &#8211; Polignano a Mare &#8211;\u00a0il Tacco di Bacco"},"content":{"rendered":"<p>Pronti per l&#8217;<b>Horror Sunday<\/b>?<\/p>\n<p>Domenica 3 agosto, proietteremo <b>Bring her Back<\/b>, dei fratelli Philippou<\/p>\n<p>&#8220;Fatevi coraggio e non perdetevelo: Bring Her Back non \u00e8 solo un grande horror, \u00e8 uno dei film pi\u00f9 sconvolgenti, intensi, devastanti e strazianti degli ultimi anni, diretto da due registi di grande sensibilit\u00e0 ed empatia, due nuovi grandi maestri dell\u2019horror che hanno trasformato il proprio dolore in opere d\u2019arte.&#8221; (L. Negri, _Wired_)<\/p>\n<p>Solito setting a cielo aperto&#8230;con qualche batticuore in pi\u00f9 \ud83d\udc7b<\/p>\n<p>Che aspetti? Chiedi info o prenotati in DM!<\/p>\n<p>Ci vediamo in Viale delle Rimembranze 11, a Polignano a Mare<\/p>\n<p>Biglietto <b>intero 7\u20ac<\/b> | <b>ridotto 5,50 \u20ac <\/b>(over 65, under 18, tesserati Resine)<\/p>\n<p>Web:<br \/>\n                                            <a href=\"https:\/\/www.collettivoresine.it\" target=\"_blank\" rel=\"nofollow noopener\">www.collettivoresine.it<\/a>\n                                                                            <\/p>\n","protected":false},"excerpt":{"rendered":"Pronti per l&#8217;Horror Sunday? Domenica 3 agosto, proietteremo Bring her Back, dei fratelli Philippou &#8220;Fatevi coraggio e non&hellip;\n","protected":false},"author":3,"featured_media":26374,"comment_status":"","ping_status":"","sticky":false,"template":"","format":"standard","meta":{"footnotes":""},"categories":[1442],"tags":[27029,27027,203,454,204,1537,90,89,1521,27028],"class_list":{"0":"post-26373","1":"post","2":"type-post","3":"status-publish","4":"format-standard","5":"has-post-thumbnail","7":"category-film","8":"tag-dei-fratelli-philippou-fatevi-coraggio-e-non-polignano-a-mare","9":"tag-domenica-3-agosto-2025-pronti-per-laposhorror-sunday-domenica-3-agosto","10":"tag-entertainment","11":"tag-film","12":"tag-intrattenimento","13":"tag-it","14":"tag-italia","15":"tag-italy","16":"tag-movies","17":"tag-proietteremo-bring-her-back"},"share_on_mastodon":{"url":"","error":""},"_links":{"self":[{"href":"https:\/\/www.europesays.com\/it\/wp-json\/wp\/v2\/posts\/26373","targetHints":{"allow":["GET"]}}],"collection":[{"href":"https:\/\/www.europesays.com\/it\/wp-json\/wp\/v2\/posts"}],"about":[{"href":"https:\/\/www.europesays.com\/it\/wp-json\/wp\/v2\/types\/post"}],"author":[{"embeddable":true,"href":"https:\/\/www.europesays.com\/it\/wp-json\/wp\/v2\/users\/3"}],"replies":[{"embeddable":true,"href":"https:\/\/www.europesays.com\/it\/wp-json\/wp\/v2\/comments?post=26373"}],"version-history":[{"count":0,"href":"https:\/\/www.europesays.com\/it\/wp-json\/wp\/v2\/posts\/26373\/revisions"}],"wp:featuredmedia":[{"embeddable":true,"href":"https:\/\/www.europesays.com\/it\/wp-json\/wp\/v2\/media\/26374"}],"wp:attachment":[{"href":"https:\/\/www.europesays.com\/it\/wp-json\/wp\/v2\/media?parent=26373"}],"wp:term":[{"taxonomy":"category","embeddable":true,"href":"https:\/\/www.europesays.com\/it\/wp-json\/wp\/v2\/categories?post=26373"},{"taxonomy":"post_tag","embeddable":true,"href":"https:\/\/www.europesays.com\/it\/wp-json\/wp\/v2\/tags?post=26373"}],"curies":[{"name":"wp","href":"https:\/\/api.w.org\/{rel}","templated":true}]}}