{"id":263805,"date":"2025-12-16T18:15:14","date_gmt":"2025-12-16T18:15:14","guid":{"rendered":"https:\/\/www.europesays.com\/it\/263805\/"},"modified":"2025-12-16T18:15:14","modified_gmt":"2025-12-16T18:15:14","slug":"cdm-ciclocross-sven-nys-sulla-gara-del-figlio-quando-van-der-poel-ha-davvero-spinto-thibau-e-stato-lunico-a-riuscire-a-stargli-dietro","status":"publish","type":"post","link":"https:\/\/www.europesays.com\/it\/263805\/","title":{"rendered":"CDM Ciclocross, Sven Nys sulla gara del figlio: &#8220;Quando Van Der Poel ha davvero spinto, Thibau \u00e8 stato l&#8217;unico a riuscire a stargli dietro&#8221;"},"content":{"rendered":"<p>\t\t\t\t\t<a href=\"https:\/\/cyclingpro.net\/spaziociclismo\/altro\/scopri-lapp-ufficiale-di-spaziociclismo\/\" title=\"\" rel=\"nofollow noopener\" target=\"_blank\"><br \/>\n\t\t\t\t\t\t<img loading=\"lazy\" decoding=\"async\" src=\"https:\/\/www.europesays.com\/it\/wp-content\/uploads\/2025\/09\/1758060682_662_Banner-App-SpazioCiclismo.png\" alt=\"\" width=\"728\" height=\"91\"\/><br \/>\n\t\t\t\t\t<\/a><\/p>\n<p>Secondo il padre di <strong>Thibau Nys<\/strong>, il figlio potrebbe avere ancora chance di trionfare nelle prossime gare di <strong>Coppa del Mondo di Ciclocross<\/strong>. <strong>Sven Nys<\/strong>, ciclocrossista tra i pi\u00f9 forti di sempre e padre del giovane portacolori della Lidl-Trek, ha commentato la gara di <strong>Namur<\/strong> nella quale il figlio ha chiuso al secondo posto ed \u00e8 stato l\u2019unico in grado di tenere testa al dominatore indiscusso della disciplina, <strong>Mathieu Van Der Poel<\/strong>, <a href=\"https:\/\/cyclingpro.net\/spaziociclismo\/altro\/ciclocross\/cdm-ciclocross-van-der-poel-torna-con-una-vittoria-a-namur-thibau-nys-lotta-ma-cade-ed-e-secondo\/\" rel=\"nofollow noopener\" target=\"_blank\">in grado di centrare il successo all\u2019esordio stagionale<\/a>. Tutti gli avversari hanno dovuto cedere al ritmo del neerlandese, ad eccezione del campioncino belga, che, pur costretto alla resa nella parte finale a causa anche di un errore su una curva, ha dimostrato di poter competere con il campione del mondo.<\/p>\n<p>\u201c<strong>Per un attimo sembrava che sarebbe stata una battaglia fino all\u2019ultimo, ma Thibau non pu\u00f2 rimproverarsi nulla<\/strong> \u2013 ha dichiarato Sven Nys a <a href=\"https:\/\/www.wielerflits.nl\/nieuws\/sven-nys-ziet-nog-tweetal-kansen-voor-thibau-nys-tegen-mathieu-van-der-poel-parcours-is-cruciaal\/\" rel=\"nofollow noopener\" target=\"_blank\">Wielerflits<\/a> \u2013 <strong>Ha commesso un piccolo errore in una curva. Pu\u00f2 succedere, fa parte del ciclocross<\/strong>\u201c. Alla domanda sui valori cos\u00ec simili mostrati dal figlio rispetto al campione del mondo, l\u2019ex fuoriclasse belga ha risposto con grande oggettivit\u00e0: \u201c<strong>Perch\u00e9 il percorso era in salita. Questo gioca davvero a vantaggio di Thibau. Il peso gioca un ruolo fondamentale in questo caso<\/strong>. \u00c8 diventato il suo marchio di fabbrica negli ultimi anni. Lo si vede anche su strada. In condizioni di terreno asciutto, lui d\u00e0 il meglio di s\u00e9. <strong>Ecco perch\u00e9 qui le sue possibilit\u00e0 sono molto maggiori rispetto ad altre gare<\/strong>. Il divario \u00e8 ampio, ma non dobbiamo ancora pensarci. <strong>Questa era un\u2019opportunit\u00e0, ma non si \u00e8 concretizzata<\/strong>\u201c.<\/p>\n<p>Guardando alle prossime gare, Nys ammette che i percorsi saranno decisamente pi\u00f9 adatti alle caratteristiche di MVDP e pertanto, per il campioncino belga sar\u00e0 pi\u00f9 difficile esprimersi ai livelli mostrati a Namur: \u201c<strong>I percorsi delle prossime settimane sono semplicemente molto pi\u00f9 adatti a Mathieu<\/strong>. Penso ad Anversa, Koksijde o Hofstade. Sono fatti su misura per Mathieu. Batterlo l\u00ec, sulla sabbia\u2026 Non \u00e8 comunque la specialit\u00e0 di Thibau\u201d. L\u2019ex campione individua per\u00f2 anche due possibili occasioni favorevoli: \u201c<strong>Se mai vorremo avvicinarci, sar\u00e0 a Gavere o Baal. Sono gare in cui \u00e8 ancora possibile farlo, anche se dipende dalle condizioni<\/strong>\u201c.<\/p>\n<p>Riferendosi a Michael Vanthourenhou e Lars van der Haar, compagno di squadra di Thibau, rispettivamente terzo e quarto a Namur, il direttore sportivo belga ritiene che non abbiano dimostrato lo stesso livello del classe 2002: \u201c<strong>Quando Mathieu ha davvero spinto, Thibau \u00e8 stato l\u2019unico a riuscire a stargli dietro<\/strong>. Ma, se restano insieme, la gara rallenta un po\u2019 e gli altri due rientrano in gioco. Si crea quindi una sorta di effetto yo-yo, con accelerazioni e frenate. Ci\u00f2 significa che Lars e Michael, che sono in ottima forma, sono l\u00ec nella fase finale a lottare per il podio. Penso che i due si siano distinti, ma \u00e8 una lotta serrata. Lars e soprattutto Michael sono sempre bravi sul circuito di Namur, tra l\u2019altro\u201d.<\/p>\n<p>In vista delle gare del periodo natalizio, Sven Nys si dimostra realista e non si aspetta che il figlio possa raccogliere risultati ogni settimana, ma si dimostra fiducioso, soprattutto se le condizioni di salute continueranno ad essere buone e manterr\u00e0 lo stato di forma, identificando Diegem e i campionati nazionali a Beringen come altri due possibili terreni su cui tentare di far bene. Infine, commentando i miglioramenti e le prospettive del figlio, conclude: \u201c<strong>\u00c8 maturato. Non solo nel modo in cui corre, ma anche nel modo in cui si pone e gestisce la pressione.<\/strong> A Namur non era mai riuscito a farlo. Thibau \u00e8 anche in testa alla Coppa del Mondo. La sua costanza \u00e8 molto maggiore rispetto al passato. <strong>Ogni anno fa un piccolo passo avanti. Posso solo tornare a casa molto soddisfatto. \u00c8 un processo in continua evoluzione ed \u00e8 fantastico vederlo<\/strong>\u201c.<\/p>\n","protected":false},"excerpt":{"rendered":"Secondo il padre di Thibau Nys, il figlio potrebbe avere ancora chance di trionfare nelle prossime gare di&hellip;\n","protected":false},"author":3,"featured_media":263806,"comment_status":"","ping_status":"","sticky":false,"template":"","format":"standard","meta":{"footnotes":""},"categories":[1456],"tags":[1824,1825,1537,90,89,245,244,155024,116272],"class_list":{"0":"post-263805","1":"post","2":"type-post","3":"status-publish","4":"format-standard","5":"has-post-thumbnail","7":"category-ciclismo","8":"tag-ciclismo","9":"tag-cycling","10":"tag-it","11":"tag-italia","12":"tag-italy","13":"tag-sport","14":"tag-sports","15":"tag-sven-nys","16":"tag-thibau-nys"},"share_on_mastodon":{"url":"https:\/\/pubeurope.com\/@it\/115730614080543254","error":""},"_links":{"self":[{"href":"https:\/\/www.europesays.com\/it\/wp-json\/wp\/v2\/posts\/263805","targetHints":{"allow":["GET"]}}],"collection":[{"href":"https:\/\/www.europesays.com\/it\/wp-json\/wp\/v2\/posts"}],"about":[{"href":"https:\/\/www.europesays.com\/it\/wp-json\/wp\/v2\/types\/post"}],"author":[{"embeddable":true,"href":"https:\/\/www.europesays.com\/it\/wp-json\/wp\/v2\/users\/3"}],"replies":[{"embeddable":true,"href":"https:\/\/www.europesays.com\/it\/wp-json\/wp\/v2\/comments?post=263805"}],"version-history":[{"count":0,"href":"https:\/\/www.europesays.com\/it\/wp-json\/wp\/v2\/posts\/263805\/revisions"}],"wp:featuredmedia":[{"embeddable":true,"href":"https:\/\/www.europesays.com\/it\/wp-json\/wp\/v2\/media\/263806"}],"wp:attachment":[{"href":"https:\/\/www.europesays.com\/it\/wp-json\/wp\/v2\/media?parent=263805"}],"wp:term":[{"taxonomy":"category","embeddable":true,"href":"https:\/\/www.europesays.com\/it\/wp-json\/wp\/v2\/categories?post=263805"},{"taxonomy":"post_tag","embeddable":true,"href":"https:\/\/www.europesays.com\/it\/wp-json\/wp\/v2\/tags?post=263805"}],"curies":[{"name":"wp","href":"https:\/\/api.w.org\/{rel}","templated":true}]}}