{"id":263912,"date":"2025-12-16T19:51:09","date_gmt":"2025-12-16T19:51:09","guid":{"rendered":"https:\/\/www.europesays.com\/it\/263912\/"},"modified":"2025-12-16T19:51:09","modified_gmt":"2025-12-16T19:51:09","slug":"il-medico-di-famiglia-non-e-vero-che-siamo-introvabili-tanti-pazienti-non-ci-chiamano-e-intasano-i-pronto-soccorso-e-i-cau-creano-confusione","status":"publish","type":"post","link":"https:\/\/www.europesays.com\/it\/263912\/","title":{"rendered":"Il medico di famiglia: \u00abNon \u00e8 vero che siamo introvabili, tanti pazienti non ci chiamano e intasano i pronto soccorso. E i Cau creano confusione\u00bb"},"content":{"rendered":"<p>    di<br \/>\n    Stefano Pancini<\/p>\n<p class=\"summary-art is-line-h-12\">La ricerca condotta dalla dottoressa piacentina Daniela Petraglia con l&#8217;obbiettivo di valutare accessi al pronto soccorso e ai Cau:  \u00abL\u201987% degli accessi avviene su iniziativa autonoma del paziente, spesso senza alcun contatto con il medico e solo nel 2% dei casi non rispondiamo\u00bb<\/p>\n<p class=\"chapter-paragraph\">\u00ab<b>Accessi inappropriati in pronto soccorso<\/b>: il ruolo della Medicina Generale. Studio osservazionale nella provincia di Piacenza\u00bb \u00e8 la ricerca condotta dalla <b>dottoressa piacentina Daniela Petraglia<\/b>, 34 anni, <b>laureata a Pavia, specializzata a Reggio Emilia e attualmente in servizio in Val Tidone<\/b>, insieme ai colleghi medici della provincia di Piacenza <b>Mariacristina Arbasi, Matteo Carusone, Mauro Moretto ed Elena Quarantelli<\/b>, sotto la supervisione del bolognese <b>Marco Cupardo<\/b>.\u00a0<\/p>\n<p class=\"chapter-paragraph\">Lo<a href=\"https:\/\/corrieredibologna.corriere.it\/notizie\/cronaca\/25_dicembre_06\/medici-famiglia-emilia-romagna-bc4c7b2a-1ca1-44aa-9ae5-78a948984xlk.shtml\" title=\"Medici di base, in Emilia-Romagna il sindacato si spacca e si dimette il tesoriere: \u00abScritta una pagina buia\u00bb. In stallo l\u2019accordo con la Regione\" rel=\"nofollow noopener\" target=\"_blank\"> studio<\/a> \u00e8 stato pubblicato sulla rivista della Simg (<b>Societ\u00e0 Italiana dei Medici di Medicina Generale e delle Cure Primarie<\/b>).\u00a0\u00a0    &#13;<br \/>\n&#13;<br \/>\n&#13;<br \/>\n&#13;<br \/>\n&#13;<br \/>\n&#13;<br \/>\n&#13;<br \/>\n&#13;<br \/>\n&#13;<br \/>\n&#13;<br \/>\n&#13;<br \/>\n&#13;<br \/>\n&#13;<br \/>\n&#13;<br \/>\n&#13;<br \/>\n&#13;<br \/>\n&#13;<br \/>\n&#13;<br \/>\n&#13;<br \/>\n&#13;<br \/>\n&#13;<br \/>\n&#13;<br \/>\n&#13;<br \/>\n&#13;<br \/>\n&#13;<br \/>\n&#13;<br \/>\n&#13;<br \/>\n&#13;<br \/>\n&#13;<br \/>\n&#13;<br \/>\n&#13;<br \/>\n&#13;<br \/>\n&#13;<br \/>\n&#13;<br \/>\n&#13;<br \/>\n&#13;<br \/>\n&#13;<br \/>\n&#13;<br \/>\n&#13;<br \/>\n&#13;<br \/>\n&#13;<br \/>\n&#13;<br \/>\n&#13;<br \/>\n&#13;<br \/>\n&#13;<br \/>\n&#13;<br \/>\n&#13;<br \/>\n&#13;<br \/>\n&#13;<br \/>\n&#13;<br \/>\n&#13;<br \/>\n&#13;<br \/>\n&#13;\n<\/p>\n<p class=\"chapter-paragraph\">L\u2019obiettivo della ricerca \u00e8 stato valutare l\u2019inadeguatezza degli accessi <b>al pronto soccorso<\/b> e<b> ai Centri di assistenza e urgenza (Cau)<\/b> nella provincia di Piacenza, superando il limite rappresentato dal solo riferimento al codice di triage e analizzando<b> l\u2019efficacia della Medicina Generale<\/b> come <a href=\"https:\/\/corrieredibologna.corriere.it\/notizie\/cronaca\/25_novembre_19\/sanita-in-emilia-romagna-aggrediti-7-operatori-al-giorno-tra-medici-infermieri-e-personale-socio-sanitario-fabi-panorama-5ed7d39f-7514-40b2-bf32-4812ccd06xlk.shtml\" title=\"Sanit\u00e0, in Emilia-Romagna aggrediti 7 operatori al giorno tra medici, infermieri e personale socio-sanitario. Fabi: \u00abPanorama preoccupante\u00bb\" rel=\"nofollow noopener\" target=\"_blank\">filtro di accesso a tali servizi.<\/a><\/p>\n<p class=\"chapter-paragraph\"><b>Dottoressa Daniela Petraglia, come \u00e8 nato questo progetto di ricerca?<\/b><br \/>\u00abL\u2019idea nasce da un sentimento diffuso tra i medici di famiglia: sentirci spesso accusati, da politica e media, di essere \u201cintrovabili\u201d e quindi corresponsabili dell\u2019affollamento dei pronto soccorso. L\u2019esperienza quotidiana ci mostrava una realt\u00e0 diversa e volevamo verificarla con dei dati, superando l\u2019interpretazione limitante del solo codice di triage\u00bb.<\/p>\n<p class=\"chapter-paragraph\"><b>Come avete impostato lo studio?<\/b><br \/>\u00abAbbiamo raccolto 300 accessi al pronto soccorso in 77 giorni, riferiti ai pazienti di quattro medici di base della provincia di Piacenza. Per ogni accesso abbiamo verificato se il paziente avesse tentato di contattare prima il proprio medico di famiglia, se ci fosse stata una consulenza o una visita (domiciliare o ambulatoriale) e se il curante avesse consigliato al proprio paziente di ricorrere al pronto soccorso. Abbiamo poi chiesto ai medici di medicina generale di esprimere un giudizio di appropriatezza, caso per caso, indipendentemente dal colore assegnato dal triage\u00bb.<\/p>\n<p class=\"chapter-paragraph\"><b>E cosa avete scoperto?<\/b><br \/>\u00abI risultati mostrano che il 51% degli accessi \u00e8 stato giudicato inappropriato, con l\u201987% avvenuto su iniziativa autonoma del paziente, spesso senza alcun contatto con il curante. Nei casi in cui il medico di medicina generale \u00e8 stato coinvolto, l\u2019appropriatezza dell\u2019accesso sale al 79%. Gli accessi autonomi per mancata risposta da parte del medico di famiglia entro il tempo di ingresso in pronto soccorso erano il 2%. Lo studio suggerisce che il mancato ricorso da parte del paziente al filtro medico, pi\u00f9 che una presunta inefficienza della medicina generale sia un fattore determinante per l&#8217;affollamento improprio dei pronto soccorso. Da qui, i dati smentiscono la narrazione secondo cui i pronto soccorso si riempiono perch\u00e9 il medico di base non risponde\u00bb.<\/p>\n<p class=\"chapter-paragraph\"><b>Perch\u00e9 i cittadini rinunciano a contattare il proprio medico?<\/b><br \/>\u00abC\u2019\u00e8 molta confusione, anche a causa della moltiplicazione dei servizi: guardia medica, Cau, pronto soccorso. In Emilia-Romagna i Cau avrebbero dovuto rappresentare un livello intermedio, con diagnostica di base e personale infermieristico. Nella provincia di Piacenza, per\u00f2, spesso sono collocati dentro gli ospedali e finiscono per esserne percepiti come un\u2019estensione dei pronto soccorso. Da qui, molti cittadini non sanno pi\u00f9 quale sia il servizio adeguato al proprio problema\u00bb.<\/p>\n<p class=\"chapter-paragraph\"><b>Il problema \u00e8 quindi anche organizzativo?<\/b><br \/>\u00abS\u00ec. Creare pi\u00f9 servizi senza potenziare quelli gi\u00e0 esistenti rischia di frammentare ulteriormente le risorse. Le guardie mediche soffrono una grave carenza di personale: molti giovani preferiscono i Cau e alcune sedi restano scoperte. Paradossalmente, aumentare i servizi ha \u201csbriciolato\u201d le nostre forze invece di rafforzarle\u00bb.<\/p>\n<p class=\"chapter-paragraph\"><b>Cosa servirebbe davvero?<\/b><br \/>\u00abLa Medicina Generale chiede da anni strumenti diagnostici di primo livello negli ambulatori: ecografie base, elettrocardiogramma\u2026 esami rapidi. Basterebbe questo per evitare molti accessi impropri. Pi\u00f9 che creare nuovi livelli di assistenza, bisognerebbe rafforzare quelli esistenti e chiarire ai cittadini come orientarsi. E il nostro studio mostra come la maggior parte degli accessi inappropriati in pronto soccorso siano dovuti all\u2019assenza di filtro medico per scelta del paziente pi\u00f9 che a una reale inefficienza della Medicina Generale, che invece quando coinvolta \u00e8 in grado di esercitare un&#8217;efficace funzione di filtro riducendo gli accessi inappropriati\u00bb.<\/p>\n<p class=\"chapter-paragraph\"><b>Il vostro lavoro ha ottenuto anche un premio.<\/b><br \/>\u00abS\u00ec, la Societ\u00e0 Italiana dei Medici di Medicina Generale e delle Cure Primarie ha premiato il nostro studio, lo scorso 29 novembre a Firenze, in occasione del 42\u00b0 congresso, selezionandolo tra 66 lavori. \u00c8 un riconoscimento importante per un tema che riguarda tutti: medici, pazienti e l\u2019intero sistema sanitario\u00bb.<\/p>\n<p class=\"is-mr-t-20 is-mr-b-20\"><b><br \/>\n                    <a href=\"https:\/\/corrieredibologna.corriere.it\/?intcmp=Notizielocali_nd_010623_corriere_ss_bologna\" target=\"_blank\" rel=\"nofollow noopener\">Vai a tutte le notizie di Bologna<\/a><br \/>\n            <\/b><\/p>\n<p class=\"chapter-paragraph\"><b><a href=\"https:\/\/www.corriere.it\/newsletter\/?theme=38&amp;intcmp=NL-artic_nd_050624_corriere_ss_bologna\" target=\"_blank\" rel=\"nofollow noopener\">Iscriviti alla newsletter del Corriere di Bologna<\/a><\/b><\/p>\n<p class=\"is-last-update\" datetime=\"2025-12-16T17:31:14+01:00\">16 dicembre 2025 ( modifica il 16 dicembre 2025 | 17:31)<\/p>\n<p class=\"is-copyright\">\n            \u00a9 RIPRODUZIONE RISERVATA\n        <\/p>\n","protected":false},"excerpt":{"rendered":"di Stefano Pancini La ricerca condotta dalla dottoressa piacentina Daniela Petraglia con l&#8217;obbiettivo di valutare accessi al pronto&hellip;\n","protected":false},"author":3,"featured_media":263913,"comment_status":"","ping_status":"","sticky":false,"template":"","format":"standard","meta":{"footnotes":""},"categories":[175],"tags":[8151,155076,155080,38734,38735,2748,155081,10302,155082,155083,8152,2545,155084,155085,2333,1045,22919,1064,2565,155086,2781,155087,155088,2572,81496,155089,11075,2665,84520,44109,155077,7254,1909,16011,239,84664,1537,90,89,1222,155078,5277,452,110170,6224,10225,155079,22526,1917,5133,438,155075,614,240,1324,11115,2128,2863],"class_list":{"0":"post-263912","1":"post","2":"type-post","3":"status-publish","4":"format-standard","5":"has-post-thumbnail","7":"category-salute","8":"tag-accessi","9":"tag-accessi-inappropriati","10":"tag-accessi-inappropriati-pronto","11":"tag-accessi-pronto","12":"tag-accessi-pronto-soccorso","13":"tag-accesso","14":"tag-affollamento","15":"tag-alcun","16":"tag-alcun-contatto","17":"tag-appropriatezza","18":"tag-assistenza","19":"tag-autonoma","20":"tag-autonoma-paziente","21":"tag-autonoma-paziente-alcun","22":"tag-base","23":"tag-casi","24":"tag-cau","25":"tag-cittadini","26":"tag-codice","27":"tag-codice-triage","28":"tag-condotta","29":"tag-condotta-dottoressa","30":"tag-condotta-dottoressa-piacentina","31":"tag-confusione","32":"tag-contattare","33":"tag-contattare-medico","34":"tag-contatto","35":"tag-creare","36":"tag-curante","37":"tag-daniela","38":"tag-daniela-petraglia","39":"tag-dottoressa","40":"tag-famiglia","41":"tag-filtro","42":"tag-health","43":"tag-inappropriati","44":"tag-it","45":"tag-italia","46":"tag-italy","47":"tag-medici","48":"tag-medici-medicina","49":"tag-medicina","50":"tag-medico","51":"tag-medico-famiglia","52":"tag-paziente","53":"tag-pazienti","54":"tag-petraglia","55":"tag-piacenza","56":"tag-pronto","57":"tag-pronto-soccorso","58":"tag-provincia","59":"tag-provincia-piacenza","60":"tag-ricerca","61":"tag-salute","62":"tag-servizi","63":"tag-soccorso","64":"tag-studio","65":"tag-triage"},"share_on_mastodon":{"url":"","error":"Validation failed: Text character limit of 500 exceeded"},"_links":{"self":[{"href":"https:\/\/www.europesays.com\/it\/wp-json\/wp\/v2\/posts\/263912","targetHints":{"allow":["GET"]}}],"collection":[{"href":"https:\/\/www.europesays.com\/it\/wp-json\/wp\/v2\/posts"}],"about":[{"href":"https:\/\/www.europesays.com\/it\/wp-json\/wp\/v2\/types\/post"}],"author":[{"embeddable":true,"href":"https:\/\/www.europesays.com\/it\/wp-json\/wp\/v2\/users\/3"}],"replies":[{"embeddable":true,"href":"https:\/\/www.europesays.com\/it\/wp-json\/wp\/v2\/comments?post=263912"}],"version-history":[{"count":0,"href":"https:\/\/www.europesays.com\/it\/wp-json\/wp\/v2\/posts\/263912\/revisions"}],"wp:featuredmedia":[{"embeddable":true,"href":"https:\/\/www.europesays.com\/it\/wp-json\/wp\/v2\/media\/263913"}],"wp:attachment":[{"href":"https:\/\/www.europesays.com\/it\/wp-json\/wp\/v2\/media?parent=263912"}],"wp:term":[{"taxonomy":"category","embeddable":true,"href":"https:\/\/www.europesays.com\/it\/wp-json\/wp\/v2\/categories?post=263912"},{"taxonomy":"post_tag","embeddable":true,"href":"https:\/\/www.europesays.com\/it\/wp-json\/wp\/v2\/tags?post=263912"}],"curies":[{"name":"wp","href":"https:\/\/api.w.org\/{rel}","templated":true}]}}