{"id":263946,"date":"2025-12-16T20:19:17","date_gmt":"2025-12-16T20:19:17","guid":{"rendered":"https:\/\/www.europesays.com\/it\/263946\/"},"modified":"2025-12-16T20:19:17","modified_gmt":"2025-12-16T20:19:17","slug":"paolo-virzi-la-separazione-con-micaela-ramazzotti-abbiamo-passato-un-momento-complicato-ora-sto-con-susanna-paratore-pariolina-atipica","status":"publish","type":"post","link":"https:\/\/www.europesays.com\/it\/263946\/","title":{"rendered":"Paolo Virz\u00ec: \u00abLa separazione con Micaela Ramazzotti? Abbiamo passato un momento complicato. Ora sto con Susanna Paratore, pariolina atipica\u00bb"},"content":{"rendered":"<p class=\"has-dropcap\">Si sono lasciati nel 2023, ma <strong>Paolo Virz\u00ec<\/strong> non ha mai detto nulla sulla fine della storia con <strong>Micaela Ramazzotti<\/strong>, con cui nelle fasi iniziali della separazione i rapporti furono molto tesi. Il regista ha ricordato l&#8217;amore per l&#8217;ex in un&#8217;intervista al Corriere della Sera, in cui non sono mancati aneddoti curiosi.<\/p>\n<p><img decoding=\"async\" alt=\"Paolo Virz\u00ec e Michaela Ramazzotti ai tempi del loro amore.\" loading=\"lazy\" class=\"ResponsiveImageContainer-eNxvmU cfBbTk responsive-image__image\"   src=\"https:\/\/www.europesays.com\/it\/wp-content\/uploads\/2025\/12\/1422042268.jpeg\"\/><\/p>\n<p>Paolo Virz\u00ec e Michaela Ramazzotti ai tempi del loro amore.<\/p>\n<p>Stefania D&#8217;Alessandro<\/p>\n<p>\u00abLa volevo per il ruolo della Sandrelli da giovane ne\u00a0La Prima Cosa Bella, lei non voleva pi\u00f9 vedermi. <strong>Una sua amica mi consigli\u00f2: \u201cAccetter\u00e0 di lavorare con te solo se la sposi\u201d<\/strong>. E cos\u00ec convolammo\u00bb, ha rivelato il regista. I due si sono incontrati nel 2007, quando lei aveva 27 anni e lui 43. Per lei era il primo matrimonio, per lui il secondo (con Paola Cruciani, che gli ha dato una figlia, Ottavia).<\/p>\n<p>Il matrimonio con Micaela Ramazzotti ha attraversato anche momenti difficili, come <strong>una crisi importante, nel 2018,<\/strong> che sulle prime sembrava superata ma che in seguito port\u00f2 a una rottura definitiva. Paolo Virz\u00ec ha raccontato che la storia con Micaela Ramazzotti \u00e8 finita per via delle \u00abstesse diversit\u00e0 per cui \u00e8 iniziata\u00bb. E in modo molto burrascoso. \u00abDopo la separazione <strong>abbiamo passato un momento pi\u00f9 complicato, che sono certo presto ci metteremo alle spalle<\/strong>. Abbiamo fatto due figli meravigliosi, oltre a film per me memorabili. <strong>Non posso che dar valore alle cose belle della nostra storia\u00bb.<\/strong> Da quell&#8217;unione sono nati <strong>Jacopo,<\/strong> che oggi ha 15 anni, e <strong>Anna, 12.<\/strong><\/p>\n<p>Dopo l&#8217;addio, come ricordato anche dal regista, tra lui e l&#8217;ex si sono stati momenti di tensione, culminati con l&#8217;ormai famosa rissa davanti a un ristorante di Roma. Un incontro casuale: da una parte il regista con la figlia Ottavia, dall&#8217;altra l&#8217;attrice con la figlia avuta da lui e il nuovo compagno, il personal trainer Claudio Pallitto. Tutto, riport\u00f2 all&#8217;epoca il Corriere della Sera, nacque quando Virz\u00ec vide la figlia e si avvicin\u00f2 al tavolo a cui era seduta con la madre e Pallitto. Il personal trainer gli avrebbe intimato di lasciar stare la bambina, di l\u00ec i toni si erano fatti accessi, tanto che si parl\u00f2 grida, strattoni e lancio di piatti. \u00ab<strong>Sono stato aggredito e colpito<\/strong>\u00bb, accus\u00f2 il regista, finito al pronto soccorso con escoriazioni e graffi. La vicenda colmin\u00f2 con una doppia querela.<\/p>\n<p><a attributes=\"[object Object]\" class=\"external-link-embed__hed-link button\" href=\"https:\/\/www.vanityfair.it\/article\/paolo-virzi-micaela-ramazzotti-lite-querela-denuncia\" rel=\"nofollow noopener\" target=\"_blank\">Lite Virz\u00ec-Ramazzotti, il regista e l&#8217;ex moglie si querelano a vicenda<\/a><\/p>\n<p class=\"BaseWrap-sc-gzmcOU BaseText-eqOrNE ExternalLinkEmbedDek-bINJOE deqABF GXiCV pjXVm\">Dopo la furiosa lite al ristorante tra urla, insulti e lanci di piatti, \u00e8 il tempo delle carte bollate: Paolo Virz\u00ec e Micaela Ramazzotti si sono denunciati a vicenda. Anche se il regista, poi, ha diffuso un conciliante comunicato in cui confida di \u00abtrovare il modo di risolvere questo incidente\u00bb<\/p>\n<p>Arrow<a attributes=\"[object Object]\" class=\"external-link-embed__image-link\" href=\"https:\/\/www.vanityfair.it\/article\/paolo-virzi-micaela-ramazzotti-lite-querela-denuncia\" rel=\"nofollow noopener\" target=\"_blank\"><img decoding=\"async\" alt=\"article image\" loading=\"lazy\" class=\"ResponsiveImageContainer-eNxvmU cfBbTk responsive-image__image\"   src=\"https:\/\/www.europesays.com\/it\/wp-content\/uploads\/2025\/12\/IPA_Agency_IPA33079148.jpg\"\/><\/a><\/p>\n<p>Dopo quel primo momento di rabbia, <strong>sia il regista che l&#8217;attrice ritirarono le rispettive querele<\/strong>, con conseguente archiviazione del caso.<\/p>\n<p>Oggi anche Paolo Virz\u00ec ha un nuovo amore: la compagna de regista \u00e8 <strong>Susanna Paratore,<\/strong> di professione sceneggiatrice. Ad avvicinarli, un momento difficile per entrambi: \u00abIo con i miei problemi di padre legati alla separazione, lei incinta di un compagno che se n\u2019era andato. <strong>Mi \u00e8 stata subito molto simpatica, \u00e8 una pariolina atipica, sofisticata ma con una sua vena punk\u00bb.<\/strong> Una serenit\u00e0 ritrovata, fatta di <strong>\u00abtenerezza e allegria\u00bb.<\/strong> I giorni pi\u00f9 bui sono ormai alle spalle.<\/p>\n","protected":false},"excerpt":{"rendered":"Si sono lasciati nel 2023, ma Paolo Virz\u00ec non ha mai detto nulla sulla fine della storia con&hellip;\n","protected":false},"author":3,"featured_media":263947,"comment_status":"","ping_status":"","sticky":false,"template":"","format":"standard","meta":{"footnotes":""},"categories":[174],"tags":[21247,203,2799,204,1537,90,89],"class_list":{"0":"post-263946","1":"post","2":"type-post","3":"status-publish","4":"format-standard","5":"has-post-thumbnail","7":"category-intrattenimento","8":"tag-amori-delle-star","9":"tag-entertainment","10":"tag-gossip","11":"tag-intrattenimento","12":"tag-it","13":"tag-italia","14":"tag-italy"},"share_on_mastodon":{"url":"https:\/\/pubeurope.com\/@it\/115731101959313548","error":""},"_links":{"self":[{"href":"https:\/\/www.europesays.com\/it\/wp-json\/wp\/v2\/posts\/263946","targetHints":{"allow":["GET"]}}],"collection":[{"href":"https:\/\/www.europesays.com\/it\/wp-json\/wp\/v2\/posts"}],"about":[{"href":"https:\/\/www.europesays.com\/it\/wp-json\/wp\/v2\/types\/post"}],"author":[{"embeddable":true,"href":"https:\/\/www.europesays.com\/it\/wp-json\/wp\/v2\/users\/3"}],"replies":[{"embeddable":true,"href":"https:\/\/www.europesays.com\/it\/wp-json\/wp\/v2\/comments?post=263946"}],"version-history":[{"count":0,"href":"https:\/\/www.europesays.com\/it\/wp-json\/wp\/v2\/posts\/263946\/revisions"}],"wp:featuredmedia":[{"embeddable":true,"href":"https:\/\/www.europesays.com\/it\/wp-json\/wp\/v2\/media\/263947"}],"wp:attachment":[{"href":"https:\/\/www.europesays.com\/it\/wp-json\/wp\/v2\/media?parent=263946"}],"wp:term":[{"taxonomy":"category","embeddable":true,"href":"https:\/\/www.europesays.com\/it\/wp-json\/wp\/v2\/categories?post=263946"},{"taxonomy":"post_tag","embeddable":true,"href":"https:\/\/www.europesays.com\/it\/wp-json\/wp\/v2\/tags?post=263946"}],"curies":[{"name":"wp","href":"https:\/\/api.w.org\/{rel}","templated":true}]}}