{"id":263996,"date":"2025-12-16T21:05:11","date_gmt":"2025-12-16T21:05:11","guid":{"rendered":"https:\/\/www.europesays.com\/it\/263996\/"},"modified":"2025-12-16T21:05:11","modified_gmt":"2025-12-16T21:05:11","slug":"serie-a-indisponibili-infortunati-e-squalificati-per-la-16-giornata","status":"publish","type":"post","link":"https:\/\/www.europesays.com\/it\/263996\/","title":{"rendered":"Serie A: indisponibili, infortunati e squalificati per la 16^ giornata"},"content":{"rendered":"<p>    Introduzione<\/p>\n<p>Brutto colpo per la <strong>Lazio<\/strong>, che perde per squalifica<strong> Basic e Zaccagni<\/strong> dopo le espulsioni di Parma: il numero 10 star\u00e0 fermo un turno, il croato invece torner\u00e0 direttamente nel 2026 e sconter\u00e0 due giornate di stop. Si allungano i tempi di recupero di <strong>Denzel Dumfries<\/strong>: l&#8217;esterno destro dell&#8217;<strong>Inter<\/strong>, ormai fermo dallo scorso novembre dopo l&#8217;infortunio alla <strong>caviglia sinistra<\/strong>, \u00e8 stato operato nella giornata di oggi, marted\u00ec 16 dicembre. &#8220;Denzel Dumfries \u00e8 stato sottoposto a intervento chirurgico di <strong>stabilizzazione della caviglia sinistra<\/strong> presso la &#8216;Fortius Clinic&#8217; di Londra.\u00a0Per l&#8217;esterno olandese seguir\u00e0 un programma riabilitativo nelle prossime settimane&#8221;, si legge nel comunicato del club nerazzurro. <strong>Dovr\u00e0 stare fermo tra i 2 e i 3 mesi<\/strong>. Di seguito tutti gli indisponibili squadra per squadra, tra cui squalificati e possibili recuperi, in vista della 16^ giornata di Serie A (per Napoli, Milan, Inter e Bologna i prossimi impegni sono in Supercoppa italiana)<\/p>\n<p>&#13;<br \/>\n<a data-intcmp=\"skysport_schede_interlink_text\" href=\"https:\/\/sport.sky.it\/video\/highlights\" target=\"_blank\" rel=\"nofollow noopener\">GLI HIGHLIGHTS DI SKY SPORT<\/a><br \/>&#13;<\/p>\n","protected":false},"excerpt":{"rendered":"Introduzione Brutto colpo per la Lazio, che perde per squalifica Basic e Zaccagni dopo le espulsioni di Parma:&hellip;\n","protected":false},"author":3,"featured_media":263997,"comment_status":"","ping_status":"","sticky":false,"template":"","format":"standard","meta":{"footnotes":""},"categories":[1452],"tags":[721,1740,62706,1537,90,89,251,1739,245,244],"class_list":{"0":"post-263996","1":"post","2":"type-post","3":"status-publish","4":"format-standard","5":"has-post-thumbnail","7":"category-calcio","8":"tag-calcio","9":"tag-football","10":"tag-infortunati","11":"tag-it","12":"tag-italia","13":"tag-italy","14":"tag-serie-a","15":"tag-soccer","16":"tag-sport","17":"tag-sports"},"share_on_mastodon":{"url":"https:\/\/pubeurope.com\/@it\/115731282311137453","error":""},"_links":{"self":[{"href":"https:\/\/www.europesays.com\/it\/wp-json\/wp\/v2\/posts\/263996","targetHints":{"allow":["GET"]}}],"collection":[{"href":"https:\/\/www.europesays.com\/it\/wp-json\/wp\/v2\/posts"}],"about":[{"href":"https:\/\/www.europesays.com\/it\/wp-json\/wp\/v2\/types\/post"}],"author":[{"embeddable":true,"href":"https:\/\/www.europesays.com\/it\/wp-json\/wp\/v2\/users\/3"}],"replies":[{"embeddable":true,"href":"https:\/\/www.europesays.com\/it\/wp-json\/wp\/v2\/comments?post=263996"}],"version-history":[{"count":0,"href":"https:\/\/www.europesays.com\/it\/wp-json\/wp\/v2\/posts\/263996\/revisions"}],"wp:featuredmedia":[{"embeddable":true,"href":"https:\/\/www.europesays.com\/it\/wp-json\/wp\/v2\/media\/263997"}],"wp:attachment":[{"href":"https:\/\/www.europesays.com\/it\/wp-json\/wp\/v2\/media?parent=263996"}],"wp:term":[{"taxonomy":"category","embeddable":true,"href":"https:\/\/www.europesays.com\/it\/wp-json\/wp\/v2\/categories?post=263996"},{"taxonomy":"post_tag","embeddable":true,"href":"https:\/\/www.europesays.com\/it\/wp-json\/wp\/v2\/tags?post=263996"}],"curies":[{"name":"wp","href":"https:\/\/api.w.org\/{rel}","templated":true}]}}