{"id":264217,"date":"2025-12-17T00:19:17","date_gmt":"2025-12-17T00:19:17","guid":{"rendered":"https:\/\/www.europesays.com\/it\/264217\/"},"modified":"2025-12-17T00:19:17","modified_gmt":"2025-12-17T00:19:17","slug":"cecilia-rodriguez-e-ignazio-moser-due-mesi-di-clara-isabel","status":"publish","type":"post","link":"https:\/\/www.europesays.com\/it\/264217\/","title":{"rendered":"Cecilia Rodriguez e Ignazio Moser, due mesi di Clara Isabel"},"content":{"rendered":"<p>Per <strong>Cecilia Rodriguez<\/strong> e <strong>Ignazio Moser<\/strong> il tempo sembra avere assunto un ritmo diverso. I primi <strong>sessanta giorni<\/strong> insieme alla loro figlia <strong>Clara Isabel<\/strong>, chiamata affettuosamente <strong>Clarita<\/strong>, sono stati celebrati con grande emozione. La coppia ha scelto di <strong>condividere questo traguardo sui social<\/strong>, mostrando frammenti di quotidianit\u00e0 che raccontano una felicit\u00e0 concreta, fatta di notti brevi, sguardi nuovi e una presenza che ha ridisegnato ogni priorit\u00e0.<\/p>\n<blockquote class=\"instagram-media\" data-instgrm-permalink=\"https:\/\/www.instagram.com\/p\/DR98pdMDF0s\/?utm_source=ig_embed&amp;utm_campaign=loading\" data-instgrm-version=\"14\" style=\"background: #FFF; border: 0; border-radius: 3px; box-shadow: 0 0 1px 0 rgba(0,0,0,0.5),0 1px 10px 0 rgba(0,0,0,0.15); margin: 1px; max-width: 540px; min-width: 326px; padding: 0; width: calc(100% - 2px);\">\n<\/blockquote>\n<p><strong>Due mesi di Clara Isabel: il tenero video di Cecilia Rodriguez\u00a0<\/strong><\/p>\n<p>Ieri Cecilia ha deciso di raccontarsi senza filtri, pubblicando alcune <strong>storie Instagram dedicate alla figlia<\/strong>. In uno dei video l\u2019influencer parla con naturalezza della maternit\u00e0 appena iniziata: \u201cUna neonata <strong>richiede le attenzioni della mamma continuamente, costantemente<\/strong>, ma oggi compie due mesi e volevo condividere con voi questo momento, mentre mi copro le occhiaie\u201d.\u00a0<\/p>\n<p><img loading=\"lazy\" decoding=\"async\" src=\"https:\/\/www.europesays.com\/it\/wp-content\/uploads\/2025\/12\/screen_da_inserire_1-1765876128103.png\" alt=\"\" width=\"563\" height=\"1002\"\/><\/p>\n<p>Subito dopo, con una voce che tradisce ancora stupore, aggiunge: \u201cOggi Clarita fa due mesi di vita, <strong>due mesi meravigliosi, a volte non ci credo che lei sia qua tra di noi<\/strong>. Ringrazio la vita costantemente per questo regalo\u201d.<\/p>\n<p><strong>Gli auguri di pap\u00e0 Ignazio Moser<\/strong><\/p>\n<p>Anche <strong>Ignazio Moser<\/strong> ha voluto fermare questo passaggio con un gesto semplice ma significativo: una foto che ritrae lui, Cecilia e la loro bambina. Nessun discorso lungo, solo una frase essenziale che racchiude tutto il senso di questo nuovo inizio: \u201c<strong>Due mesi della nostra piccolina<\/strong>\u201d.<\/p>\n<p><img loading=\"lazy\" decoding=\"async\" src=\"https:\/\/www.europesays.com\/it\/wp-content\/uploads\/2025\/12\/screen_da_inserire_2-1765876156317.png\" alt=\"\" width=\"571\" height=\"1013\"\/><\/p>\n<p><strong>\u201cCi siamo disperati\u201d: i 5 anni di tentativi di Cecilia Rodriguez per la maternit\u00e0<\/strong><\/p>\n<p>Dietro questa serenit\u00e0 c\u2019\u00e8 una storia che non \u00e8 stata lineare. Cecilia ha raccontato pi\u00f9 volte quanto sia stato complesso arrivare alla genitorialit\u00e0, dopo oltre <strong>cinque anni di tentativi<\/strong>. \u201cIo e Ignazio non riuscivamo ad avere figli. Ci ho provato per pi\u00f9 di cinque anni ma penso che sia arrivata nel momento giusto questa gravidanza, ci vedo cresciuti entrambi\u201d.\u00a0<\/p>\n<p>\u201cCi siamo disperati. Volevo che succedesse tutto in modo naturale, mi chiedevo &#8216;perch\u00e9&#8217;. <strong>Tutti i mesi mi veniva da piangere<\/strong> poi \u00e8 accaduto nel momento giusto ma mi sono dovuta far aiutare dalla scienza, ho fatto un trattamento, mi sono convinta ed \u00e8 andata bene\u201d. Un cammino segnato da domande, frustrazione e decisioni non semplici, come il ricorso alla scienza, vissuto inizialmente con esitazione ma poi accolto come possibilit\u00e0 concreta. E oggi quei due mesi con Clarita rappresentano il punto di arrivo di questo percorso.\u00a0<\/p>\n<blockquote class=\"instagram-media\" data-instgrm-permalink=\"https:\/\/www.instagram.com\/p\/DSInN7CjI3z\/?utm_source=ig_embed&amp;utm_campaign=loading\" data-instgrm-version=\"14\" style=\"background: #FFF; border: 0; border-radius: 3px; box-shadow: 0 0 1px 0 rgba(0,0,0,0.5),0 1px 10px 0 rgba(0,0,0,0.15); margin: 1px; max-width: 540px; min-width: 326px; padding: 0; width: calc(100% - 2px);\">\n<\/blockquote>\n<p><script async src=\"\/\/www.instagram.com\/embed.js\"><\/script><\/p>\n","protected":false},"excerpt":{"rendered":"Per Cecilia Rodriguez e Ignazio Moser il tempo sembra avere assunto un ritmo diverso. I primi sessanta giorni&hellip;\n","protected":false},"author":3,"featured_media":264218,"comment_status":"","ping_status":"","sticky":false,"template":"","format":"standard","meta":{"footnotes":""},"categories":[1443],"tags":[6060,203,3384,6062,204,1537,90,89,1538,1539,1686],"class_list":{"0":"post-264217","1":"post","2":"type-post","3":"status-publish","4":"format-standard","5":"has-post-thumbnail","7":"category-musica","8":"tag-cecilia-rodriguez","9":"tag-entertainment","10":"tag-figlia","11":"tag-ignazio-moser","12":"tag-intrattenimento","13":"tag-it","14":"tag-italia","15":"tag-italy","16":"tag-music","17":"tag-musica","18":"tag-social"},"share_on_mastodon":{"url":"https:\/\/pubeurope.com\/@it\/115732045431046133","error":""},"_links":{"self":[{"href":"https:\/\/www.europesays.com\/it\/wp-json\/wp\/v2\/posts\/264217","targetHints":{"allow":["GET"]}}],"collection":[{"href":"https:\/\/www.europesays.com\/it\/wp-json\/wp\/v2\/posts"}],"about":[{"href":"https:\/\/www.europesays.com\/it\/wp-json\/wp\/v2\/types\/post"}],"author":[{"embeddable":true,"href":"https:\/\/www.europesays.com\/it\/wp-json\/wp\/v2\/users\/3"}],"replies":[{"embeddable":true,"href":"https:\/\/www.europesays.com\/it\/wp-json\/wp\/v2\/comments?post=264217"}],"version-history":[{"count":0,"href":"https:\/\/www.europesays.com\/it\/wp-json\/wp\/v2\/posts\/264217\/revisions"}],"wp:featuredmedia":[{"embeddable":true,"href":"https:\/\/www.europesays.com\/it\/wp-json\/wp\/v2\/media\/264218"}],"wp:attachment":[{"href":"https:\/\/www.europesays.com\/it\/wp-json\/wp\/v2\/media?parent=264217"}],"wp:term":[{"taxonomy":"category","embeddable":true,"href":"https:\/\/www.europesays.com\/it\/wp-json\/wp\/v2\/categories?post=264217"},{"taxonomy":"post_tag","embeddable":true,"href":"https:\/\/www.europesays.com\/it\/wp-json\/wp\/v2\/tags?post=264217"}],"curies":[{"name":"wp","href":"https:\/\/api.w.org\/{rel}","templated":true}]}}