{"id":264504,"date":"2025-12-17T05:17:13","date_gmt":"2025-12-17T05:17:13","guid":{"rendered":"https:\/\/www.europesays.com\/it\/264504\/"},"modified":"2025-12-17T05:17:13","modified_gmt":"2025-12-17T05:17:13","slug":"stefano-accorsi-il-tradimento-confessarlo-al-partner-e-da-egoisti-e-solo-un-modo-per-lavarsi-la-coscienza-a-muccino-non-ho-mai-detto-che-gli-voglio-bene-la-prima-volta-sul-set-mi-ha","status":"publish","type":"post","link":"https:\/\/www.europesays.com\/it\/264504\/","title":{"rendered":"Stefano Accorsi: \u00abIl tradimento? Confessarlo al partner \u00e8 da egoisti: \u00e8 solo un modo per lavarsi la coscienza. A Muccino non ho mai detto che gli voglio bene, la prima volta sul set mi ha \u201csventrato\u201d\u00bb"},"content":{"rendered":"<p><strong>Le sue ambizioni normali?<\/strong><br \/>\u00abSono felice quando torno a casa da mia moglie e dai miei figli, e lo faccio sempre anche quando sono impegnato nei tour teatrali. Voglio stare con i miei figli, portarli a scuola, andare a fare la spesa, prendere il tram. Poi ovviamente sogno\u00bb.<\/p>\n<p><strong>Cosa?<\/strong><br \/>\u00abSognare fa parte del mio lavoro, pensare a un progetto come 1992, 1993 e 1994, e vederlo poi realizzato in serie tv\u00bb.<\/p>\n<p><strong>Che cos\u2019ha in comune con il personaggio di Carlo?<\/strong><br \/>\u00abLa progettualit\u00e0 e forse una certa inquietudine, il desiderio di far succedere cose nuove per uscire dalla routine\u00bb.<\/p>\n<p><strong>Il suo personaggio vive una gigantesca crisi di mezza et\u00e0.<\/strong><br \/>\u00abS\u00ec, ne ho conosciuti molti di uomini cos\u00ec, persone che magari non sono riuscite ad avere figli e a cinquant\u2019anni cominciano a correre, poi fanno la maratona, poi l\u2019Iron Man, poi l\u2019Ultra Man\u2026 Carlo, oltre a fissarsi con lo sport, inizia una relazione con una ragazza pi\u00f9 giovane, che gli risveglia il brivido\u00bb.<\/p>\n<p><strong>Lei com\u2019\u00e8 messo a crisi di mezza et\u00e0?<\/strong><br \/>\u00abA me non sembra di averla, poi chiss\u00e0, forse \u00e8 nascosta nelle pieghe del mio essere. Ma con un m\u00e9nage familiare intenso, ho due figli grandi (Orlando, 19 anni, e Athena, 16, nati dall\u2019unione con Laetitia Casta, ndr) e due piccoli (Lorenzo, 8, e Alberto, 5, avuti con la moglie Bianca Vitali, ndr), ho sempre tanto da fare nel quotidiano\u00bb.<\/p>\n<p><strong>Non pensa mai che i giochi sono fatti e che tante cose non le vivr\u00e0 pi\u00f9?<\/strong><br \/>\u00abNo. Anzi, avendo avuto un\u2019adolescenza complicata, io sono felice di avere l\u2019et\u00e0 che ho, perch\u00e9 mi sento molto meglio nella testa e nel corpo oggi che a 20 o 30 anni. Quelli che rimpiangono l\u2019et\u00e0 dell\u2019oro non li capisco, si tende sempre a idealizzare il passato\u00bb.<\/p>\n<p><strong>Si \u00e8 fissato anche lei con lo sport?<\/strong><br \/>\u00abIn realt\u00e0 mi sono sempre allenato, ma ora \u00e8 un piacere quotidiano, ogni mattina con il mio personal trainer Antonio Saccinto, che \u00e8 un mio amico, facciamo il nostro coffee time e ci mettiamo al lavoro. Per il film serviva un fisico appariscente e ho agito di pi\u00f9 sull\u2019alimentazione\u00bb.<\/p>\n<p><strong>I non detti in una coppia sono al centro del film.<\/strong><br \/>\u00abLe cose che non dice il mio personaggio sono gravi\u00bb.<\/p>\n","protected":false},"excerpt":{"rendered":"Le sue ambizioni normali?\u00abSono felice quando torno a casa da mia moglie e dai miei figli, e lo&hellip;\n","protected":false},"author":3,"featured_media":264505,"comment_status":"","ping_status":"","sticky":false,"template":"","format":"standard","meta":{"footnotes":""},"categories":[1451],"tags":[1621,1620,203,142682,6272,204,1537,90,89,19174,2280,19173],"class_list":{"0":"post-264504","1":"post","2":"type-post","3":"status-publish","4":"format-standard","5":"has-post-thumbnail","7":"category-celebrita","8":"tag-celebrita","9":"tag-celebrities","10":"tag-entertainment","11":"tag-gabriele-muccino","12":"tag-interviste","13":"tag-intrattenimento","14":"tag-it","15":"tag-italia","16":"tag-italy","17":"tag-le-grandi-interviste-di-vanity-fair","18":"tag-stefano-accorsi","19":"tag-vanity-fair-in-edicola"},"share_on_mastodon":{"url":"https:\/\/pubeurope.com\/@it\/115733216938849588","error":""},"_links":{"self":[{"href":"https:\/\/www.europesays.com\/it\/wp-json\/wp\/v2\/posts\/264504","targetHints":{"allow":["GET"]}}],"collection":[{"href":"https:\/\/www.europesays.com\/it\/wp-json\/wp\/v2\/posts"}],"about":[{"href":"https:\/\/www.europesays.com\/it\/wp-json\/wp\/v2\/types\/post"}],"author":[{"embeddable":true,"href":"https:\/\/www.europesays.com\/it\/wp-json\/wp\/v2\/users\/3"}],"replies":[{"embeddable":true,"href":"https:\/\/www.europesays.com\/it\/wp-json\/wp\/v2\/comments?post=264504"}],"version-history":[{"count":0,"href":"https:\/\/www.europesays.com\/it\/wp-json\/wp\/v2\/posts\/264504\/revisions"}],"wp:featuredmedia":[{"embeddable":true,"href":"https:\/\/www.europesays.com\/it\/wp-json\/wp\/v2\/media\/264505"}],"wp:attachment":[{"href":"https:\/\/www.europesays.com\/it\/wp-json\/wp\/v2\/media?parent=264504"}],"wp:term":[{"taxonomy":"category","embeddable":true,"href":"https:\/\/www.europesays.com\/it\/wp-json\/wp\/v2\/categories?post=264504"},{"taxonomy":"post_tag","embeddable":true,"href":"https:\/\/www.europesays.com\/it\/wp-json\/wp\/v2\/tags?post=264504"}],"curies":[{"name":"wp","href":"https:\/\/api.w.org\/{rel}","templated":true}]}}