{"id":264581,"date":"2025-12-17T06:23:12","date_gmt":"2025-12-17T06:23:12","guid":{"rendered":"https:\/\/www.europesays.com\/it\/264581\/"},"modified":"2025-12-17T06:23:12","modified_gmt":"2025-12-17T06:23:12","slug":"caso-san-raffaele-bertolaso-nessun-ritardo-o-sottovalutazione-la-sicurezza-dei-pazienti-e-sempre-stata-garantita","status":"publish","type":"post","link":"https:\/\/www.europesays.com\/it\/264581\/","title":{"rendered":"Caso San Raffaele, Bertolaso: \u00abNessun ritardo o sottovalutazione, la sicurezza dei pazienti \u00e8 sempre stata garantita\u00bb"},"content":{"rendered":"<p>    di<br \/>\n    Redazione Milano<\/p>\n<p class=\"summary-art is-line-h-12\">L&#8217;assessore al Welfare ha riferito in consiglio regionale: \u00abIl 12 dicembre l&#8217;Ats ha emesso una notifica di diffida formale, con prescrizioni immediate e esecutive a tutela della sicurezza dei pazienti\u00bb<\/p>\n<p class=\"chapter-paragraph\">Sul caso dei <a href=\"https:\/\/milano.corriere.it\/notizie\/cronaca\/25_dicembre_12\/san-raffaele-la-procura-apre-una-indagine-conoscitiva-dopo-l-emergenza-infermieri-al-padiglione-iceberg-433ce417-252c-484e-a70b-974b79486xlk.shtml\" title=\"San Raffaele, la Procura di Milano apre una indagine conoscitiva dopo l&#039;emergenza infermieri al padiglione Iceberg\" rel=\"nofollow noopener\" target=\"_blank\"><b>disservizi all&#8217;ospedale San Raffaele<\/b><\/a> di Milano <b>\u00abnon vi \u00e8 stata alcuna sottovalutazione, non c&#8217;\u00e8 stata inerzia\u00bb e \u00abnon c&#8217;\u00e8 stato nessun ritardo<\/b> da parte delle istituzioni regionali. Al contrario, abbiamo adottato un&#8217;<b>azione tempestiva<\/b>, coerente e rigorosa, esercitata nel pieno rispetto delle competenze e a tutela dell&#8217;interesse pubblico\u00bb. Lo ha affermato l&#8217;assessore al Welfare della Regione Lombardia,<b> Guido Bertolaso<\/b>, durante la sua <b>informativa in Consiglio regionale sul caso del San Raffaele<\/b>.\u00a0<\/p>\n<p class=\"chapter-paragraph\">\u00abAlla data odierna le attivit\u00e0 assistenziali interessate risultano <b>riorganizzate <\/b>secondo le prescrizioni impartite,<b> la sicurezza dei pazienti \u00e8 sempre stata garantita <\/b>attraverso misure immediate e verificabili &#8211; ha aggiunto &#8211; e la Ats ovviamente prosegue il <b>monitoraggio costante<\/b> dell&#8217;attuazione delle prescrizioni e si riserva ogni ulteriore valutazione prevista dalla normativa vigente\u00bb.\u00a0    &#13;<br \/>\n&#13;<br \/>\n&#13;<br \/>\n&#13;<br \/>\n&#13;<br \/>\n&#13;<br \/>\n&#13;<br \/>\n&#13;<br \/>\n&#13;<br \/>\n&#13;<br \/>\n&#13;<br \/>\n&#13;<br \/>\n&#13;<br \/>\n&#13;<br \/>\n&#13;<br \/>\n&#13;<br \/>\n&#13;<br \/>\n&#13;<br \/>\n&#13;<br \/>\n&#13;<br \/>\n&#13;<br \/>\n&#13;<br \/>\n&#13;<br \/>\n&#13;<br \/>\n&#13;<br \/>\n&#13;<br \/>\n&#13;<br \/>\n&#13;<br \/>\n&#13;<br \/>\n&#13;<br \/>\n&#13;<br \/>\n&#13;<br \/>\n&#13;<br \/>\n&#13;<br \/>\n&#13;<br \/>\n&#13;<br \/>\n&#13;<br \/>\n&#13;<br \/>\n&#13;<br \/>\n&#13;<br \/>\n&#13;<br \/>\n&#13;<br \/>\n&#13;<br \/>\n&#13;<br \/>\n&#13;<br \/>\n&#13;<br \/>\n&#13;<br \/>\n&#13;<br \/>\n&#13;<br \/>\n&#13;<br \/>\n&#13;<br \/>\n&#13;<br \/>\n&#13;\n<\/p>\n<p class=\"chapter-paragraph\">Dopo i disservizi all&#8217;ospedale San Raffaele di Milano \u00ab<b>l&#8217;11 dicembre l&#8217;ospedale forniva all&#8217;Ats un piano di risoluzione delle criticit\u00e0<\/b> a seguito di un verbale ispettivo che disponeva questo genere di iniziative. Conseguentemente, il giorno dopo, <b>il 12 dicembre, l&#8217;Ats ha emesso una notifica all&#8217;ente gestore (San Raffaele, ndr) di diffida formale <\/b>ai sensi dell&#8217;articolo 27 quinquies della legge regionale 33 del 2009, con prescrizioni immediate e esecutive a tutela della sicurezza dei pazienti\u00bb, ha spiegato Bertolaso. \u00abNella stessa giornata &#8211; ha aggiunto &#8211; avveniva poi <b>un incontro istituzionale fra i vertici della Ats e la nuova governance dell&#8217;ospedale<\/b> nel corso del quale sono stati illustrati e approfonditi i contenuti della diffida, si definivano ulteriori <b>azioni correttive e di rafforzamento organizzativo<\/b> e l&#8217;ente comunque confermava la piena collaborazione e l&#8217;impegno al ripristino strutturale dei requisiti richiesti\u00bb.<\/p>\n<p class=\"chapter-paragraph\">Dura la reazione dei dem. \u00abQuanto accaduto &#8211; dice la <b>consigliera del Pd Carmela Rozza<\/b> &#8211; \u00e8 gravissimo, uno di quegli eventi che in un ospedale non dovrebbero mai verificarsi. E la responsabilit\u00e0 \u00e8 dell&#8217;ente gestore, che si comporta da padrone delle ferriere; non rispetta i lavoratori, non d\u00e0 loro compensi adeguati, non rinnova il contratto, scaduto da anni, il che ovviamente porta alla fuga dei professionisti della sanit\u00e0 verso il pubblico, professionisti a cui si deve l&#8217;eccellenza della struttura.<b> Per sostituire il personale in fuga chi gestisce l&#8217;ospedale non trova di meglio che affidarsi a una cooperativa,<\/b> che dubito abbia i requisiti richiesti, che a sua volta impiega professionisti di dubbie competenze, oltretutto in un reparto ad alto rischio.\u00a0\u00c8 inaccettabile. Neppure gli infermieri laureati possono operare in autonomia in un reparto ad alta intensit\u00e0 se non affiancati per un periodo da professionisti con esperienza\u00bb.\u00a0<\/p>\n<p class=\"chapter-paragraph\">In questo quadro, aggiunge, \u00abla Regione non pu\u00f2 deresponsabilizzarsi. Deve rispondere delle strutture private che ha accreditato e per questo ha il dovere di vigilare e dare loro regole stringenti, a partire dall&#8217;utilizzo delle sole cooperative con requisiti certificati, e comunque mai nei reparti ad alta intensit\u00e0\u00bb. \u00abQuanto accaduto al San Raffaele &#8211; aggiunge il collega<b> Carlo Borghetti-<\/b> non pu\u00f2 non mettere in discussione il sistema regionale di accreditamento del privato nel suo complesso. Per questo chiediamo <b>una seduta straordinaria di consiglio<\/b> per arrivare a una revisione del sistema di accreditamento che garantisca la qualit\u00e0 del servizio e un adeguato trattamento del personale\u00bb.<\/p>\n<p class=\"chapter-paragraph\"><b>Nicola Di Marco, capogruppo M5s Lombardia<\/b>, aggiunge: \u00abDall\u2019assessore Bertolaso abbiamo ascoltato un vero e proprio spot a favore dell\u2019ospedale San Raffaele. Non una parola sui contenuti della diffida di Ats, non una parola su possibili sanzioni relative all\u2019accreditamento\u00bb.\u00a0\u00abLe parole assolutorie ascoltate oggi in Aula &#8211; aggiunge &#8211; sono la logica conseguenza della complicit\u00e0 di questo <b>centrodestra<\/b>, che ha creato le condizioni di sistema affinch\u00e9 la vita dei pazienti all\u2019interno dei reparti del San Raffaele fosse messa a rischio.\u00a0\u00c8 per effetto di scelte politiche del centrodestra, se <b>gli infermieri scappano dalla professione<\/b> e Regione Lombardia promuove politiche per importare professionisti dall\u2019Uzbekistan. \u00c8 evidente che chi \u00e8 causa del problema, non sia in grado di trovare una soluzione.\u00a0Il M5s Lombardia presenter\u00e0, gi\u00e0 nell\u2019ambito della discussione di questo bilancio, una <b>proposta di revisione per gli accreditamenti del privato nella sanit\u00e0 lombarda<\/b>.\u00a0Non possiamo accettare che si debba rischiare la tragedia, per mettere in discussione ci\u00f2 evidentemente non funziona\u00bb.<\/p>\n<p class=\"is-mr-t-20 is-mr-b-20\"><b><br \/>\n                    <a href=\"https:\/\/milano.corriere.it\/?intcmp=Notizielocali_nd_010623_corriere_ss_milano\" target=\"_blank\" rel=\"nofollow noopener\">Vai a tutte le notizie di Milano<\/a><br \/>\n            <\/b><\/p>\n<p class=\"chapter-paragraph\"><b><a href=\"https:\/\/www.corriere.it\/newsletter\/?theme=41&amp;intcmp=IIIcolonna_NL_CorMilano\" target=\"_blank\" rel=\"nofollow noopener\">Iscriviti alla newsletter di Corriere Milano<\/a><\/b><\/p>\n<p class=\"is-last-update\" datetime=\"2025-12-16T17:52:46+01:00\">16 dicembre 2025 ( modifica il 16 dicembre 2025 | 17:52)<\/p>\n<p class=\"is-copyright\">\n            \u00a9 RIPRODUZIONE RISERVATA\n        <\/p>\n","protected":false},"excerpt":{"rendered":"di Redazione Milano L&#8217;assessore al Welfare ha riferito in consiglio regionale: \u00abIl 12 dicembre l&#8217;Ats ha emesso una&hellip;\n","protected":false},"author":3,"featured_media":264582,"comment_status":"","ping_status":"","sticky":false,"template":"","format":"standard","meta":{"footnotes":""},"categories":[79],"tags":[500,155441,1237,772,7554,80101,311,99274,38282,155443,155444,73046,112,10325,13583,155445,14,93,94,1888,155446,155447,516,155448,43,1618,155449,155450,10464,155451,15101,155452,155442,1537,90,89,5762,7,15,812,23937,148241,10225,30650,6201,8381,8150,111,23972,532,54075,863,42617,2099,7911,11,84,91,12,85,92],"class_list":{"0":"post-264581","1":"post","2":"type-post","3":"status-publish","4":"format-standard","5":"has-post-thumbnail","7":"category-italia","8":"tag-accaduto","9":"tag-accreditamento","10":"tag-aggiunge","11":"tag-aggiunto","12":"tag-alta","13":"tag-alta-intensita","14":"tag-assessore","15":"tag-assessore-welfare","16":"tag-ats","17":"tag-ats-emesso","18":"tag-ats-emesso-notifica","19":"tag-bertolaso","20":"tag-centrodestra","21":"tag-competenze","22":"tag-contenuti","23":"tag-contenuti-diffida","24":"tag-cronaca","25":"tag-cronaca-italiana","26":"tag-cronacaitaliana","27":"tag-dicembre","28":"tag-dicembre-ats","29":"tag-dicembre-ats-emesso","30":"tag-diffida","31":"tag-diffida-formale","32":"tag-discussione","33":"tag-disservizi","34":"tag-disservizi-ospedale","35":"tag-disservizi-ospedale-san","36":"tag-emesso","37":"tag-emesso-notifica","38":"tag-ente","39":"tag-ente-gestore","40":"tag-immediate","41":"tag-it","42":"tag-italia","43":"tag-italy","44":"tag-lombardia","45":"tag-news","46":"tag-notizie","47":"tag-ospedale","48":"tag-ospedale-san","49":"tag-ospedale-san-raffaele","50":"tag-pazienti","51":"tag-prescrizioni","52":"tag-professionisti","53":"tag-raffaele","54":"tag-regionale","55":"tag-regione","56":"tag-requisiti","57":"tag-san","58":"tag-san-raffaele","59":"tag-sicurezza","60":"tag-sicurezza-pazienti","61":"tag-sistema","62":"tag-tutela","63":"tag-ultime-notizie","64":"tag-ultime-notizie-e-news-di-oggi","65":"tag-ultime-notizie-italia","66":"tag-ultimenotizie","67":"tag-ultimenotizieenewsdioggi","68":"tag-ultimenotizieitalia"},"share_on_mastodon":{"url":"","error":"Validation failed: Text character limit of 500 exceeded"},"_links":{"self":[{"href":"https:\/\/www.europesays.com\/it\/wp-json\/wp\/v2\/posts\/264581","targetHints":{"allow":["GET"]}}],"collection":[{"href":"https:\/\/www.europesays.com\/it\/wp-json\/wp\/v2\/posts"}],"about":[{"href":"https:\/\/www.europesays.com\/it\/wp-json\/wp\/v2\/types\/post"}],"author":[{"embeddable":true,"href":"https:\/\/www.europesays.com\/it\/wp-json\/wp\/v2\/users\/3"}],"replies":[{"embeddable":true,"href":"https:\/\/www.europesays.com\/it\/wp-json\/wp\/v2\/comments?post=264581"}],"version-history":[{"count":0,"href":"https:\/\/www.europesays.com\/it\/wp-json\/wp\/v2\/posts\/264581\/revisions"}],"wp:featuredmedia":[{"embeddable":true,"href":"https:\/\/www.europesays.com\/it\/wp-json\/wp\/v2\/media\/264582"}],"wp:attachment":[{"href":"https:\/\/www.europesays.com\/it\/wp-json\/wp\/v2\/media?parent=264581"}],"wp:term":[{"taxonomy":"category","embeddable":true,"href":"https:\/\/www.europesays.com\/it\/wp-json\/wp\/v2\/categories?post=264581"},{"taxonomy":"post_tag","embeddable":true,"href":"https:\/\/www.europesays.com\/it\/wp-json\/wp\/v2\/tags?post=264581"}],"curies":[{"name":"wp","href":"https:\/\/api.w.org\/{rel}","templated":true}]}}