{"id":264814,"date":"2025-12-17T10:11:10","date_gmt":"2025-12-17T10:11:10","guid":{"rendered":"https:\/\/www.europesays.com\/it\/264814\/"},"modified":"2025-12-17T10:11:10","modified_gmt":"2025-12-17T10:11:10","slug":"uec-il-direttivo-ha-assegnato-nuovi-campionati-europei-2-allitalia-e-definito-le-linee-guida-per-le-prossime-stagioni","status":"publish","type":"post","link":"https:\/\/www.europesays.com\/it\/264814\/","title":{"rendered":"UEC. IL DIRETTIVO HA ASSEGNATO NUOVI CAMPIONATI EUROPEI (2 ALL&#8217;ITALIA) E DEFINITO LE LINEE GUIDA PER LE PROSSIME STAGIONI"},"content":{"rendered":"<p>            <a class=\"category\" href=\"https:\/\/www.tuttobiciweb.it\/articles\/category\/POLITICA\" itemprop=\"about\" rel=\"nofollow noopener\" target=\"_blank\">POLITICA<\/a> | 17\/12\/2025 | 08:12<\/p>\n<p>Il Direttivo dell\u2019Union Europ\u00e9enne de Cyclisme si \u00e8 riunito presso la sede UEC alla Maison du Sport Internationale di Losanna (Svizzera). L\u2019incontro \u00e8 stata un\u2019occasione per fare il punto sulla stagione trascorsa, caratterizzata da appuntamenti di alto livello e da una forte partecipazione di pubblico, e per programmare le attivit\u00e0 dei prossimi anni, con particolare attenzione allo sviluppo del ciclismo giovanile e al supporto alle federazioni nazionali.\n            <\/p>\n<p>Nel corso della riunione sono stati assegnati diversi Campionati Europei delle prossime stagioni:<br \/>&#8211; 2026 UEC MTB Youth European Championships &#8211; Cheile Gr\u0103di\u0219tei (Transylvania \u2013 Romania), 22\u201326 luglio 2026<br \/><strong>&#8211; 2026 UEC Road Para-Cycling European Championships &#8211; Maniago (Pordenone \u2013 Italia), 12\u201314 giugno 2026<\/strong><br \/>&#8211; 2026 UEC Trials European Championships &#8211; Valberg (Francia), 7\u20139 agosto 2026<br \/>&#8211; 2026 UEC MTB Eliminator European Championships &#8211; Sakarya (Turchia), 7 giugno 2026<br \/><strong>&#8211; 2028 UEC MTB Marathon European Championships &#8211; Castro (Lecce \u2013 Italia)<\/strong><br \/><strong\/>\n            <\/p>\n<p><strong>Nuovo sistema di qualificazione per gli UEC Gravel European Championships<\/strong><br \/>A partire dal 2026 entrer\u00e0 in vigore un nuovo sistema di qualificazione per i Campionati Europei Gravel. In sintesi:<br \/>&#8211; Qualificazione automatica attraverso gli eventi europei della UCI Gravel World Series disputati nei 12 mesi precedenti: si qualifica il 25% migliore per categoria, con nazionalit\u00e0 sportiva europea.<br \/>&#8211; Idoneit\u00e0 ai titoli europei riservata solo ad atleti qualificati in possesso di licenza annuale e UCI ID, con nazionalit\u00e0 sportiva europea.<br \/>&#8211; Partecipazione degli amatori possibile tramite licenza giornaliera, ma senza accesso ai titoli europei; richiesto certificato medico sportivo.<br \/>&#8211; L\u2019evento rester\u00e0 inoltre valido come prova di qualificazione per gli UCI Gravel World Championships.<br \/>Maggiori info: <a href=\"https:\/\/ucigravelworldseries.com\/en\/uec-european-gravel-championships-introduce-qualification-system-for-2026\/\" target=\"_blank\" rel=\"noopener nofollow\">clicca qui<\/a><\/p>\n<p><strong>Enrico Della Casa. Presidente dell\u2019Union Europ\u00e9enne de Cyclisme<\/strong>: \u00abLa stagione 2025 \u00e8 stata ricca di appuntamenti che hanno registrato un forte interesse di pubblico e ottimi dati televisivi. Abbiamo sostenuto diversi progetti di solidariet\u00e0, formazione e sviluppo, accompagnando da vicino il lavoro delle federazioni nazionali, in particolare nelle attivit\u00e0 giovanili, che rappresentano una nostra priorit\u00e0. Il calendario 2026 si presenta gi\u00e0 di alto livello, cos\u00ec come quello delle stagioni successive. Con i Campionati Europei e le Coppe Europa abbiamo aggiunto nuove sedi e stiamo lavorando a nuovi progetti innovativi e a ulteriori format in fase di studio, sempre con l\u2019obiettivo di sostenere le federazioni e far crescere il movimento giovanile in tutte le discipline. Desidero ringraziare i colleghi del Direttivo, eletti lo scorso marzo, per l\u2019impegno costante, e lo staff tecnico della UEC che, insieme a tutti gli organizzatori locali, ha garantito standard organizzativi di grande qualit\u00e0.\u00bb<\/p>\n<p>Copyright &amp;copy TBW<\/p>\n","protected":false},"excerpt":{"rendered":"POLITICA | 17\/12\/2025 | 08:12 Il Direttivo dell\u2019Union Europ\u00e9enne de Cyclisme si \u00e8 riunito presso la sede UEC&hellip;\n","protected":false},"author":3,"featured_media":264815,"comment_status":"","ping_status":"","sticky":false,"template":"","format":"standard","meta":{"footnotes":""},"categories":[1456],"tags":[15791,1824,1825,14448,1537,90,89,245,244,88318],"class_list":{"0":"post-264814","1":"post","2":"type-post","3":"status-publish","4":"format-standard","5":"has-post-thumbnail","7":"category-ciclismo","8":"tag-campionati-europei","9":"tag-ciclismo","10":"tag-cycling","11":"tag-gravel","12":"tag-it","13":"tag-italia","14":"tag-italy","15":"tag-sport","16":"tag-sports","17":"tag-uec"},"share_on_mastodon":{"url":"https:\/\/pubeurope.com\/@it\/115734372901369644","error":""},"_links":{"self":[{"href":"https:\/\/www.europesays.com\/it\/wp-json\/wp\/v2\/posts\/264814","targetHints":{"allow":["GET"]}}],"collection":[{"href":"https:\/\/www.europesays.com\/it\/wp-json\/wp\/v2\/posts"}],"about":[{"href":"https:\/\/www.europesays.com\/it\/wp-json\/wp\/v2\/types\/post"}],"author":[{"embeddable":true,"href":"https:\/\/www.europesays.com\/it\/wp-json\/wp\/v2\/users\/3"}],"replies":[{"embeddable":true,"href":"https:\/\/www.europesays.com\/it\/wp-json\/wp\/v2\/comments?post=264814"}],"version-history":[{"count":0,"href":"https:\/\/www.europesays.com\/it\/wp-json\/wp\/v2\/posts\/264814\/revisions"}],"wp:featuredmedia":[{"embeddable":true,"href":"https:\/\/www.europesays.com\/it\/wp-json\/wp\/v2\/media\/264815"}],"wp:attachment":[{"href":"https:\/\/www.europesays.com\/it\/wp-json\/wp\/v2\/media?parent=264814"}],"wp:term":[{"taxonomy":"category","embeddable":true,"href":"https:\/\/www.europesays.com\/it\/wp-json\/wp\/v2\/categories?post=264814"},{"taxonomy":"post_tag","embeddable":true,"href":"https:\/\/www.europesays.com\/it\/wp-json\/wp\/v2\/tags?post=264814"}],"curies":[{"name":"wp","href":"https:\/\/api.w.org\/{rel}","templated":true}]}}