{"id":264915,"date":"2025-12-17T11:38:15","date_gmt":"2025-12-17T11:38:15","guid":{"rendered":"https:\/\/www.europesays.com\/it\/264915\/"},"modified":"2025-12-17T11:38:15","modified_gmt":"2025-12-17T11:38:15","slug":"alvaro-morata-e-alice-campello-ancora-in-crisi-nuova-rottura","status":"publish","type":"post","link":"https:\/\/www.europesays.com\/it\/264915\/","title":{"rendered":"Alvaro Morata e Alice Campello, ancora in crisi: nuova rottura?"},"content":{"rendered":"<p>                    <img decoding=\"async\" class=\"article__image\" src=\"https:\/\/www.europesays.com\/it\/wp-content\/uploads\/2025\/12\/f1de392a25585d102bb13fd7c4a353cb.jpg\" alt=\"Alvaro Morata e Alice Campello, nuova rottura? \u00abC\u2019\u00e8 una terza persona, ma non c\u2019\u00e8 stata infedelt\u00e0\u00bb - immagine\"\/><\/p>\n<p class=\"article__imageInfoText\">\n                      Alvaro Morata e Alice Campello: un\u2019altra coppia scoppia?\n                    <\/p>\n<p>\n                          <strong>Alvaro Morata<\/strong> e <strong>Alice Campello<\/strong> sono nuovamente in crisi. E alcuni indizi sembrano rivelare che tra loro ci sia stata una rottura: in particolare il fatto che l\u2019attaccante del Como avrebbe un\u2019amicizia particolare con una donna dell\u2019entourage del club. Eppure solo un mese fa, nel podcast di Laura Escanes, la modella spiegava cos\u00ec i motivi del precedente allontanamento, risolto la scorsa primavera: \u00abIl nostro amore \u00e8 il pi\u00f9 grande che esista, solo che in quel momento eravamo entrambi sotto l\u2019effetto di farmaci\u00bb. E giurava: \u00abHo sempre saputo che Alvaro e io saremmo tornati insieme. Sono molto sicura di quello che abbiamo, non ci siamo separati per mancanza d\u2019amore e l\u2019amore, alla fine vince. Mi dispiace molto che la gente pensi che il nostro amore non fosse vero. Mi fa male che si possa pensare una cosa del genere di Alvaro, perch\u00e9 ha dedicato la sua vita a rendermi felice\u00bb. &#8211;\u00a0<a href=\"https:\/\/www.oggi.it\/gossip\/gallery\/alice-campello-e-alvaro-morata-estate-a-tutto-amore-in-attesa-del-ritorno-in-italia-guarda-le-foto\/\" target=\"_blank\" rel=\"noopener nofollow\"><strong>foto<\/strong>\u00a0<\/a>|<strong>\u00a0<a style=\"color: #ff0000;\" href=\"https:\/\/www.oggi.it\/video\/gossip\/2024\/08\/26\/alice-campello-dopo-lannuncio-di-divorzio-si-dedica-ai-figli\/\" target=\"_blank\" rel=\"noopener nofollow\">video<\/a><\/strong>\n                        <\/p>\n<p>\n                          <a href=\"https:\/\/www.oggi.it\/gossip\/amori\/2025\/06\/18\/alvaro-morata-e-alice-campello-in-un-documentario-raccontano-la-depressione-di-lui-e-la-loro-separazione\/\" target=\"_blank\" rel=\"noopener nofollow\">Alvaro Morata e Alice Campello in un documentario raccontano la depressione di lui e la loro separazione &#8211;\u00a0<strong>Leggi<\/strong><\/a>\n                        <\/p>\n<p>\n                          <strong>LA NUOVA CRISI &#8211;<\/strong> E allora \u00e8 possibile che sia giunta una nuova crisi e cos\u00ec presto? Ci sono tre indizi che i fan hanno notato subito. Per prima cosa non compaiono insieme sui social dal 5 novembre. Il secondo fatto \u00e8 che da pi\u00f9 settimane Alice non indossa la fede e non fa nulla per nasconderlo. Il terzo aspetto \u00e8 che, sempre lei, ha tolto ogni riferimento del marito al suo nome su Instagram. Qualcosa, insomma, sembra davvero non tornare.\n                        <\/p>\n<p>\n                          <a href=\"https:\/\/www.oggi.it\/gossip\/amori\/2025\/05\/26\/alice-campello-operata-a-new-york-ecco-perche-ha-saltato-i-festeggiamenti-dello-scudetto-del-marito-alvaro-morata\/\" target=\"_blank\" rel=\"noopener nofollow\">Alice Campello operata a New York: ecco perch\u00e9 ha saltato i festeggiamenti dello scudetto del marito Alvaro Morata &#8211;\u00a0<strong>Leggi<\/strong><\/a>\n                        <\/p>\n<p>\n                          <strong>UNA NUOVA DONNA &#8211;<\/strong> E, in effetti, dalla Spagna, il giornalista Kike Quintana, nel corso della trasmissione El Tiempo justo su Telecinco, ha spiazzato tutti: \u00abMi \u00e8 stato detto che c\u2019\u00e8 una terza persona coinvolta, che appartiene all\u2019attuale cerchia professionale di Alvaro Morata a Como\u00bb. Il giornalista specifica che non ci sarebbe stato alcun tradimento. Ma aggiunge: \u00abIn questa donna il calciatore ha trovato un sostegno emotivo in mezzo al caos della sua avventura professionale e questo ha destabilizzato Alice che non riesce a capire il ruolo assunto da questa donna nella nuova vita di Alvaro\u00bb. Tanto che, stando alle sue informazioni, presto la coppia annuncer\u00e0 la separazione: \u00abCi stanno provando, perch\u00e9 hanno quattro figli, ma stando a fonti attendibili, la relazione finir\u00e0. Alice probabilmente lo confermer\u00e0 in un\u2019intervista nel 2026, dopo Natale\u00bb. La collega Leticia Requejo rivela poi che proprio il Como avrebbe imposto ad Alvaro di non rendere pubblica la notizia della crisi: \u00abNon vogliono alcun tipo di polemica n\u00e9 che Alvaro compaia in titoli relativi alla sua vita privata\u00bb. C\u2019\u00e8 anche chi nota che la modella abbia partecipato di recente alle nozze dell\u2019amica Isabel Pena senza il marito, che in realt\u00e0 era impegnato con il calcio. Ma dicono che a chi le ha chiesto spiegazioni, lei abbia risposto: \u00abChe stessimo bene o male, non sarebbe venuto lo stesso\u00bb. Infine, una persona vicino alla coppia ha raccontato: \u00abCome in ogni relazione, ci sono momenti migliori e momenti peggiori, e a volte le difficolt\u00e0 personali di ciascuno finiscono per influenzare la coppia e l\u2019ambiente circostante. Ma questo fa parte della vita reale, non di un dramma inventato. Sono cose che capitano a tutte le coppie\u00bb.\n                        <\/p>\n","protected":false},"excerpt":{"rendered":"Alvaro Morata e Alice Campello: un\u2019altra coppia scoppia? Alvaro Morata e Alice Campello sono nuovamente in crisi. E&hellip;\n","protected":false},"author":3,"featured_media":264916,"comment_status":"","ping_status":"","sticky":false,"template":"","format":"standard","meta":{"footnotes":""},"categories":[1451],"tags":[1621,1620,203,204,1537,90,89],"class_list":{"0":"post-264915","1":"post","2":"type-post","3":"status-publish","4":"format-standard","5":"has-post-thumbnail","7":"category-celebrita","8":"tag-celebrita","9":"tag-celebrities","10":"tag-entertainment","11":"tag-intrattenimento","12":"tag-it","13":"tag-italia","14":"tag-italy"},"share_on_mastodon":{"url":"https:\/\/pubeurope.com\/@it\/115734715330318176","error":""},"_links":{"self":[{"href":"https:\/\/www.europesays.com\/it\/wp-json\/wp\/v2\/posts\/264915","targetHints":{"allow":["GET"]}}],"collection":[{"href":"https:\/\/www.europesays.com\/it\/wp-json\/wp\/v2\/posts"}],"about":[{"href":"https:\/\/www.europesays.com\/it\/wp-json\/wp\/v2\/types\/post"}],"author":[{"embeddable":true,"href":"https:\/\/www.europesays.com\/it\/wp-json\/wp\/v2\/users\/3"}],"replies":[{"embeddable":true,"href":"https:\/\/www.europesays.com\/it\/wp-json\/wp\/v2\/comments?post=264915"}],"version-history":[{"count":0,"href":"https:\/\/www.europesays.com\/it\/wp-json\/wp\/v2\/posts\/264915\/revisions"}],"wp:featuredmedia":[{"embeddable":true,"href":"https:\/\/www.europesays.com\/it\/wp-json\/wp\/v2\/media\/264916"}],"wp:attachment":[{"href":"https:\/\/www.europesays.com\/it\/wp-json\/wp\/v2\/media?parent=264915"}],"wp:term":[{"taxonomy":"category","embeddable":true,"href":"https:\/\/www.europesays.com\/it\/wp-json\/wp\/v2\/categories?post=264915"},{"taxonomy":"post_tag","embeddable":true,"href":"https:\/\/www.europesays.com\/it\/wp-json\/wp\/v2\/tags?post=264915"}],"curies":[{"name":"wp","href":"https:\/\/api.w.org\/{rel}","templated":true}]}}