{"id":264939,"date":"2025-12-17T11:59:11","date_gmt":"2025-12-17T11:59:11","guid":{"rendered":"https:\/\/www.europesays.com\/it\/264939\/"},"modified":"2025-12-17T11:59:11","modified_gmt":"2025-12-17T11:59:11","slug":"pesante-sconfitta-in-una-esibizione-contro-un-francese","status":"publish","type":"post","link":"https:\/\/www.europesays.com\/it\/264939\/","title":{"rendered":"pesante sconfitta in una esibizione contro un francese"},"content":{"rendered":"<p><strong>Una partita su cui riflettere<\/strong>. <strong>Lorenzo Musetti<\/strong> ha preso parte ieri a un torneo di esibizione,<strong> l\u2019Open de Caen 2025<\/strong>, sul veloce indoor in Normandia. Il suo avversario era il mancino transalpino <strong>Hugo Gaston<\/strong>. Il toscano doveva conquistarsi un posto in finale, dove lo attendeva l\u2019altro francese<strong> Quentin Halys<\/strong>, uscito vittorioso dalla sfida contro lo spagnolo <strong>Alejandro Davidovich Fokina<\/strong> con il punteggio di<strong> 7-6 (7) 1-6 6-3<\/strong>.<\/p>\n<p>Contrariamente alle attese, <strong>Musetti \u00e8 stato nettamente sconfitto col punteggio di 6-2 6-0<\/strong>. Un punteggio molto severo, frutto di un primo parziale dove il classe 2002 del Bel Paese ha fatto fatica a trovare le sue geometrie. Nel secondo, Gaston ha alzato ulteriormente il livello e Lorenzo non ha risposto presente, subendo un pesantissimo bagel.<\/p>\n<p><strong>Certo, si parla di un\u2019esibizione e Musetti viene da un periodo particolare<\/strong>, avendo affrontato anche le emozioni per la nascita del suo secondogenito, Leandro. Tuttavia, una prestazione del genere avr\u00e0 fatto alzare il sopracciglio al suo nuovo super coach<strong> Jos\u00e9 Perlas<\/strong>, dandogli delle indicazioni sul da farsi in vista degli eventi che qualcosa metteranno in palio.<\/p>\n<p><strong>L\u2019obiettivo dichiarato del toscano \u00e8 di avvicinarsi alle prestazioni di Carlos Alcaraz e di Jannik Sinner<\/strong> e la risposta di ieri, pur in una fase particolare della stagione, non \u00e8 stata positiva. Vedremo a questo punto come la forma dell\u2019azzurro evolver\u00e0, in previsione dei prossimi impegni. <strong>Musetti giocher\u00e0 dal 5 gennaio a Hong Kong e il target sar\u00e0 quello di mettere in mostra un tennis decisamente pi\u00f9 convincente<\/strong>.<\/p>\n","protected":false},"excerpt":{"rendered":"Una partita su cui riflettere. Lorenzo Musetti ha preso parte ieri a un torneo di esibizione, l\u2019Open de&hellip;\n","protected":false},"author":3,"featured_media":264940,"comment_status":"","ping_status":"","sticky":false,"template":"","format":"standard","meta":{"footnotes":""},"categories":[1457],"tags":[155782,1537,90,89,1863,245,244,1273],"class_list":{"0":"post-264939","1":"post","2":"type-post","3":"status-publish","4":"format-standard","5":"has-post-thumbnail","7":"category-tennis","8":"tag-hugo-gaston","9":"tag-it","10":"tag-italia","11":"tag-italy","12":"tag-lorenzo-musetti","13":"tag-sport","14":"tag-sports","15":"tag-tennis"},"share_on_mastodon":{"url":"https:\/\/pubeurope.com\/@it\/115734797860200567","error":""},"_links":{"self":[{"href":"https:\/\/www.europesays.com\/it\/wp-json\/wp\/v2\/posts\/264939","targetHints":{"allow":["GET"]}}],"collection":[{"href":"https:\/\/www.europesays.com\/it\/wp-json\/wp\/v2\/posts"}],"about":[{"href":"https:\/\/www.europesays.com\/it\/wp-json\/wp\/v2\/types\/post"}],"author":[{"embeddable":true,"href":"https:\/\/www.europesays.com\/it\/wp-json\/wp\/v2\/users\/3"}],"replies":[{"embeddable":true,"href":"https:\/\/www.europesays.com\/it\/wp-json\/wp\/v2\/comments?post=264939"}],"version-history":[{"count":0,"href":"https:\/\/www.europesays.com\/it\/wp-json\/wp\/v2\/posts\/264939\/revisions"}],"wp:featuredmedia":[{"embeddable":true,"href":"https:\/\/www.europesays.com\/it\/wp-json\/wp\/v2\/media\/264940"}],"wp:attachment":[{"href":"https:\/\/www.europesays.com\/it\/wp-json\/wp\/v2\/media?parent=264939"}],"wp:term":[{"taxonomy":"category","embeddable":true,"href":"https:\/\/www.europesays.com\/it\/wp-json\/wp\/v2\/categories?post=264939"},{"taxonomy":"post_tag","embeddable":true,"href":"https:\/\/www.europesays.com\/it\/wp-json\/wp\/v2\/tags?post=264939"}],"curies":[{"name":"wp","href":"https:\/\/api.w.org\/{rel}","templated":true}]}}