{"id":265094,"date":"2025-12-17T14:26:17","date_gmt":"2025-12-17T14:26:17","guid":{"rendered":"https:\/\/www.europesays.com\/it\/265094\/"},"modified":"2025-12-17T14:26:17","modified_gmt":"2025-12-17T14:26:17","slug":"vogliamo-ripeterci-sul-mio-ultimo-anno-di-contratto","status":"publish","type":"post","link":"https:\/\/www.europesays.com\/it\/265094\/","title":{"rendered":"Vogliamo ripeterci. Sul mio ultimo anno di contratto&#8230;"},"content":{"rendered":"<p>Milan, le parole di Maignan<\/p>\n<p><strong>ANNO SCORSO &#8211;\u00a0<\/strong>&#8220;L&#8217;anno scorso abbiamo vinto, ma l&#8217;anno scorso \u00e8 passato. \u00c8 un nuovo cammino, dobbiamo essere concentrati solo sulla partita di domani sera. \u00c8 la pi\u00f9 importante. Senza quella di domani sera non c&#8217;\u00e8 eventualmente luned\u00ec. Se vogliamo fare un risultato positivo dobbiamo rimanere concentrati sull&#8217;allenamento di oggi per arrivare a domani sera in una buona forma&#8221;.<\/p>\n<p><strong>SENSAZIONI &#8211;\u00a0<\/strong>&#8220;Vincere l&#8217;anno scorso \u00e8 stato bello ma quest&#8217;anno \u00e8 un&#8217;altra stagione. I risultati in questo momento sono migliori. Certo, come hanno detto i miei compagni, quest&#8217;anno siamo pi\u00f9 una squadra, pi\u00f9 una famiglia, un gruppo dove si vive bene. Sono cambiate tante cose, il mister ed il suo staff hanno portato serenit\u00e0 ed il loro modo di lavorare. Dobbiamo continuare cos\u00ec con questo ritmo e migliorarci ogni giorno per ottenere risultati positivi. Per farlo dobbiamo essere concentrati molto su quello che ci aspetta da oggi a domani sera: poi dopo questo potremo fare un passo avanti&#8221;.<\/p>\n<p><strong>ULTIMO ANNO DI CONTRATTO &#8211;\u00a0<\/strong>&#8220;Credo che la cosa pi\u00f9 importante \u00e8 quello che posso fare ogni giorno. Certo che il mio futuro fa parlare ma non \u00e8 una cosa che mi deve disturbare. Devo essere concentrato per dare il massimo. Oggi non penso che sia il momento di parlare del mio futuro, abbiamo una partita molto vicina. Devo dare il massimo domani sera e vedere cosa succede dopo&#8221;.<\/p>\n<p><strong>NUOVA GARA A RIAD &#8211; <\/strong>&#8220;\u00c8 qualcosa di diverso. Come siamo concentrati su questa partita non penso che dobbiamo ascoltare quello che succede nello stadio, dobbiamo pensare a fare il nostro calcio e a fare quello che dice il mister. Sar\u00e0 sicuramente una partita bella, l&#8217;ho vissuto l&#8217;anno scorso. Ci sono tifosi appassionati. Dobbiamo dare il massimo, \u00e8 la cosa pi\u00f9 importante&#8221;.<\/p>\n<p><strong>RIPETERSI &#8211;\u00a0<\/strong>&#8220;L&#8217;anno scorso \u00e8 passato. \u00c8 stato bello, ma ora c&#8217;\u00e8 un nuovo cammino. Dobbiamo dare il massimo per ripeterci&#8221;.<\/p>\n<p><strong>CLAUDIO FILIPPI &#8211;\u00a0<\/strong>&#8220;Mi ha portato molta serenit\u00e0. \u00c8 una persona che ha molta esperienza, ha sangue freddo, sa gestire un gruppo di portieri. Lavorare con gente cos\u00ec \u00e8 molto pi\u00f9 facile. Non voglio fare paragoni, ma parlo di lui e mi sento molto bene con quello che mi propone molto bene in allenamento, come gestisce il mio carattere e le mie cose. Sono felice, spero che continui cos\u00ec per tutta la stagione&#8221;.<\/p>\n","protected":false},"excerpt":{"rendered":"Milan, le parole di Maignan ANNO SCORSO &#8211;\u00a0&#8220;L&#8217;anno scorso abbiamo vinto, ma l&#8217;anno scorso \u00e8 passato. \u00c8 un&hellip;\n","protected":false},"author":3,"featured_media":265095,"comment_status":"","ping_status":"","sticky":false,"template":"","format":"standard","meta":{"footnotes":""},"categories":[176],"tags":[721,719,720,1537,90,89,251,245,244],"class_list":{"0":"post-265094","1":"post","2":"type-post","3":"status-publish","4":"format-standard","5":"has-post-thumbnail","7":"category-sport","8":"tag-calcio","9":"tag-fanta","10":"tag-fantacalcio","11":"tag-it","12":"tag-italia","13":"tag-italy","14":"tag-serie-a","15":"tag-sport","16":"tag-sports"},"share_on_mastodon":{"url":"https:\/\/pubeurope.com\/@it\/115735375740793112","error":""},"_links":{"self":[{"href":"https:\/\/www.europesays.com\/it\/wp-json\/wp\/v2\/posts\/265094","targetHints":{"allow":["GET"]}}],"collection":[{"href":"https:\/\/www.europesays.com\/it\/wp-json\/wp\/v2\/posts"}],"about":[{"href":"https:\/\/www.europesays.com\/it\/wp-json\/wp\/v2\/types\/post"}],"author":[{"embeddable":true,"href":"https:\/\/www.europesays.com\/it\/wp-json\/wp\/v2\/users\/3"}],"replies":[{"embeddable":true,"href":"https:\/\/www.europesays.com\/it\/wp-json\/wp\/v2\/comments?post=265094"}],"version-history":[{"count":0,"href":"https:\/\/www.europesays.com\/it\/wp-json\/wp\/v2\/posts\/265094\/revisions"}],"wp:featuredmedia":[{"embeddable":true,"href":"https:\/\/www.europesays.com\/it\/wp-json\/wp\/v2\/media\/265095"}],"wp:attachment":[{"href":"https:\/\/www.europesays.com\/it\/wp-json\/wp\/v2\/media?parent=265094"}],"wp:term":[{"taxonomy":"category","embeddable":true,"href":"https:\/\/www.europesays.com\/it\/wp-json\/wp\/v2\/categories?post=265094"},{"taxonomy":"post_tag","embeddable":true,"href":"https:\/\/www.europesays.com\/it\/wp-json\/wp\/v2\/tags?post=265094"}],"curies":[{"name":"wp","href":"https:\/\/api.w.org\/{rel}","templated":true}]}}