{"id":265096,"date":"2025-12-17T14:27:12","date_gmt":"2025-12-17T14:27:12","guid":{"rendered":"https:\/\/www.europesays.com\/it\/265096\/"},"modified":"2025-12-17T14:27:12","modified_gmt":"2025-12-17T14:27:12","slug":"picco-influenza-vicino-6mila-mantovani-a-letto-aperti-ambulatori-serali","status":"publish","type":"post","link":"https:\/\/www.europesays.com\/it\/265096\/","title":{"rendered":"Picco influenza vicino, 6mila mantovani a letto : aperti ambulatori serali &#8230;"},"content":{"rendered":"\n<p>La variante K<\/p>\n<p>Attivati tre presidi in provincia con medico e infermiere per non intasare i pronto soccorso<\/p>\n<p><strong>Corre veloce la variante K dell\u2019influenza stagionale<\/strong> che sta mettendo a letto 4 milioni di italiani. Nelle ultime due settimane c\u2019\u00e8 stata l\u2019impennata e il picco non \u00e8 pi\u00f9 atteso come negli altri anni a fine gennaio ma tra la fine e l\u2019inizio del nuovo anno.<\/p>\n<p>Mantova a letto <\/p>\n<p>I mantovani alle prese con la <strong>K<\/strong> registrati nella prima settimana di dicembre sono stati poco meno di 6mila. Nel 2024 e nel 2023 il picco \u00e8 stato toccato tra i 7mila e i 7.300 ammalati. Questa l\u2019incidenza negli adulti, perch\u00e9 nei bambini da 0 a 4 anni la diffusione risulta pi\u00f9 del doppio.<\/p>\n<p><strong>Superlavoro, dunque, per pronto soccorso, medici di medicina generale e pediatri di libera scelta.<\/strong><\/p>\n<p>Hotspot infettivologici <\/p>\n<p>Per non intasare gli ambulatori ospedalieri e dei medici di famiglia anche quest\u2019anno l\u2019<strong>Asst<\/strong> ha attivato gli hotspot infettivologici per assistere i cittadini colpiti da influenza. Gli ambulatori dedicati sono attivi a <strong>Bozzolo<\/strong> (via XXV Aprile 71), <strong>Borgo Virgilio<\/strong> (via Giovanni Falcone 1) e <strong>Quistello<\/strong> (via Bettini).<\/p>\n<p>Modalit\u00e0 di accesso <\/p>\n<p>Ecco gli orari degli ambulatori anti-influenza. Gli hotspot sono attivi tutti i giorni feriali dalle 20 alle 24, il sabato, domenica e festivi dalle 14 alle 18. \u00c8 invece indispensabile rivolgersi al proprio medico curante negli orari di apertura del suo ambulatorio. <strong>Per accedere \u00e8 necessario chiamare il numero unico 116117.<\/strong><\/p>\n<p>Un operatore metter\u00e0 in contatto il cittadino con un medico che, al telefono, valuter\u00e0 se sia necessaria una visita in uno degli ambulatori. <strong>Il servizio \u00e8 gratuito.<\/strong><\/p>\n<p>Il personale medico degli hotspot si prende cura dello stato di salute del paziente, effettuando una valutazione clinica, primi accertamenti, come tamponi diagnostici, prescrizioni di terapie e se necessario, ulteriori accertamenti.<\/p>\n","protected":false},"excerpt":{"rendered":"La variante K Attivati tre presidi in provincia con medico e infermiere per non intasare i pronto soccorso&hellip;\n","protected":false},"author":3,"featured_media":265097,"comment_status":"","ping_status":"","sticky":false,"template":"","format":"standard","meta":{"footnotes":""},"categories":[175],"tags":[239,1537,90,89,240],"class_list":{"0":"post-265096","1":"post","2":"type-post","3":"status-publish","4":"format-standard","5":"has-post-thumbnail","7":"category-salute","8":"tag-health","9":"tag-it","10":"tag-italia","11":"tag-italy","12":"tag-salute"},"share_on_mastodon":{"url":"https:\/\/pubeurope.com\/@it\/115735379720930485","error":""},"_links":{"self":[{"href":"https:\/\/www.europesays.com\/it\/wp-json\/wp\/v2\/posts\/265096","targetHints":{"allow":["GET"]}}],"collection":[{"href":"https:\/\/www.europesays.com\/it\/wp-json\/wp\/v2\/posts"}],"about":[{"href":"https:\/\/www.europesays.com\/it\/wp-json\/wp\/v2\/types\/post"}],"author":[{"embeddable":true,"href":"https:\/\/www.europesays.com\/it\/wp-json\/wp\/v2\/users\/3"}],"replies":[{"embeddable":true,"href":"https:\/\/www.europesays.com\/it\/wp-json\/wp\/v2\/comments?post=265096"}],"version-history":[{"count":0,"href":"https:\/\/www.europesays.com\/it\/wp-json\/wp\/v2\/posts\/265096\/revisions"}],"wp:featuredmedia":[{"embeddable":true,"href":"https:\/\/www.europesays.com\/it\/wp-json\/wp\/v2\/media\/265097"}],"wp:attachment":[{"href":"https:\/\/www.europesays.com\/it\/wp-json\/wp\/v2\/media?parent=265096"}],"wp:term":[{"taxonomy":"category","embeddable":true,"href":"https:\/\/www.europesays.com\/it\/wp-json\/wp\/v2\/categories?post=265096"},{"taxonomy":"post_tag","embeddable":true,"href":"https:\/\/www.europesays.com\/it\/wp-json\/wp\/v2\/tags?post=265096"}],"curies":[{"name":"wp","href":"https:\/\/api.w.org\/{rel}","templated":true}]}}