{"id":265130,"date":"2025-12-17T14:55:11","date_gmt":"2025-12-17T14:55:11","guid":{"rendered":"https:\/\/www.europesays.com\/it\/265130\/"},"modified":"2025-12-17T14:55:11","modified_gmt":"2025-12-17T14:55:11","slug":"eta-lavoro-il-bacio-sotto-casa-i-profili-chiusi-e-il-silenzio-della-conduttrice","status":"publish","type":"post","link":"https:\/\/www.europesays.com\/it\/265130\/","title":{"rendered":"et\u00e0, lavoro, il bacio sotto casa, i profili chiusi e il silenzio della conduttrice"},"content":{"rendered":"<p>Dopo il bacio appassionato scambiato con un uomo sotto casa, Andrea Delogu \u00e8 ancora di pi\u00f9 nel mirino del gossip. La conduttrice radiofonica \u00e8 forse la protagonista di Ballando con le stelle pi\u00f9 chiacchierata del momento. In coppia con il ballerino Nikita Perotti sta facendo sognare i telespettatori, ma la presenza di una terza persona avrebbe stroncato sul nascere la favola. Di chi si tratta? <\/p>\n","protected":false},"excerpt":{"rendered":"Dopo il bacio appassionato scambiato con un uomo sotto casa, Andrea Delogu \u00e8 ancora di pi\u00f9 nel mirino&hellip;\n","protected":false},"author":3,"featured_media":265131,"comment_status":"","ping_status":"","sticky":false,"template":"","format":"standard","meta":{"footnotes":""},"categories":[174],"tags":[155851,4713,16556,203,204,1537,90,89],"class_list":{"0":"post-265130","1":"post","2":"type-post","3":"status-publish","4":"format-standard","5":"has-post-thumbnail","7":"category-intrattenimento","8":"tag-alessandro-marziali","9":"tag-andrea-delogu","10":"tag-ballando-con-le-stelle","11":"tag-entertainment","12":"tag-intrattenimento","13":"tag-it","14":"tag-italia","15":"tag-italy"},"share_on_mastodon":{"url":"https:\/\/pubeurope.com\/@it\/115735489820039932","error":""},"_links":{"self":[{"href":"https:\/\/www.europesays.com\/it\/wp-json\/wp\/v2\/posts\/265130","targetHints":{"allow":["GET"]}}],"collection":[{"href":"https:\/\/www.europesays.com\/it\/wp-json\/wp\/v2\/posts"}],"about":[{"href":"https:\/\/www.europesays.com\/it\/wp-json\/wp\/v2\/types\/post"}],"author":[{"embeddable":true,"href":"https:\/\/www.europesays.com\/it\/wp-json\/wp\/v2\/users\/3"}],"replies":[{"embeddable":true,"href":"https:\/\/www.europesays.com\/it\/wp-json\/wp\/v2\/comments?post=265130"}],"version-history":[{"count":0,"href":"https:\/\/www.europesays.com\/it\/wp-json\/wp\/v2\/posts\/265130\/revisions"}],"wp:featuredmedia":[{"embeddable":true,"href":"https:\/\/www.europesays.com\/it\/wp-json\/wp\/v2\/media\/265131"}],"wp:attachment":[{"href":"https:\/\/www.europesays.com\/it\/wp-json\/wp\/v2\/media?parent=265130"}],"wp:term":[{"taxonomy":"category","embeddable":true,"href":"https:\/\/www.europesays.com\/it\/wp-json\/wp\/v2\/categories?post=265130"},{"taxonomy":"post_tag","embeddable":true,"href":"https:\/\/www.europesays.com\/it\/wp-json\/wp\/v2\/tags?post=265130"}],"curies":[{"name":"wp","href":"https:\/\/api.w.org\/{rel}","templated":true}]}}