{"id":265377,"date":"2025-12-17T18:24:15","date_gmt":"2025-12-17T18:24:15","guid":{"rendered":"https:\/\/www.europesays.com\/it\/265377\/"},"modified":"2025-12-17T18:24:15","modified_gmt":"2025-12-17T18:24:15","slug":"geronimo-stilton-si-sposa-con-le-winx-alla-rainbow-di-iginio-straffi-i-diritti-del-topo-giornalista-presto-lo-sbarco-sui-nuovi-media","status":"publish","type":"post","link":"https:\/\/www.europesays.com\/it\/265377\/","title":{"rendered":"Geronimo Stilton si sposa con le Winx, alla Rainbow di Iginio Straffi i diritti del topo giornalista: \u00abPresto lo sbarco sui nuovi media\u00bb"},"content":{"rendered":"<p>    di<br \/>\n    Emily Capozucca<\/p>\n<p class=\"summary-art is-line-h-12 is-mr-t-20\">Pubblicati in Italia da Piemme, tradotti in oltre 50 lingue e con pi\u00f9 di 190 milioni di copie vendute, i libri di Geronimo Stilton hanno attraversato generi, temi e generazioni<\/p>\n<p class=\"chapter-paragraph\">Geronimo Stilton, l\u2019iconico topo giornalista protagonista di una delle saghe per ragazzi pi\u00f9 amate degli ultimi venticinque anni, entra nell\u2019universo Rainbow. <b>Il gruppo marchigiano di animazione, creatore del fenomeno delle Winx, ha acquisito la propriet\u00e0 intellettuale del personaggio ideato da Elisabetta Dami,<\/b> aprendo una nuova fase\u00a0 annunciando iniziative editoriali dedicate al personaggio nel 2026.<br \/>L\u2019operazione prevede l\u2019acquisto dei diritti attraverso la compravendita delle quote della International Characters di propriet\u00e0 di Elisabetta Dami e Pietro Marietti.<\/p>\n<p>    Il successo\u00a0<\/p>\n<p class=\"chapter-paragraph\">Pubblicati in Italia da Piemme, <b>tradotti in oltre 50 lingue e con pi\u00f9 di 190 milioni di copie vendute,<\/b> i libri di Geronimo Stilton hanno attraversato generi, temi e generazioni. Attorno alla serie principale si \u00e8 sviluppato un vero e proprio ecosistema editoriale, che comprende anche le Tea Sisters e le storie firmate da Tea Stilton, la sorella di Geronimo, ampliando l\u2019offerta narrativa e il pubblico di riferimento.<br \/>La forza del personaggio sta nella sua capacit\u00e0 di parlare ai ragazzi partendo dalla vita reale: storie umoristiche e positive, inclusive, attente ai temi sociali e dal forte valore educativo.\u00a0<br \/>Accanto alla dimensione educativa, il brand gode di una popolarit\u00e0 internazionale consolidata, capace di generare una community globale di lettori. Un personaggio classico, ma in continuo rinnovamento, che ha saputo restare al passo con i tempi senza perdere la propria identit\u00e0.    &#13;<br \/>\n&#13;<br \/>\n&#13;<br \/>\n&#13;<br \/>\n&#13;<br \/>\n&#13;<br \/>\n&#13;<br \/>\n&#13;<br \/>\n&#13;<br \/>\n&#13;<br \/>\n&#13;<br \/>\n&#13;<br \/>\n&#13;<br \/>\n&#13;<br \/>\n&#13;<br \/>\n&#13;<br \/>\n&#13;<br \/>\n&#13;<br \/>\n&#13;<br \/>\n&#13;<br \/>\n&#13;<br \/>\n&#13;<br \/>\n&#13;<br \/>\n&#13;<br \/>\n&#13;<br \/>\n&#13;<br \/>\n&#13;<br \/>\n&#13;<br \/>\n&#13;<br \/>\n&#13;<br \/>\n&#13;<br \/>\n&#13;<br \/>\n&#13;<br \/>\n&#13;<br \/>\n&#13;<br \/>\n&#13;<br \/>\n&#13;<br \/>\n&#13;<br \/>\n&#13;<br \/>\n&#13;<br \/>\n&#13;<br \/>\n&#13;<br \/>\n&#13;<br \/>\n&#13;<br \/>\n&#13;<br \/>\n&#13;<br \/>\n&#13;<br \/>\n&#13;<br \/>\n&#13;<br \/>\n&#13;<br \/>\n&#13;<br \/>\n&#13;<br \/>\n&#13;\n<\/p>\n<p>    La strategia<\/p>\n<p class=\"chapter-paragraph\">\u00abI libri di Geronimo Stilton hanno contribuito a formare l\u2019immaginario di milioni di bambini, in Italia e nel mondo\u00bb, <b>dichiara Iginio Straffi, fondatore di Rainbow<\/b> che ha inoltre sottolineato che l\u2019impegno \u00absar\u00e0 quello di accompagnarlo in un percorso di crescita capace di espandersi su nuovi media e nuove forme espressive, rimanendo fedeli allo spirito che lo ha reso unico\u00bb.<br \/>Soddisfazione per l\u2019operazione anche da parte della creatrice del roditore reporter, certa che Germonimo Stilton\u00a0\u00abcontinuer\u00e0 a guidare i suoi amati lettori alla scoperta del mondo\u00a0ricordando l&#8217;importanza della curiosit\u00e0, dell&#8217;amicizia, della gentilezza e della fantasia\u00bb e<b> di\u00a0Pietro Marietti, che ha accompagnato il successo editoriale<\/b> del topo in giacca e cravatta fin dal lancio in Italia nel 2000 e che ora vede nel passaggio\u00a0\u00abun altro balzo verso nuove avventure e nuovi orizzonti\u00bb.<br \/><b>L\u2019acquisizione si inserisce nella strategia di crescita del Gruppo Rainbow, gi\u00e0 attivo nello sviluppo di contenuti per le famiglie su scala internazionale.<\/b> Rainbow rappresentava gi\u00e0 Geronimo Stilton per il publishing e le licenze a livello globale. L\u2019ingresso della propriet\u00e0 intellettuale consentir\u00e0 ora di armonizzare la presenza del personaggio su pi\u00f9 piattaforme e di rafforzarne l\u2019evoluzione creativa.\u00a0<br \/><b>Il 2026 segner\u00e0 l\u2019avvio di una nuova stagione per Geronimo Stilton, <\/b>con progetti editoriali, digitali e di entertainment pensati per dialogare con le nuove generazioni e ampliare ulteriormente il pubblico.\u00a0<\/p>\n<p><a href=\"https:\/\/www.corriere.it\/app-economia\/?intcmp=DL-app_nd_011024_corriere_ss_conomia\" target=\"_blank\" class=\"bck-app-banner\" rel=\"nofollow noopener\"><img decoding=\"async\" class=\"bck-app-img\" src=\"https:\/\/www.europesays.com\/it\/wp-content\/uploads\/2025\/08\/1756449670_863_app.png\"\/><\/p>\n<p>Nuova app <strong>L&#8217;Economia<\/strong>. News, approfondimenti e l&#8217;assistente virtuale al tuo servizio.<\/p>\n<p>SCARICA L&#8217; APP<\/p>\n<p><img decoding=\"async\" src=\"https:\/\/www.europesays.com\/it\/wp-content\/uploads\/2025\/07\/eco.png\"\/><\/a><\/p>\n<p>Iscriviti alle <a href=\"https:\/\/www.corriere.it\/newsletter\/?theme=4\" rel=\"nofollow noopener\" target=\"_blank\">newsletter de L&#8217;Economia<\/a>. Analisi e commenti sui principali avvenimenti\u00a0economici a cura delle firme del Corriere.<\/p>\n<p class=\"is-last-update\" datetime=\"2025-12-17T13:21:50+01:00\">17 dicembre 2025<\/p>\n<p class=\"is-copyright\">\n            \u00a9 RIPRODUZIONE RISERVATA\n        <\/p>\n","protected":false},"excerpt":{"rendered":"di Emily Capozucca Pubblicati in Italia da Piemme, tradotti in oltre 50 lingue e con pi\u00f9 di 190&hellip;\n","protected":false},"author":3,"featured_media":265378,"comment_status":"","ping_status":"","sticky":false,"template":"","format":"standard","meta":{"footnotes":"","_share_on_mastodon":"0"},"categories":[1451],"tags":[57926,156040,156041,8624,1621,1620,21323,156042,156043,1307,156044,880,16649,62356,12062,156045,203,10814,17402,156046,156047,156035,156036,156048,4348,204,1537,90,89,1609,156038,156039,2508,4483,2379,14154,156037,156034,7396,10756],"class_list":["post-265377","post","type-post","status-publish","format-standard","has-post-thumbnail","category-celebrita","tag-attraversato","tag-attraversato-generi","tag-attraversato-generi-temi","tag-capace","tag-celebrita","tag-celebrities","tag-copie","tag-copie-vendute","tag-copie-vendute-libri","tag-crescita","tag-dami","tag-diritti","tag-editoriale","tag-editoriali","tag-elisabetta","tag-elisabetta-dami","tag-entertainment","tag-generazioni","tag-generi","tag-generi-temi","tag-generi-temi-generazioni","tag-geronimo","tag-geronimo-stilton","tag-geronimo-stilton-attraversato","tag-giornalista","tag-intrattenimento","tag-it","tag-italia","tag-italy","tag-libri","tag-libri-geronimo","tag-libri-geronimo-stilton","tag-nuove","tag-nuovi","tag-personaggio","tag-proprieta","tag-rainbow","tag-stilton","tag-temi","tag-topo"],"share_on_mastodon":{"url":"","error":"Validation failed: Text character limit of 500 exceeded"},"_links":{"self":[{"href":"https:\/\/www.europesays.com\/it\/wp-json\/wp\/v2\/posts\/265377","targetHints":{"allow":["GET"]}}],"collection":[{"href":"https:\/\/www.europesays.com\/it\/wp-json\/wp\/v2\/posts"}],"about":[{"href":"https:\/\/www.europesays.com\/it\/wp-json\/wp\/v2\/types\/post"}],"author":[{"embeddable":true,"href":"https:\/\/www.europesays.com\/it\/wp-json\/wp\/v2\/users\/3"}],"replies":[{"embeddable":true,"href":"https:\/\/www.europesays.com\/it\/wp-json\/wp\/v2\/comments?post=265377"}],"version-history":[{"count":0,"href":"https:\/\/www.europesays.com\/it\/wp-json\/wp\/v2\/posts\/265377\/revisions"}],"wp:featuredmedia":[{"embeddable":true,"href":"https:\/\/www.europesays.com\/it\/wp-json\/wp\/v2\/media\/265378"}],"wp:attachment":[{"href":"https:\/\/www.europesays.com\/it\/wp-json\/wp\/v2\/media?parent=265377"}],"wp:term":[{"taxonomy":"category","embeddable":true,"href":"https:\/\/www.europesays.com\/it\/wp-json\/wp\/v2\/categories?post=265377"},{"taxonomy":"post_tag","embeddable":true,"href":"https:\/\/www.europesays.com\/it\/wp-json\/wp\/v2\/tags?post=265377"}],"curies":[{"name":"wp","href":"https:\/\/api.w.org\/{rel}","templated":true}]}}