{"id":265411,"date":"2025-12-17T18:52:21","date_gmt":"2025-12-17T18:52:21","guid":{"rendered":"https:\/\/www.europesays.com\/it\/265411\/"},"modified":"2025-12-17T18:52:21","modified_gmt":"2025-12-17T18:52:21","slug":"un-edificio-di-235-mini-case-di-40mq-luna","status":"publish","type":"post","link":"https:\/\/www.europesays.com\/it\/265411\/","title":{"rendered":"Un edificio di 235 mini-case di 40mq l&#8217;una"},"content":{"rendered":"<p data-journey-content=\"true\" data-node-id=\"1\" class=\"css-6wxqfj emevuu60\">&#8220;In Domus, you live alone, or as a couple, without being alone&#8221;. Una frase che potrebbe ricordare gli slogan degli hotel adults only in cerca di tranquillit\u00e0, ma che qui diventa la sintesi di un nuovo modo di abitare: ad <a href=\"https:\/\/www.elledecor.com\/it\/viaggi\/a69241708\/mostre-arte-da-vedere-aeroporto-amsterdam\/\" target=\"_blank\" data-vars-ga-outbound-link=\"https:\/\/www.elledecor.com\/it\/viaggi\/a69241708\/mostre-arte-da-vedere-aeroporto-amsterdam\/\" data-vars-ga-ux-element=\"Hyperlink\" data-vars-ga-call-to-action=\"Amsterdam\" data-node-id=\"1.3\" class=\"body-link css-15fjk10 emevuu60\" rel=\"nofollow noopener\">Amsterdam<\/a> \u00e8 la tipologia abitativa stessa ad aggiornarsi ai tempi, pensata espressamente per single e coppie senza figli. Dom\u016bs Houthaven di Shift architecture urbanism non \u00e8 un semplice edificio residenziale, ma un <strong data-node-id=\"1.5\">ecosistema autonomo<\/strong> composto da <strong data-node-id=\"1.7\">235 appartamenti tra 40 e 60 metri quadrati<\/strong>, organizzati attorno a un giardino sopraelevato e connessi da una rete di spazi comuni che diventano estensioni della vita privata. L\u2019idea di fondo non \u00e8 solo ottimizzare lo spazio, ma ripensare la vita domestica come una combinazione di intimit\u00e0 e socialit\u00e0, di autonomia e condivisione, di servizi e spazi progettati per essere vissuti davvero.<\/p>\n<p><img draggable=\"true\" alt=\"mini casa bellissima e colorata di 40mq\" title=\"Mini-casa bellissima e colorata di 40mq\" loading=\"lazy\" width=\"2000\" height=\"1333\" decoding=\"async\" data-nimg=\"1\" style=\"color:transparent;width:100%;height:auto;\"   src=\"https:\/\/www.europesays.com\/it\/wp-content\/uploads\/2025\/12\/04-shiftau-domus-hcompressed-6940909293106.jpg\" class=\"css-0 e1g79fud0\"\/><a target=\"_blank\" rel=\"noopener nofollow\" data-theme-key=\"base-link\" href=\"https:\/\/pinterest.com\/pin\/create\/button\/?url=https:\/\/www.elledecor.com\/it\/case\/a69717184\/235-mini-case-di-40mq\/&amp;description=elledecoritalia&amp;media=https:\/\/hips.hearstapps.com\/hmg-prod\/images\/04-shiftau-domus-hcompressed-6940909293106.jpg?resize=1600:*\" class=\"pinterest css-on9hn5 e1c1bym14\"><img decoding=\"async\" data-dynamic-svg=\"true\" src=\"https:\/\/www.elledecor.com\/_assets\/design-tokens\/fre\/static\/icons\/social\/pinterest.e8cf655.svg?primary=%2523ffffff\" loading=\"lazy\" data-testid=\"dynamic-svg-base\" height=\"auto\" width=\"auto\" alt=\"pinterest\" class=\"css-4lml0h e1mlxuuw1\"\/><\/a><\/p>\n<p>Ren\u00e9 de Wit, Pim Top<\/p>\n<p><img draggable=\"true\" alt=\"mini casa bellissima e colorata di 40mq\" title=\"mini-casa bellissima e colorata di 40mq\" loading=\"lazy\" width=\"1532\" height=\"2000\" decoding=\"async\" data-nimg=\"1\" style=\"color:transparent;width:100%;height:auto;\"   src=\"https:\/\/www.europesays.com\/it\/wp-content\/uploads\/2025\/12\/07-shiftau-domus-hcompressed-694090bed3574.jpg\" class=\"css-0 e1g79fud0\"\/><a target=\"_blank\" rel=\"noopener nofollow\" data-theme-key=\"base-link\" href=\"https:\/\/pinterest.com\/pin\/create\/button\/?url=https:\/\/www.elledecor.com\/it\/case\/a69717184\/235-mini-case-di-40mq\/&amp;description=elledecoritalia&amp;media=https:\/\/hips.hearstapps.com\/hmg-prod\/images\/07-shiftau-domus-hcompressed-694090bed3574.jpg?resize=1600:*\" class=\"pinterest css-on9hn5 e1c1bym14\"><img decoding=\"async\" data-dynamic-svg=\"true\" src=\"https:\/\/www.elledecor.com\/_assets\/design-tokens\/fre\/static\/icons\/social\/pinterest.e8cf655.svg?primary=%2523ffffff\" loading=\"lazy\" data-testid=\"dynamic-svg-base\" height=\"auto\" width=\"auto\" alt=\"pinterest\" class=\"css-4lml0h e1mlxuuw1\"\/><\/a><\/p>\n<p>Ren\u00e9 de Wit, Pim Top<\/p>\n<p data-journey-content=\"true\" data-node-id=\"6\" class=\"css-6wxqfj emevuu60\">Il cuore degli interior \u00e8 lo smart living core, un <strong data-node-id=\"6.3\">modulo compatto che integra cucina, bagno, impianti, storage<\/strong> e una alcove bed richiudibile. Aprendo o chiudendo le sue porte, la casa cambia configurazione e libera superficie utile, riducendo al minimo le aree di passaggio e trasformando gli ambienti in modo fluido. \u00c8 una soluzione che rende ogni unit\u00e0 abitativa estremamente efficiente e adatta a stili di vita mobili, tipici di giovani professionisti che lavorano da casa o alternano periodi in citt\u00e0 e periodi altrove. <\/p>\n<p><img draggable=\"true\" alt=\"mini casa colorata di 40mq\" title=\"Mini-casa colorata di 40mq\" loading=\"lazy\" width=\"1547\" height=\"2000\" decoding=\"async\" data-nimg=\"1\" style=\"color:transparent;width:100%;height:auto;\"   src=\"https:\/\/www.europesays.com\/it\/wp-content\/uploads\/2025\/12\/10a-shiftau-domus-hcompressed-694090ed21c98.jpg\" class=\"css-0 e1g79fud0\"\/><a target=\"_blank\" rel=\"noopener nofollow\" data-theme-key=\"base-link\" href=\"https:\/\/pinterest.com\/pin\/create\/button\/?url=https:\/\/www.elledecor.com\/it\/case\/a69717184\/235-mini-case-di-40mq\/&amp;description=elledecoritalia&amp;media=https:\/\/hips.hearstapps.com\/hmg-prod\/images\/10a-shiftau-domus-hcompressed-694090ed21c98.jpg?resize=1600:*\" class=\"pinterest css-on9hn5 e1c1bym14\"><img decoding=\"async\" data-dynamic-svg=\"true\" src=\"https:\/\/www.elledecor.com\/_assets\/design-tokens\/fre\/static\/icons\/social\/pinterest.e8cf655.svg?primary=%2523ffffff\" loading=\"lazy\" data-testid=\"dynamic-svg-base\" height=\"auto\" width=\"auto\" alt=\"pinterest\" class=\"css-4lml0h e1mlxuuw1\"\/><\/a><\/p>\n<p>Ren\u00e9 de Wit, Pim Top<\/p>\n<p><img draggable=\"true\" alt=\"mini casa bellissima di 40\" title=\"mini-casa bellissima di 40mq\" loading=\"lazy\" width=\"2000\" height=\"1333\" decoding=\"async\" data-nimg=\"1\" style=\"color:transparent;width:100%;height:auto;\"   src=\"https:\/\/www.europesays.com\/it\/wp-content\/uploads\/2025\/12\/11-shiftau-domus-hcompressed-694091125a5bc.jpg\" class=\"css-0 e1g79fud0\"\/><a target=\"_blank\" rel=\"noopener nofollow\" data-theme-key=\"base-link\" href=\"https:\/\/pinterest.com\/pin\/create\/button\/?url=https:\/\/www.elledecor.com\/it\/case\/a69717184\/235-mini-case-di-40mq\/&amp;description=elledecoritalia&amp;media=https:\/\/hips.hearstapps.com\/hmg-prod\/images\/11-shiftau-domus-hcompressed-694091125a5bc.jpg?resize=1600:*\" class=\"pinterest css-on9hn5 e1c1bym14\"><img decoding=\"async\" data-dynamic-svg=\"true\" src=\"https:\/\/www.elledecor.com\/_assets\/design-tokens\/fre\/static\/icons\/social\/pinterest.e8cf655.svg?primary=%2523ffffff\" loading=\"lazy\" data-testid=\"dynamic-svg-base\" height=\"auto\" width=\"auto\" alt=\"pinterest\" class=\"css-4lml0h e1mlxuuw1\"\/><\/a><\/p>\n<p>Ren\u00e9 de Wit, Pim Top<\/p>\n<p data-journey-content=\"true\" data-node-id=\"10\" class=\"css-6wxqfj emevuu60\">Il pavimento in legno chiaro scalda subito l\u2019ambiente, mentre il soffitto in <strong data-node-id=\"10.1\"><a href=\"https:\/\/www.elledecor.com\/it\/case\/a69247812\/casa-piccola-bellissima-in-cemento\/\" target=\"_blank\" data-vars-ga-outbound-link=\"https:\/\/www.elledecor.com\/it\/case\/a69247812\/casa-piccola-bellissima-in-cemento\/\" data-vars-ga-ux-element=\"Hyperlink\" data-vars-ga-call-to-action=\"cemento grezzo\" data-node-id=\"10.1.0\" class=\"body-link css-15fjk10 emevuu60\" rel=\"nofollow noopener\">cemento grezzo<\/a><\/strong> introduce un tono pi\u00f9 industriale e materico. In questo equilibrio di calore e ruvidit\u00e0 entra in scena il grande <strong data-node-id=\"10.3\">modulo contenitore colorato<\/strong>, che porta carattere: <a href=\"https:\/\/www.elledecor.com\/it\/case\/a69710295\/mini-casa-50mq-rosa\/\" target=\"_blank\" data-vars-ga-outbound-link=\"https:\/\/www.elledecor.com\/it\/case\/a69710295\/mini-casa-50mq-rosa\/\" data-vars-ga-ux-element=\"Hyperlink\" data-vars-ga-call-to-action=\"rosa cipria\" data-node-id=\"10.5\" class=\"body-link css-15fjk10 emevuu60\" rel=\"nofollow noopener\">rosa cipria<\/a>, <a href=\"https:\/\/www.elledecor.com\/it\/case\/a69420391\/restauro-casa-anni-70-roma\/\" target=\"_blank\" data-vars-ga-outbound-link=\"https:\/\/www.elledecor.com\/it\/case\/a69420391\/restauro-casa-anni-70-roma\/\" data-vars-ga-ux-element=\"Hyperlink\" data-vars-ga-call-to-action=\"verde salvia\" data-node-id=\"10.7\" class=\"body-link css-15fjk10 emevuu60\" rel=\"nofollow noopener\">verde salvia<\/a> o <a href=\"https:\/\/www.elledecor.com\/it\/lifestyle\/a36994997\/perche-la-maglia-della-nazionale-e-azzurra\/\" target=\"_blank\" data-vars-ga-outbound-link=\"https:\/\/www.elledecor.com\/it\/lifestyle\/a36994997\/perche-la-maglia-della-nazionale-e-azzurra\/\" data-vars-ga-ux-element=\"Hyperlink\" data-vars-ga-call-to-action=\"azzurro polvere\" data-node-id=\"10.9\" class=\"body-link css-15fjk10 emevuu60\" rel=\"nofollow noopener\">azzurro polvere<\/a> a seconda dell\u2019appartamento. \u00c8 l\u2019elemento visivo portante e allo stesso tempo funzionale, una presenza architettonica che spezza la neutralit\u00e0 del legno e del cemento. La poltrona, in tessuto <strong data-node-id=\"10.11\"><a href=\"https:\/\/www.elledecor.com\/it\/lifestyle\/a45610440\/blu-estoril-cosa-e\/\" target=\"_blank\" data-vars-ga-outbound-link=\"https:\/\/www.elledecor.com\/it\/lifestyle\/a45610440\/blu-estoril-cosa-e\/\" data-vars-ga-ux-element=\"Hyperlink\" data-vars-ga-call-to-action=\"blu notte\" data-node-id=\"10.11.0\" class=\"body-link css-15fjk10 emevuu60\" rel=\"nofollow noopener\">blu notte<\/a><\/strong> o <strong data-node-id=\"10.13\">terra bruciata<\/strong>, aggiunge un accento pi\u00f9 saturo, mentre tappeto sabbia e tende bianche, quasi trasparenti, mantengono la luminosit\u00e0 naturale come protagonista. <\/p>\n<p><img draggable=\"true\" alt=\"mini casa bellissima e colorata di 40mq\" title=\"mini-casa bellissima e colorata di 40mq\" loading=\"lazy\" width=\"2000\" height=\"1242\" decoding=\"async\" data-nimg=\"1\" style=\"color:transparent;width:100%;height:auto;\"   src=\"https:\/\/www.europesays.com\/it\/wp-content\/uploads\/2025\/12\/16-shiftau-domus-hcompressed-694091358d574.jpg\" class=\"css-0 e1g79fud0\"\/><a target=\"_blank\" rel=\"noopener nofollow\" data-theme-key=\"base-link\" href=\"https:\/\/pinterest.com\/pin\/create\/button\/?url=https:\/\/www.elledecor.com\/it\/case\/a69717184\/235-mini-case-di-40mq\/&amp;description=elledecoritalia&amp;media=https:\/\/hips.hearstapps.com\/hmg-prod\/images\/16-shiftau-domus-hcompressed-694091358d574.jpg?resize=1600:*\" class=\"pinterest css-on9hn5 e1c1bym14\"><img decoding=\"async\" data-dynamic-svg=\"true\" src=\"https:\/\/www.elledecor.com\/_assets\/design-tokens\/fre\/static\/icons\/social\/pinterest.e8cf655.svg?primary=%2523ffffff\" loading=\"lazy\" data-testid=\"dynamic-svg-base\" height=\"auto\" width=\"auto\" alt=\"pinterest\" class=\"css-4lml0h e1mlxuuw1\"\/><\/a><\/p>\n<p>Ren\u00e9 de Wit, Pim Top<\/p>\n<p><img draggable=\"true\" alt=\"mini casa bellissima di 40mq\" title=\"mini-casa bellissima di 40mq\" loading=\"lazy\" width=\"2000\" height=\"1250\" decoding=\"async\" data-nimg=\"1\" style=\"color:transparent;width:100%;height:auto;\"   src=\"https:\/\/www.europesays.com\/it\/wp-content\/uploads\/2025\/12\/17-shiftau-domus-hcompressed-6940916032de6.jpg\" class=\"css-0 e1g79fud0\"\/><a target=\"_blank\" rel=\"noopener nofollow\" data-theme-key=\"base-link\" href=\"https:\/\/pinterest.com\/pin\/create\/button\/?url=https:\/\/www.elledecor.com\/it\/case\/a69717184\/235-mini-case-di-40mq\/&amp;description=elledecoritalia&amp;media=https:\/\/hips.hearstapps.com\/hmg-prod\/images\/17-shiftau-domus-hcompressed-6940916032de6.jpg?resize=1600:*\" class=\"pinterest css-on9hn5 e1c1bym14\"><img decoding=\"async\" data-dynamic-svg=\"true\" src=\"https:\/\/www.elledecor.com\/_assets\/design-tokens\/fre\/static\/icons\/social\/pinterest.e8cf655.svg?primary=%2523ffffff\" loading=\"lazy\" data-testid=\"dynamic-svg-base\" height=\"auto\" width=\"auto\" alt=\"pinterest\" class=\"css-4lml0h e1mlxuuw1\"\/><\/a><\/p>\n<p>Ren\u00e9 de Wit, Pim Top<\/p>\n<p data-journey-content=\"true\" data-node-id=\"16\" class=\"css-6wxqfj emevuu60\">La <strong data-node-id=\"16.1\">cucina<\/strong> adotta invece un registro pi\u00f9 discreto: superfici opache in beige caldo, grigio chiaro o moka morbido, piani continui, nessuna maniglia a vista e un linguaggio sobrio che lascia emergere i colori del volume centrale senza entrare in competizione. Nella <strong data-node-id=\"16.3\">zona notte<\/strong>, il blocco multifunzione mantiene la stessa cromia pastello e diventa un fondale morbido per il letto, che resta neutro con tessuti bianco latte o grigio perla. Le <strong data-node-id=\"16.5\">luci calde<\/strong> smussano anche le tonalit\u00e0 pi\u00f9 fredde, creando un\u2019atmosfera raccolta e tranquilla, un luogo protetto all\u2019interno della compattezza generale dell\u2019alloggio. Il <strong data-node-id=\"16.7\"><a href=\"https:\/\/www.elledecor.com\/it\/design\/a31548154\/account-instagram-bagni-design\/\" target=\"_blank\" data-vars-ga-outbound-link=\"https:\/\/www.elledecor.com\/it\/design\/a31548154\/account-instagram-bagni-design\/\" data-vars-ga-ux-element=\"Hyperlink\" data-vars-ga-call-to-action=\"bagno\" data-node-id=\"16.7.0\" class=\"body-link css-15fjk10 emevuu60\" rel=\"nofollow noopener\">bagno<\/a><\/strong> segue questa logica, con superfici chiare e leggere, dettagli neri sottili, piastrelle essenziali e una sensazione di ordine immediato. <\/p>\n<p><img draggable=\"true\" alt=\"mini casa bellissima e coloratissima di 40mq\" title=\"mini-casa bellissima e coloratissima di 40mq\" loading=\"lazy\" width=\"2000\" height=\"1250\" decoding=\"async\" data-nimg=\"1\" style=\"color:transparent;width:100%;height:auto;\"   src=\"https:\/\/www.europesays.com\/it\/wp-content\/uploads\/2025\/12\/18-shiftau-domus-hcompressed-694091864f83d.jpg\" class=\"css-0 e1g79fud0\"\/><a target=\"_blank\" rel=\"noopener nofollow\" data-theme-key=\"base-link\" href=\"https:\/\/pinterest.com\/pin\/create\/button\/?url=https:\/\/www.elledecor.com\/it\/case\/a69717184\/235-mini-case-di-40mq\/&amp;description=elledecoritalia&amp;media=https:\/\/hips.hearstapps.com\/hmg-prod\/images\/18-shiftau-domus-hcompressed-694091864f83d.jpg?resize=1600:*\" class=\"pinterest css-on9hn5 e1c1bym14\"><img decoding=\"async\" data-dynamic-svg=\"true\" src=\"https:\/\/www.elledecor.com\/_assets\/design-tokens\/fre\/static\/icons\/social\/pinterest.e8cf655.svg?primary=%2523ffffff\" loading=\"lazy\" data-testid=\"dynamic-svg-base\" height=\"auto\" width=\"auto\" alt=\"pinterest\" class=\"css-4lml0h e1mlxuuw1\"\/><\/a><\/p>\n<p>Ren\u00e9 de Wit, Pim Top<\/p>\n<p><img draggable=\"true\" alt=\"mini casa bellissima e coloratissima di 40mq\" title=\"mini-casa bellissima e coloratissima di 40mq\" loading=\"lazy\" width=\"2000\" height=\"1250\" decoding=\"async\" data-nimg=\"1\" style=\"color:transparent;width:100%;height:auto;\"   src=\"https:\/\/www.europesays.com\/it\/wp-content\/uploads\/2025\/12\/19-shiftau-domus-hcompressed-694091bdeb651.jpg\" class=\"css-0 e1g79fud0\"\/><a target=\"_blank\" rel=\"noopener nofollow\" data-theme-key=\"base-link\" href=\"https:\/\/pinterest.com\/pin\/create\/button\/?url=https:\/\/www.elledecor.com\/it\/case\/a69717184\/235-mini-case-di-40mq\/&amp;description=elledecoritalia&amp;media=https:\/\/hips.hearstapps.com\/hmg-prod\/images\/19-shiftau-domus-hcompressed-694091bdeb651.jpg?resize=1600:*\" class=\"pinterest css-on9hn5 e1c1bym14\"><img decoding=\"async\" data-dynamic-svg=\"true\" src=\"https:\/\/www.elledecor.com\/_assets\/design-tokens\/fre\/static\/icons\/social\/pinterest.e8cf655.svg?primary=%2523ffffff\" loading=\"lazy\" data-testid=\"dynamic-svg-base\" height=\"auto\" width=\"auto\" alt=\"pinterest\" class=\"css-4lml0h e1mlxuuw1\"\/><\/a><\/p>\n<p>Ren\u00e9 de Wit, Pim Top<\/p>\n<p data-journey-content=\"true\" data-node-id=\"20\" class=\"css-6wxqfj emevuu60\">Negli <strong data-node-id=\"20.1\">spazi comuni<\/strong> ricompaiono accenti pi\u00f9 vivaci: panche e moduli in legno naturale si alternano a blocchi colorati e a qualche grande classico di design che introduce qualit\u00e0 senza ostentazione. Il complesso \u00e8 costruito come un insieme di <strong data-node-id=\"20.3\">volumi indipendenti, ma coerenti<\/strong>, ciascuno caratterizzato da una propria facciata in mattoni, grandi aperture e dettagli che richiamano la memoria industriale dell\u2019antica area portuale, evitando al contempo l\u2019effetto \u201cblocco monolitico\u201d. Gli edifici sono collegati da <strong data-node-id=\"20.5\">passaggi e ponti che convergono nel giardino comune<\/strong>, concepito come una piazza sopraelevata: qui trovano posto la living &amp; working room con arredi freestanding disegnati ad hoc, la laundromat e uno workspace condiviso. In cima, un padiglione di vetro ospita la cooking studio, una cucina professionale con terrazza panoramica a disposizione dei residenti. <\/p>\n<p><img draggable=\"true\" alt=\"mini casa bellissima e coloratissima di 40mq\" title=\"mini-casa bellissima e coloratissima di 40mq\" loading=\"lazy\" width=\"2000\" height=\"1493\" decoding=\"async\" data-nimg=\"1\" style=\"color:transparent;width:100%;height:auto;\"   src=\"https:\/\/www.europesays.com\/it\/wp-content\/uploads\/2025\/12\/23-shiftau-domus-hcompressed-6940921d67058.jpg\" class=\"css-0 e1g79fud0\"\/><a target=\"_blank\" rel=\"noopener nofollow\" data-theme-key=\"base-link\" href=\"https:\/\/pinterest.com\/pin\/create\/button\/?url=https:\/\/www.elledecor.com\/it\/case\/a69717184\/235-mini-case-di-40mq\/&amp;description=elledecoritalia&amp;media=https:\/\/hips.hearstapps.com\/hmg-prod\/images\/23-shiftau-domus-hcompressed-6940921d67058.jpg?resize=1600:*\" class=\"pinterest css-on9hn5 e1c1bym14\"><img decoding=\"async\" data-dynamic-svg=\"true\" src=\"https:\/\/www.elledecor.com\/_assets\/design-tokens\/fre\/static\/icons\/social\/pinterest.e8cf655.svg?primary=%2523ffffff\" loading=\"lazy\" data-testid=\"dynamic-svg-base\" height=\"auto\" width=\"auto\" alt=\"pinterest\" class=\"css-4lml0h e1mlxuuw1\"\/><\/a><\/p>\n<p>Ren\u00e9 de Wit, Pim Top<\/p>\n<p><img draggable=\"true\" alt=\"mini casa bellissima e coloratissima di 40mq\" title=\"mini-casa bellissima e coloratissima di 40mq\" loading=\"lazy\" width=\"2000\" height=\"1402\" decoding=\"async\" data-nimg=\"1\" style=\"color:transparent;width:100%;height:auto;\"   src=\"https:\/\/www.europesays.com\/it\/wp-content\/uploads\/2025\/12\/24-shiftau-domus-hcompressed-69409245b619f.jpg\" class=\"css-0 e1g79fud0\"\/><a target=\"_blank\" rel=\"noopener nofollow\" data-theme-key=\"base-link\" href=\"https:\/\/pinterest.com\/pin\/create\/button\/?url=https:\/\/www.elledecor.com\/it\/case\/a69717184\/235-mini-case-di-40mq\/&amp;description=elledecoritalia&amp;media=https:\/\/hips.hearstapps.com\/hmg-prod\/images\/24-shiftau-domus-hcompressed-69409245b619f.jpg?resize=1600:*\" class=\"pinterest css-on9hn5 e1c1bym14\"><img decoding=\"async\" data-dynamic-svg=\"true\" src=\"https:\/\/www.elledecor.com\/_assets\/design-tokens\/fre\/static\/icons\/social\/pinterest.e8cf655.svg?primary=%2523ffffff\" loading=\"lazy\" data-testid=\"dynamic-svg-base\" height=\"auto\" width=\"auto\" alt=\"pinterest\" class=\"css-4lml0h e1mlxuuw1\"\/><\/a><\/p>\n<p>Ren\u00e9 de Wit, Pim Top<\/p>\n<p data-journey-content=\"true\" data-node-id=\"24\" class=\"css-6wxqfj emevuu60\">Il modello abitativo \u00e8 pensato per chi non ha figli \u2014 o non prevede di averne nel breve periodo \u2014 e ottimizza lo spazio di conseguenza. La generosit\u00e0 degli <strong data-node-id=\"24.1\">spazi collettivi<\/strong> \u2014 <strong data-node-id=\"24.3\">guest room, terrazze, laboratorio di cucina, 500 posti bici, car sharing<\/strong> \u2014 mette a disposizione servizi difficilmente accessibili in un normale appartamento urbano e forse non cos\u00ec interessanti per famiglie numerose. La presenza di un facility manager e di un community manager residente rafforza il senso di appartenenza e incoraggia l\u2019uso attivo degli spazi condivisi. Naturalmente qualche compromesso esiste: <strong data-node-id=\"24.7\">la modularit\u00e0 degli appartamenti pu\u00f2 limitare la libert\u00e0 di arredo<\/strong>, e la buona riuscita di un vicinato cos\u00ec composto dipende molto dalla partecipazione della comunit\u00e0, anche perch\u00e9 questo tipo di abitare non si fonda tanto sull\u2019appeal della propriet\u00e0, quanto su quello dell\u2019esperienza, della qualit\u00e0 della vita che offre. <\/p>\n<p><img draggable=\"true\" alt=\"mini casa bellissima e coloratissima di 40mq\" title=\"mini-casa bellissima e coloratissima di 40mq\" loading=\"lazy\" width=\"2000\" height=\"1484\" decoding=\"async\" data-nimg=\"1\" style=\"color:transparent;width:100%;height:auto;\"   src=\"https:\/\/www.europesays.com\/it\/wp-content\/uploads\/2025\/12\/25-shiftau-domus-hcompressed-6940927be8acf.jpg\" class=\"css-0 e1g79fud0\"\/><a target=\"_blank\" rel=\"noopener nofollow\" data-theme-key=\"base-link\" href=\"https:\/\/pinterest.com\/pin\/create\/button\/?url=https:\/\/www.elledecor.com\/it\/case\/a69717184\/235-mini-case-di-40mq\/&amp;description=elledecoritalia&amp;media=https:\/\/hips.hearstapps.com\/hmg-prod\/images\/25-shiftau-domus-hcompressed-6940927be8acf.jpg?resize=1600:*\" class=\"pinterest css-on9hn5 e1c1bym14\"><img decoding=\"async\" data-dynamic-svg=\"true\" src=\"https:\/\/www.elledecor.com\/_assets\/design-tokens\/fre\/static\/icons\/social\/pinterest.e8cf655.svg?primary=%2523ffffff\" loading=\"lazy\" data-testid=\"dynamic-svg-base\" height=\"auto\" width=\"auto\" alt=\"pinterest\" class=\"css-4lml0h e1mlxuuw1\"\/><\/a><\/p>\n<p>Ren\u00e9 de Wit, Pim Top<\/p>\n<p><img draggable=\"true\" alt=\"mini casa bellissima di 40mq\" title=\"mini-casa bellissima di 40mq\" loading=\"lazy\" width=\"2000\" height=\"1337\" decoding=\"async\" data-nimg=\"1\" style=\"color:transparent;width:100%;height:auto;\"   src=\"https:\/\/www.europesays.com\/it\/wp-content\/uploads\/2025\/12\/26-shiftau-domus-hcompressed-694092a0dd8e3.jpg\" class=\"css-0 e1g79fud0\"\/><a target=\"_blank\" rel=\"noopener nofollow\" data-theme-key=\"base-link\" href=\"https:\/\/pinterest.com\/pin\/create\/button\/?url=https:\/\/www.elledecor.com\/it\/case\/a69717184\/235-mini-case-di-40mq\/&amp;description=elledecoritalia&amp;media=https:\/\/hips.hearstapps.com\/hmg-prod\/images\/26-shiftau-domus-hcompressed-694092a0dd8e3.jpg?resize=1600:*\" class=\"pinterest css-on9hn5 e1c1bym14\"><img decoding=\"async\" data-dynamic-svg=\"true\" src=\"https:\/\/www.elledecor.com\/_assets\/design-tokens\/fre\/static\/icons\/social\/pinterest.e8cf655.svg?primary=%2523ffffff\" loading=\"lazy\" data-testid=\"dynamic-svg-base\" height=\"auto\" width=\"auto\" alt=\"pinterest\" class=\"css-4lml0h e1mlxuuw1\"\/><\/a><\/p>\n<p>Ren\u00e9 de Wit, Pim Top<\/p>\n<p><img draggable=\"true\" alt=\"mini casa bellissima di 40mq\" title=\"mini-casa bellissima di 40mq\" loading=\"lazy\" width=\"2000\" height=\"1185\" decoding=\"async\" data-nimg=\"1\" style=\"color:transparent;width:100%;height:auto;\"   src=\"https:\/\/www.europesays.com\/it\/wp-content\/uploads\/2025\/12\/27-shiftau-domus-hcompressed-694092ca07eac.jpg\" class=\"css-0 e1g79fud0\"\/><a target=\"_blank\" rel=\"noopener nofollow\" data-theme-key=\"base-link\" href=\"https:\/\/pinterest.com\/pin\/create\/button\/?url=https:\/\/www.elledecor.com\/it\/case\/a69717184\/235-mini-case-di-40mq\/&amp;description=elledecoritalia&amp;media=https:\/\/hips.hearstapps.com\/hmg-prod\/images\/27-shiftau-domus-hcompressed-694092ca07eac.jpg?resize=1600:*\" class=\"pinterest css-on9hn5 e1c1bym14\"><img decoding=\"async\" data-dynamic-svg=\"true\" src=\"https:\/\/www.elledecor.com\/_assets\/design-tokens\/fre\/static\/icons\/social\/pinterest.e8cf655.svg?primary=%2523ffffff\" loading=\"lazy\" data-testid=\"dynamic-svg-base\" height=\"auto\" width=\"auto\" alt=\"pinterest\" class=\"css-4lml0h e1mlxuuw1\"\/><\/a><\/p>\n<p>Ren\u00e9 de Wit, Pim Top<\/p>\n<p data-journey-content=\"true\" data-node-id=\"29\" class=\"css-6wxqfj emevuu60\"><a href=\"http:\/\/www.shift-au.com\/\" target=\"_blank\" data-vars-ga-outbound-link=\"http:\/\/www.shift-au.com\/\" data-vars-ga-ux-element=\"Hyperlink\" data-vars-ga-call-to-action=\"www.shift-au.com\" data-node-id=\"29.0\" class=\"body-link css-15fjk10 emevuu60\" rel=\"nofollow noopener\"><strong data-node-id=\"29.0.0\">www.shift-au.com<\/strong><\/a><br data-node-id=\"29.1\"\/><\/p>\n<p><img decoding=\"async\" data-dynamic-svg=\"true\" src=\"https:\/\/www.elledecor.com\/_assets\/design-tokens\/elledecor\/static\/images\/logos\/lettermark.acfb74c.svg?primary=%2523000\" loading=\"lazy\" data-testid=\"dynamic-svg-base\" height=\"100\" width=\"100\" alt=\"Lettermark\" class=\"css-7mevzh ev8dhu50\"\/><\/p>\n<p>Stefano Annovazzi Lodi \u00e8 un contributor freelance che per Elledecor si occupa principalmente di design e progetti culturali. \u00a0Pare che da anni si stia dedicando a un romanzo con cui vincer\u00e0 il Nobel, nel frattempo ripassa il discorso di accettazione e lavora come story editor per una casa di produzione di Roma. \u00a0<\/p>\n","protected":false},"excerpt":{"rendered":"&#8220;In Domus, you live alone, or as a couple, without being alone&#8221;. Una frase che potrebbe ricordare gli&hellip;\n","protected":false},"author":3,"featured_media":265412,"comment_status":"","ping_status":"","sticky":false,"template":"","format":"standard","meta":{"footnotes":""},"categories":[1446],"tags":[9917,1615,1613,1614,1611,1610,727,1612,203,204,1537,90,89,107206],"class_list":{"0":"post-265411","1":"post","2":"type-post","3":"status-publish","4":"format-standard","5":"has-post-thumbnail","7":"category-arte-e-design","8":"tag-amsterdam","9":"tag-arte","10":"tag-arte-e-design","11":"tag-arteedesign","12":"tag-arts","13":"tag-arts-and-design","14":"tag-case","15":"tag-design","16":"tag-entertainment","17":"tag-intrattenimento","18":"tag-it","19":"tag-italia","20":"tag-italy","21":"tag-mini-case"},"share_on_mastodon":{"url":"https:\/\/pubeurope.com\/@it\/115736422594668428","error":""},"_links":{"self":[{"href":"https:\/\/www.europesays.com\/it\/wp-json\/wp\/v2\/posts\/265411","targetHints":{"allow":["GET"]}}],"collection":[{"href":"https:\/\/www.europesays.com\/it\/wp-json\/wp\/v2\/posts"}],"about":[{"href":"https:\/\/www.europesays.com\/it\/wp-json\/wp\/v2\/types\/post"}],"author":[{"embeddable":true,"href":"https:\/\/www.europesays.com\/it\/wp-json\/wp\/v2\/users\/3"}],"replies":[{"embeddable":true,"href":"https:\/\/www.europesays.com\/it\/wp-json\/wp\/v2\/comments?post=265411"}],"version-history":[{"count":0,"href":"https:\/\/www.europesays.com\/it\/wp-json\/wp\/v2\/posts\/265411\/revisions"}],"wp:featuredmedia":[{"embeddable":true,"href":"https:\/\/www.europesays.com\/it\/wp-json\/wp\/v2\/media\/265412"}],"wp:attachment":[{"href":"https:\/\/www.europesays.com\/it\/wp-json\/wp\/v2\/media?parent=265411"}],"wp:term":[{"taxonomy":"category","embeddable":true,"href":"https:\/\/www.europesays.com\/it\/wp-json\/wp\/v2\/categories?post=265411"},{"taxonomy":"post_tag","embeddable":true,"href":"https:\/\/www.europesays.com\/it\/wp-json\/wp\/v2\/tags?post=265411"}],"curies":[{"name":"wp","href":"https:\/\/api.w.org\/{rel}","templated":true}]}}