{"id":265415,"date":"2025-12-17T18:55:15","date_gmt":"2025-12-17T18:55:15","guid":{"rendered":"https:\/\/www.europesays.com\/it\/265415\/"},"modified":"2025-12-17T18:55:15","modified_gmt":"2025-12-17T18:55:15","slug":"vivo-sanremo-come-una-festa-e-come-un-esame-non-ho-piu-20-anni-quando-lho-annunciato-a-casa-mia-mamma-e-svenuta","status":"publish","type":"post","link":"https:\/\/www.europesays.com\/it\/265415\/","title":{"rendered":"\u00abVivo Sanremo come una festa e come un esame, non ho pi\u00f9 20 anni. Quando l&#8217;ho annunciato a casa mia mamma \u00e8 svenuta\u00bb"},"content":{"rendered":"<p>&#13;<br \/>\n                               &#13;<br \/>\n                                                &#13;<br \/>\n                &#13;<\/p>\n<p><strong><a href=\"https:\/\/www.leggo.it\/t\/sal-da-vinci\" rel=\"nofollow noopener\" target=\"_blank\">Sal Da Vinci<\/a><\/strong> si prepara al <strong>Festival di <a href=\"https:\/\/www.leggo.it\/t\/sanremo\" rel=\"nofollow noopener\" target=\"_blank\">Sanremo<\/a>\u00a02026<\/strong>.\u00a0\u00abNon ho venti anni, non sono nato sulle piattaforme musicali\u00bb, ha detto con ansia evidente.\u00a0Per esorcizzare l&#8217;attesa, il cantante 56enne si \u00e8 raccontato in un&#8217;intervista a Repubblica. Tra i pi\u00f9 giovani \u00e8 diventato famoso grazie al suo singolo &#8220;<strong>Rossetto e Caff\u00e8<\/strong>&#8220;, un successo al quale anche Salvatore Michael Sorrentino, questo il nome all&#8217;anagrafe, stenta a crederci. Eppure, \u00absta per diventare terzo disco di platino\u00bb e lui stesso la paragona a &#8220;L&#8217;Italiano&#8221; di <a href=\"https:\/\/www.leggo.it\/t\/toto-cutugno\" rel=\"nofollow noopener\" target=\"_blank\">Toto Cutugno<\/a>. Cosa rappresenta per Sal\u00a0quest&#8217;occasione?\u00a0\u00abVivo Sanremo\u00a0come una festa e un esame\u00bb.<\/p>\n<p>&#13;<br \/>\n&#13;<br \/>\n&#13;<br \/>\n&#13;<br \/>\nIl nuovo brano\u00a0&#13;<br \/>\n&#13;<\/p>\n<p>Per Sal Da Vinci non \u00e8 la prima volta che prende parte alla kermesse pi\u00f9 famosa d&#8217;Italia. Dopo 17 anni il cantante nato a New York, torner\u00e0 in gara con il brano &#8220;Per sempre s\u00ec&#8221;. Una canzone che \u00abracconta la tenerezza che nasce in ognuno di noi, le promesse che facciamo\u00bb.<\/p>\n<p>&#13;<br \/>\n&#13;<\/p>\n<p>Gli affetti \u2013 figli, nipoti e la moglie Paola \u2013 sono\u00a0il motore che lo spinge a cantare d&#8217;amore.\u00a0Quando ha ricevuto la conferma che avrebbe partecipato al Festival ha ammesso di aver provato un&#8217;emozione incontenibile:\u00a0\u00ab<strong>Ho chiamato mia mamma, che ha 82 anni per darle la notizia: \u201cSei felice?\u201d. \u00c8 svenuta per l\u2019emozione<\/strong>\u00bb.<\/p>\n<p>&#13;<br \/>\n&#13;<br \/>\nLe difficolt\u00e0\u00a0&#13;<br \/>\n&#13;<\/p>\n<p>Del suo vissuto, Sal\u00a0ricorda anche i momenti spiacevoli, quelli che permettono di far apprezzare meglio i successi:\u00a0\u00ab<strong>Sono caduto e risalito, ho vissuto periodi in cui non avevo neanche la possibilit\u00e0 di compare il latte per i miei figli.<\/strong> Ma ho creduto in quello che facevo, mi dicevo: resisti\u00bb. <\/p>\n<p>La fede \u00e8 centrale nella sua storia, in particolare in due momenti che fanno da spartiacque. Quando la figlia Annachiara \u00ab\u00e8 nata con un brutto angioma alla carotide e\u00a0quando mio figlio Francesco si \u00e8 ammalato di meningite\u00bb. Credere in Dio \u00e8 ci\u00f2 che lo ha aiutato a superare le difficolt\u00e0:\u00a0\u00abQuando Francesco stava male, pregavo la Madonnina del reparto, all\u2019ospedale Santobono. E Dio lo ha salvato; la dottoressa \u2014 non lo scorder\u00f2 mai \u2014 si chiamava Di Grazia\u00bb.&#13;<br \/>\n&#13;<\/p>\n<p>Nonostante l&#8217;et\u00e0, il cantante ammette di avere ancora difficolt\u00e0 a gestire le critiche, quelle che sfociano in cattiverie:\u00a0\u00abSono una persona sensibile, se arrivano da qualcuno a cui voglio bene mi devastano. Al mondo c\u2019\u00e8 il bene e il male, lo sappiamo, la cattiveria genera ignoranza, \u00e8 diavolesca, \u00e8 dei deboli\u00bb.<\/p>\n<p>                                &#13;<br \/>\n                &#13;<br \/>\n&#13;<br \/>\n                Ultimo aggiornamento: mercoled\u00ec 17 dicembre 2025, 14:13&#13;<br \/>\n                <br \/>&#13;<br \/>\n                &#13;<br \/>\n                  &#13;<br \/>\n                    &#13;<br \/>\n                        \u00a9 RIPRODUZIONE RISERVATA&#13;<\/p>\n<p>&#13;<\/p>\n<p>                    &#13;<\/p>\n","protected":false},"excerpt":{"rendered":"&#13; &#13; &#13; &#13; Sal Da Vinci si prepara al Festival di Sanremo\u00a02026.\u00a0\u00abNon ho venti anni, non sono&hellip;\n","protected":false},"author":3,"featured_media":265416,"comment_status":"","ping_status":"","sticky":false,"template":"","format":"standard","meta":{"footnotes":""},"categories":[1443],"tags":[203,204,1537,90,89,1538,1539,134483,60568,9143],"class_list":{"0":"post-265415","1":"post","2":"type-post","3":"status-publish","4":"format-standard","5":"has-post-thumbnail","7":"category-musica","8":"tag-entertainment","9":"tag-intrattenimento","10":"tag-it","11":"tag-italia","12":"tag-italy","13":"tag-music","14":"tag-musica","15":"tag-rossetto-e-caffe","16":"tag-sal-da-vinci","17":"tag-sanremo"},"share_on_mastodon":{"url":"https:\/\/pubeurope.com\/@it\/115736433541690142","error":""},"_links":{"self":[{"href":"https:\/\/www.europesays.com\/it\/wp-json\/wp\/v2\/posts\/265415","targetHints":{"allow":["GET"]}}],"collection":[{"href":"https:\/\/www.europesays.com\/it\/wp-json\/wp\/v2\/posts"}],"about":[{"href":"https:\/\/www.europesays.com\/it\/wp-json\/wp\/v2\/types\/post"}],"author":[{"embeddable":true,"href":"https:\/\/www.europesays.com\/it\/wp-json\/wp\/v2\/users\/3"}],"replies":[{"embeddable":true,"href":"https:\/\/www.europesays.com\/it\/wp-json\/wp\/v2\/comments?post=265415"}],"version-history":[{"count":0,"href":"https:\/\/www.europesays.com\/it\/wp-json\/wp\/v2\/posts\/265415\/revisions"}],"wp:featuredmedia":[{"embeddable":true,"href":"https:\/\/www.europesays.com\/it\/wp-json\/wp\/v2\/media\/265416"}],"wp:attachment":[{"href":"https:\/\/www.europesays.com\/it\/wp-json\/wp\/v2\/media?parent=265415"}],"wp:term":[{"taxonomy":"category","embeddable":true,"href":"https:\/\/www.europesays.com\/it\/wp-json\/wp\/v2\/categories?post=265415"},{"taxonomy":"post_tag","embeddable":true,"href":"https:\/\/www.europesays.com\/it\/wp-json\/wp\/v2\/tags?post=265415"}],"curies":[{"name":"wp","href":"https:\/\/api.w.org\/{rel}","templated":true}]}}