{"id":265506,"date":"2025-12-17T20:16:11","date_gmt":"2025-12-17T20:16:11","guid":{"rendered":"https:\/\/www.europesays.com\/it\/265506\/"},"modified":"2025-12-17T20:16:11","modified_gmt":"2025-12-17T20:16:11","slug":"salmo-accende-astimusica-il-rapper-sul-palco-il-12-luglio","status":"publish","type":"post","link":"https:\/\/www.europesays.com\/it\/265506\/","title":{"rendered":"Salmo accende Astimusica: il rapper sul palco il 12 luglio"},"content":{"rendered":"<p>Un nuovo artista accender\u00e0 il festival Astimusica in piazza Alfieri:<strong> il rapper Salmo far\u00e0 tappa ad Asti domenica 12 luglio<\/strong>. Ad annunciarlo l&#8217;assessore comunale alla Cultura Paride Candelaresi: &#8220;Salmo porter\u00e0\u00a0con s\u00e9 un universo fatto di rabbia trattenuta e lucidit\u00e0 feroce. Il suo non \u00e8 solo rap, ma un linguaggio emotivo capace di parlare di fragilit\u00e0 senza addolcirla, e di successo senza celebrarlo&#8221;.\u00a0<br \/>La data di Salmo si aggiunge a quelle gi\u00e0 annunciate:\u00a0<strong>Il Volo<\/strong>\u00a0(luned\u00ec 6 luglio),\u00a0<strong>Anastacia\u00a0<\/strong>(marted\u00ec 7 luglio) gli\u00a0<strong>OneRepublic\u00a0<\/strong>(gioved\u00ec 9 luglio), la reunion dei\u00a0<strong>Litfiba\u00a0<\/strong>che saranno ad Asti per celebrare i &#8220;Quarant&#8217;anni di 17 Re. Tour 2026&#8221; (sabato 11 luglio),\u00a0<strong>Fiorella Mannoia<\/strong>\u00a0con il tour &#8220;Fiorella canta Fabrizio e Ivano: Anime Salve&#8221; (marted\u00ec 14 luglio).<\/p>\n<p>\u00a0<\/p>\n<p><strong>Chi \u00e8 Salmo<\/strong><\/p>\n<p><strong>Maurizio Pisciottu,<\/strong>\u00a0in arte <strong>Salmo<\/strong>, \u00e8 un rapper, produttore discografico e attore che ha compiuto un&#8217;operazione culturale ridefinendo l&#8217;hip hop italiano: ha portato l\u2019estetica e i suoni pi\u00f9 crudi dell\u2019underground direttamente nel cuore del mainstream. <br \/>La sua identit\u00e0 musicale \u00e8 un <strong>crossover<\/strong> aggressivo, forgiato dalle prime esperienze in band punk hardcore e metal come &#8220;Skasico&#8221; e &#8220;To Ed Gein&#8221;.<br \/>Il suo stile si basa su <strong>hardcore hip hop, rapcore e rap rock<\/strong>, caratterizzato da una produzione pionieristica in Italia che integrava elementi di <strong>Drum &amp; Bass, Dubstep e musica elettronica<\/strong>. Dopo il successo di The Island Chainsaw Massacre (2011), Death USB (2012) gli valse l&#8217;<strong>MTV Hip Hop Awards 2012<\/strong> nella categoria &#8220;Best Crossover&#8221;. Nello stesso anno, Salmo ha co-fondato l&#8217;etichetta indipendente <strong>Machete Empire Records<\/strong> con DJ Slait, Enigma e Hell Raton, con l\u2019obiettivo di portare l\u2019estetica underground nel mercato di massa, mantenendo il controllo creativo.<\/p>\n<p>La carriera<\/p>\n<p>Salmo ha cementato il suo dominio con dischi che hanno scalato le classifiche, tra cui Midnite (2013), che debutt\u00f2 al primo posto, e Hellvisback (2016), certificato doppio disco di platino. \u00c8 celebre per la sua attitudine provocatoria e le campagne promozionali non convenzionali, come l&#8217;esibizione in Duomo a Milano travestito da senzatetto prima dell&#8217;uscita di Playlist (2018). Dopo l&#8217;album collaborativo Cult con Noyz Narcos (2023), il suo settimo album in studio, <strong>Ranch<\/strong> (2025), pubblicato con Sony Music\/Columbia Records, ha debuttato alla prima posizione della classifica italiana. <br \/>Ranch \u00e8 stato acclamato per la sua <strong>versatilit\u00e0<\/strong> (alternando conscious hip hop, pop rap e rap rock), confermando la volont\u00e0 dell&#8217;artista di uscire dalla sua &#8220;zona comfort&#8221; del rapping, integrando maggiormente canto e melodia. L&#8217;unica collaborazione rap di Ranch \u00e8 con la leggenda underground <strong>Kaos One<\/strong>, una scelta simbolica per omaggiare le sue radici. Nonostante le controversie (come il concerto non autorizzato a Olbia del 2021), Salmo ha dimostrato una forza inarrestabile, dando il via al suo <strong>World Tour<\/strong> con l&#8217;evento <strong>Lebonski Park<\/strong> nel settembre 2025, con date in Europa e America.<\/p>\n","protected":false},"excerpt":{"rendered":"Un nuovo artista accender\u00e0 il festival Astimusica in piazza Alfieri: il rapper Salmo far\u00e0 tappa ad Asti domenica&hellip;\n","protected":false},"author":3,"featured_media":265507,"comment_status":"","ping_status":"","sticky":false,"template":"","format":"standard","meta":{"footnotes":""},"categories":[1443],"tags":[3381,156063,156067,203,204,1537,90,89,156068,112732,156065,1538,1539,140112,156064,28997,156066],"class_list":{"0":"post-265506","1":"post","2":"type-post","3":"status-publish","4":"format-standard","5":"has-post-thumbnail","7":"category-musica","8":"tag-asti","9":"tag-astimusica","10":"tag-columbia-records","11":"tag-entertainment","12":"tag-intrattenimento","13":"tag-it","14":"tag-italia","15":"tag-italy","16":"tag-kaos-one","17":"tag-litfiba","18":"tag-machete-empire-records","19":"tag-music","20":"tag-musica","21":"tag-noyz-narcos","22":"tag-piazza-alfieri","23":"tag-salmo","24":"tag-sony-music"},"share_on_mastodon":{"url":"https:\/\/pubeurope.com\/@it\/115736751998066574","error":""},"_links":{"self":[{"href":"https:\/\/www.europesays.com\/it\/wp-json\/wp\/v2\/posts\/265506","targetHints":{"allow":["GET"]}}],"collection":[{"href":"https:\/\/www.europesays.com\/it\/wp-json\/wp\/v2\/posts"}],"about":[{"href":"https:\/\/www.europesays.com\/it\/wp-json\/wp\/v2\/types\/post"}],"author":[{"embeddable":true,"href":"https:\/\/www.europesays.com\/it\/wp-json\/wp\/v2\/users\/3"}],"replies":[{"embeddable":true,"href":"https:\/\/www.europesays.com\/it\/wp-json\/wp\/v2\/comments?post=265506"}],"version-history":[{"count":0,"href":"https:\/\/www.europesays.com\/it\/wp-json\/wp\/v2\/posts\/265506\/revisions"}],"wp:featuredmedia":[{"embeddable":true,"href":"https:\/\/www.europesays.com\/it\/wp-json\/wp\/v2\/media\/265507"}],"wp:attachment":[{"href":"https:\/\/www.europesays.com\/it\/wp-json\/wp\/v2\/media?parent=265506"}],"wp:term":[{"taxonomy":"category","embeddable":true,"href":"https:\/\/www.europesays.com\/it\/wp-json\/wp\/v2\/categories?post=265506"},{"taxonomy":"post_tag","embeddable":true,"href":"https:\/\/www.europesays.com\/it\/wp-json\/wp\/v2\/tags?post=265506"}],"curies":[{"name":"wp","href":"https:\/\/api.w.org\/{rel}","templated":true}]}}