{"id":265551,"date":"2025-12-17T20:58:10","date_gmt":"2025-12-17T20:58:10","guid":{"rendered":"https:\/\/www.europesays.com\/it\/265551\/"},"modified":"2025-12-17T20:58:10","modified_gmt":"2025-12-17T20:58:10","slug":"kate-antropova-giochera-in-turchia-nella-prossima-stagione-la-rivelazione-della-compagna-di-squadra","status":"publish","type":"post","link":"https:\/\/www.europesays.com\/it\/265551\/","title":{"rendered":"Kate Antropova giocher\u00e0 in Turchia nella prossima stagione? La rivelazione della compagna di squadra"},"content":{"rendered":"<p>Al sito <strong>sportklub.n1info.rs<\/strong>, <strong>Maja Ognjenovi\u0107, palleggiatrice serba di Scandicci<\/strong>, ha anticipato il <strong>trasferimento, a partire dalla prossima stagione, di Ekaterina Antropova<\/strong>, campionessa olimpica con l\u2019Italia e vincitrice del Mondiale per Club con la squadra toscana, <strong>alla formazione turca dell\u2019Eczacibasi<\/strong>.<\/p>\n<p><strong>Maja Ognjenovi\u0107<\/strong> ha affermato <strong>nel corso di un\u2019intervista<\/strong>: \u201cPer lei, ma anche per altre ragazze, questa \u00e8 l\u2019ultima stagione a Scandicci. Non \u00e8 un segreto che Antropova giocher\u00e0 all\u2019Eczacibasi, i primi, i pi\u00f9 importanti trasferimenti sono gi\u00e0 iniziati\u201c.<\/p>\n<p>Prosegue la <strong>palleggiatrice<\/strong>: \u201cPer quanto riguarda Ekaterina, questa \u00e8 la mia terza stagione con lei, ora ha 22 anni ed \u00e8 gi\u00e0 una grande giocatrice. Sono testimone vivente di come sia progredita in tutti gli elementi. Non voglio paragonare Tijana e Antropova, Ti\u0107a era sicuramente la pi\u00f9 talentuosa, ma Ekaterina \u00e8 cos\u00ec dedita, seria, desiderosa di successo e progresso, che \u00e8 semplicemente incredibile\u201c.<\/p>\n<p>Le <strong>qualit\u00e0 che fanno la differenza<\/strong>: \u201cRiesce a rimanere pi\u00f9 a lungo in allenamento per imparare qualche mossa in difesa o a muro. Analizza spesso le sue partite, ma anche quelle degli altri. Per non parlare di quanto si prenda cura della sua dieta, del recupero, di come si comporta fuori dal campo, di cosa fa, di quali libri legge\u201c.<\/p>\n","protected":false},"excerpt":{"rendered":"Al sito sportklub.n1info.rs, Maja Ognjenovi\u0107, palleggiatrice serba di Scandicci, ha anticipato il trasferimento, a partire dalla prossima stagione,&hellip;\n","protected":false},"author":3,"featured_media":265552,"comment_status":"","ping_status":"","sticky":false,"template":"","format":"standard","meta":{"footnotes":""},"categories":[1474],"tags":[13305,1537,90,89,245,244,1869],"class_list":{"0":"post-265551","1":"post","2":"type-post","3":"status-publish","4":"format-standard","5":"has-post-thumbnail","7":"category-volley","8":"tag-ekaterina-antropova","9":"tag-it","10":"tag-italia","11":"tag-italy","12":"tag-sport","13":"tag-sports","14":"tag-volley"},"share_on_mastodon":{"url":"https:\/\/pubeurope.com\/@it\/115736916966514822","error":""},"_links":{"self":[{"href":"https:\/\/www.europesays.com\/it\/wp-json\/wp\/v2\/posts\/265551","targetHints":{"allow":["GET"]}}],"collection":[{"href":"https:\/\/www.europesays.com\/it\/wp-json\/wp\/v2\/posts"}],"about":[{"href":"https:\/\/www.europesays.com\/it\/wp-json\/wp\/v2\/types\/post"}],"author":[{"embeddable":true,"href":"https:\/\/www.europesays.com\/it\/wp-json\/wp\/v2\/users\/3"}],"replies":[{"embeddable":true,"href":"https:\/\/www.europesays.com\/it\/wp-json\/wp\/v2\/comments?post=265551"}],"version-history":[{"count":0,"href":"https:\/\/www.europesays.com\/it\/wp-json\/wp\/v2\/posts\/265551\/revisions"}],"wp:featuredmedia":[{"embeddable":true,"href":"https:\/\/www.europesays.com\/it\/wp-json\/wp\/v2\/media\/265552"}],"wp:attachment":[{"href":"https:\/\/www.europesays.com\/it\/wp-json\/wp\/v2\/media?parent=265551"}],"wp:term":[{"taxonomy":"category","embeddable":true,"href":"https:\/\/www.europesays.com\/it\/wp-json\/wp\/v2\/categories?post=265551"},{"taxonomy":"post_tag","embeddable":true,"href":"https:\/\/www.europesays.com\/it\/wp-json\/wp\/v2\/tags?post=265551"}],"curies":[{"name":"wp","href":"https:\/\/api.w.org\/{rel}","templated":true}]}}