{"id":265578,"date":"2025-12-17T21:18:11","date_gmt":"2025-12-17T21:18:11","guid":{"rendered":"https:\/\/www.europesays.com\/it\/265578\/"},"modified":"2025-12-17T21:18:11","modified_gmt":"2025-12-17T21:18:11","slug":"inflitte-4-condanne-per-17-anni-di-reclusione","status":"publish","type":"post","link":"https:\/\/www.europesays.com\/it\/265578\/","title":{"rendered":"inflitte 4 condanne per 17 anni di reclusione"},"content":{"rendered":"<p style=\"text-align:justify;\">GUAGNANO\/SALICE SALENTINO &#8211; Si \u00e8 concluso con quattro condanne, due assoluzioni e un proscioglimento, il processo scaturito dall\u2019operazione \u201cAequanius\u201d, che fece luce su un giro di affari illeciti attraverso prestiti con tassi usurai del 10 percento mensile a Guagnano e nella vicina Salice Salentino tra il 2010 e 2012. I reati contestati a vario titolo, nell\u2019inchiesta coordinata a suo tempo dal sostituto procuratore della Dda di Lecce Alessio Coccioli, oggi a capo della Procura di Matera, erano usura, estorsione e tentata estorsione.<\/p>\n<p style=\"text-align:justify;\">Questo il verdetto emesso nella serata di oggi, dopo una lunga camera di consiglio, dal collegio penale del Tribunale di Lecce presieduto dalla giudice Bianca Todaro: 6 anni di reclusione, pi\u00f9 12.500 euro di multa, a fronte degli 8 anni, pi\u00f9 20mila euro di multa, invocati dalla Procura, ad Antimo Leone, 65enne originario di Guagnano; 3 anni e 6 mesi, pi\u00f9 8.500 euro di multa, per Anna Palazzo, 51enne di Salice Salentino, per la quale erano stati chiesti 4 anni e 20mila euro di multa. La stessa istanza, la pubblica accusa l\u2019aveva formulata anche per Elio Quaranta, 62enne di Salice Salentino che, assistito dall\u2019avvocato Antonio Savoia, \u00e8 invece riuscito a ottenere un verdetto di assoluzione \u201cper non aver commesso il fatto\u201d.<\/p>\n<p style=\"text-align:justify;\">Per Antonio Fernando Olivieri, 71enne, di Guagnano, e Ciro Iaia, 88enne, di Guagnano che rispondevano di tentata estorsione la pena stabilita \u00e8 stata rispettivamente di 4 anni e 800 euro di multa e di 3 anni e mezzo, pi\u00f9 700 euro di multa. Per entrambi, la richiesta era di 6 anni, pi\u00f9 10mila euro di multa per il primo e 20multa per il secondo.<\/p>\n<p style=\"text-align:justify;\">Il Tribunale, in linea alle valutazioni del pm, ha inoltre assolto con la formula \u201cperch\u00e9 il fatto non sussiste\u201d Pasquale Giannotte, 50enne di Salice Salentino, e ha dichiarato, il non doversi procedere per intervenuta prescrizione nei confronti di Antonio Pacella, 57enne di Salice.<\/p>\n<p style=\"text-align:justify;\">Erano tre le persone offese che si erano costituite parte civile al processo con gli avvocati Americo Barba, Chiara Fanigliulo e Michele Palazzo, per due delle quali \u00e8 stato riconosciuto il risarcimento del danno in separata sede e provvisionali.\u00a0<\/p>\n<p style=\"text-align:justify;\">A dare il via alle indagini fu proprio la denuncia di una di queste, un imprenditore, nel 2012, che trovandosi in difficolt\u00e0 economiche nella gestione della sua attivit\u00e0 di compravendita di auto usate chiese in prestito somme di denaro, arrivando anche a essere intimidito con la violenza. Nello specifico da Leone che, secondo l\u2019accusa, per \u201cconvincerlo\u201d a restituire i 10mila euro ricevuti, l\u2019avrebbe minacciato con un piccone, spingendolo cos\u00ec a svendere a terzi un terreno di famiglia per lo stesso importo.\u00a0<\/p>\n<p style=\"text-align:justify;\">Non appena saranno depositate le motivazioni, entro novanta giorni, gli imputati valuteranno il ricorso in appello. Facevano parte del collegio difensivo, gli avvocati: Luigi e Roberto Rella, Francesca Conte, Antonio Savoia, Salvatore Rollo, Giuseppe Bonsegna, Gabriele Valentini.<\/p>\n<p style=\"text-align:justify;\">Nel procedimento erano coinvolte altre tre persone, una delle quali, all\u2019epoca dei fatti, direttore di banca, che scelsero di essere giudicati con il rito abbreviato come riportato in <a href=\"https:\/\/www.lecceprima.it\/cronaca\/inchiesta-aequanius-un-assoluzione-e-una-condanna-emesse-in-abbreviato.html\" rel=\"nofollow noopener\" target=\"_blank\">questo articolo<\/a>.<\/p>\n<p style=\"text-align:justify;\">LeccePrima \u00e8 anche su Whatsapp. <a href=\"https:\/\/www.whatsapp.com\/channel\/0029VaGh03R4inorimgaQX0C\" rel=\"nofollow noopener\" target=\"_blank\">Seguici sul nostro canale<\/a>.<\/p>\n","protected":false},"excerpt":{"rendered":"GUAGNANO\/SALICE SALENTINO &#8211; Si \u00e8 concluso con quattro condanne, due assoluzioni e un proscioglimento, il processo scaturito dall\u2019operazione&hellip;\n","protected":false},"author":3,"featured_media":265579,"comment_status":"","ping_status":"","sticky":false,"template":"","format":"standard","meta":{"footnotes":""},"categories":[79],"tags":[14,93,94,156108,1537,90,89,7,15,156107,156106,11,84,91,12,85,92,122620],"class_list":{"0":"post-265578","1":"post","2":"type-post","3":"status-publish","4":"format-standard","5":"has-post-thumbnail","7":"category-italia","8":"tag-cronaca","9":"tag-cronaca-italiana","10":"tag-cronacaitaliana","11":"tag-guagnano","12":"tag-it","13":"tag-italia","14":"tag-italy","15":"tag-news","16":"tag-notizie","17":"tag-operazione-aequanius","18":"tag-tassi-usurai","19":"tag-ultime-notizie","20":"tag-ultime-notizie-e-news-di-oggi","21":"tag-ultime-notizie-italia","22":"tag-ultimenotizie","23":"tag-ultimenotizieenewsdioggi","24":"tag-ultimenotizieitalia","25":"tag-usura"},"share_on_mastodon":{"url":"https:\/\/pubeurope.com\/@it\/115736995726628241","error":""},"_links":{"self":[{"href":"https:\/\/www.europesays.com\/it\/wp-json\/wp\/v2\/posts\/265578","targetHints":{"allow":["GET"]}}],"collection":[{"href":"https:\/\/www.europesays.com\/it\/wp-json\/wp\/v2\/posts"}],"about":[{"href":"https:\/\/www.europesays.com\/it\/wp-json\/wp\/v2\/types\/post"}],"author":[{"embeddable":true,"href":"https:\/\/www.europesays.com\/it\/wp-json\/wp\/v2\/users\/3"}],"replies":[{"embeddable":true,"href":"https:\/\/www.europesays.com\/it\/wp-json\/wp\/v2\/comments?post=265578"}],"version-history":[{"count":0,"href":"https:\/\/www.europesays.com\/it\/wp-json\/wp\/v2\/posts\/265578\/revisions"}],"wp:featuredmedia":[{"embeddable":true,"href":"https:\/\/www.europesays.com\/it\/wp-json\/wp\/v2\/media\/265579"}],"wp:attachment":[{"href":"https:\/\/www.europesays.com\/it\/wp-json\/wp\/v2\/media?parent=265578"}],"wp:term":[{"taxonomy":"category","embeddable":true,"href":"https:\/\/www.europesays.com\/it\/wp-json\/wp\/v2\/categories?post=265578"},{"taxonomy":"post_tag","embeddable":true,"href":"https:\/\/www.europesays.com\/it\/wp-json\/wp\/v2\/tags?post=265578"}],"curies":[{"name":"wp","href":"https:\/\/api.w.org\/{rel}","templated":true}]}}