{"id":265721,"date":"2025-12-17T23:32:17","date_gmt":"2025-12-17T23:32:17","guid":{"rendered":"https:\/\/www.europesays.com\/it\/265721\/"},"modified":"2025-12-17T23:32:17","modified_gmt":"2025-12-17T23:32:17","slug":"ferrero-ecco-il-segreto-delluomo-piu-ricco-ditalia-oltre-alla-nutella-torino-cronaca","status":"publish","type":"post","link":"https:\/\/www.europesays.com\/it\/265721\/","title":{"rendered":"Ferrero, ecco il &#8220;segreto&#8221; dell&#8217;uomo pi\u00f9 ricco d&#8217;Italia (oltre alla Nutella) &#8211; Torino Cronaca"},"content":{"rendered":"<p>\u00c8 l\u2019uomo pi\u00f9 ricco d\u2019Italia, ma resta uno dei pi\u00f9 schivi. <b>Giovanni Ferrero<\/b>, alla guida del gruppo della <b>Nutella<\/b> e di un impero dai fatturati miliardari in crescita costante, ha scelto la platea della <b>CUOA Business School<\/b> di Vicenza per una delle sue rarissime apparizioni pubbliche. L\u2019occasione: il <b>conferimento<\/b> del <b>Master Honoris Causa<\/b> in Business Administration. Il messaggio: la forza del successo, oggi, si misura nella <b>curiosit\u00e0<\/b>, nella <b>conoscenza<\/b> e nella capacit\u00e0 di guardare oltre.<\/p>\n<p> Powered by <a target=\"_blank\" href=\"https:\/\/evolutiongroup.digital\/\" rel=\"nofollow noopener\"> <img decoding=\"async\" src=\"https:\/\/evolutiongroup.digital\/wp-content\/themes\/evolution_group\/assets\/static\/logo\/logo-evolutiongroup-black.svg\" alt=\"powered by evolution group\"\/> <\/a> <\/p>\n<p><a href=\"https:\/\/torinocronaca.it\/news\/torino\/585945\/da-ferrero-a-elkann-tra-i-piu-ricchi-d-italia-spunta-un-altro-torinese-ecco-chi-e.html\" class=\"vc_cont_image\" rel=\"nofollow noopener\" target=\"_blank\"><img decoding=\"async\" class=\"vc_image\" src=\"https:\/\/torinocronaca.it\/resizer\/150\/-1\/true\/2025_12_16\/elkann_ferrero_camerana-1765908538033_1765908694.jpg--da_ferrero_a_elkann__tra_i_piu_ricchi_d_italia_spunta_un_altro_torinese__ecco_chi_e.jpg?1765908695002\"\/><\/a><\/p>\n<p><b> Un leader che sceglie il silenzio operativo<\/b><br \/>Ferrero vive a Bruxelles, evita le interviste e concentra energie e risorse sulla crescita del Gruppo, che da Alba si \u00e8 espanso negli Stati Uniti e nel resto del mondo. La cabina di regia quotidiana \u00e8 affidata a <b>manager<\/b> di fiducia: tra questi il torinese <b>Guido Giannotta<\/b>, con incarichi nelle holding e alla guida del <strong>family office Fedesa, domiciliato a Montecarlo<\/strong>. Una governance discreta, costruita per dare continuit\u00e0 e <b>visione<\/b> di lungo periodo.\n<\/p>\n<p><a href=\"https:\/\/torinocronaca.it\/news\/torino\/536191\/oltre-la-nutella-per-l-altra-ferrero-fatturato-da-3-miliardi.html\" class=\"vc_cont_image\" rel=\"nofollow noopener\" target=\"_blank\"><img decoding=\"async\" class=\"vc_image\" src=\"https:\/\/torinocronaca.it\/resizer\/150\/-1\/true\/2025_07_18\/giovanni_ferrero_okok-1752851354442_1752851373.png--oltre_la_nutella__per__l_altra_ferrero__fatturato_da_3_miliardi.png?1752851373390\"\/><\/a><\/p>\n<p><b> La lezione alla Cuoa: curiosit\u00e0 e visione<\/b><br \/>Ricevendo il <b>Master Honoris Causa<\/b>, Ferrero ha messo a fuoco la sua idea di impresa e di <b>leadership<\/b>. \u00abLa <b>curiosit\u00e0<\/b> e la capacit\u00e0 di guardare oltre sono caratteristiche che animano il <b>Gruppo Ferrero<\/b> e ne rafforzano la <b>visione<\/b> di lungo periodo. Investire nella <b>conoscenza<\/b> e nel confronto tra esperienze diverse \u00e8 la chiave per affrontare le sfide globali con competenza, <b>responsabilit\u00e0<\/b> e <b>visione<\/b>\u00bb. Nel suo racconto, la competitivit\u00e0 non nasce dall\u2019urgenza del breve termine, ma da una disciplina intellettuale che tiene insieme studio, ascolto e lucidit\u00e0 strategica.\n<\/p>\n<p><a href=\"https:\/\/torinocronaca.it\/news\/economia\/582106\/premi-leonardo-2025-ferrero-e-lavazza-premiate-per-innovazione-e-sostenibilita.html\" class=\"vc_cont_image\" rel=\"nofollow noopener\" target=\"_blank\"><img decoding=\"async\" class=\"vc_image\" src=\"https:\/\/torinocronaca.it\/resizer\/150\/-1\/true\/2025_12_03\/489959766_1040591281463244_2298016860243720607_n_%281%29-1764789357975.jpg--premi_leonardo_2025.jpg?1764789358504\"\/><\/a><\/p>\n<p><b> <b>Formazione come motore di futuro<\/b><\/b><br \/>L\u2019onorificenza, ha spiegato, \u00e8 prima di tutto un riconoscimento alla centralit\u00e0 della <b>formazione<\/b>: \u00ab\u00c8 per me un grande onore e rappresenta un riconoscimento dell\u2019importanza che la <b>conoscenza<\/b> e il confronto rivestono per la crescita e l\u2019<b>innovazione<\/b>. Sono certo che la <b>formazione<\/b> sia e rimarr\u00e0 il motore per costruire un futuro migliore, aperto alle opportunit\u00e0 di un mondo in continua evoluzione\u00bb. Un promemoria, per <b>manager<\/b> e studenti, che ogni tras<b>formazione<\/b> sostenibile passa da <b>competenze<\/b> aggiornate e da una cultura del dubbio costruttivo. <\/p>\n<p><b> <b>Manager e responsabilit\u00e0: l&#8217;architettura del metodo<\/b><\/b><br \/>Dietro i marchi iconici e una presenza globale in espansione, c\u2019\u00e8 un <b>metodo<\/b>: definire <b>obiettivi<\/b> chiari, scegliere persone affidabili, coltivare un confronto costante tra esperienze differenti. La <b>delega<\/b>, nella <b>visione<\/b> di Ferrero, non \u00e8 rinuncia ma moltiplicatore: permette al vertice di mantenere la rotta, mentre la macchina operativa esegue con qualit\u00e0 e rigore. \u00c8 qui che la \u201c<b>curiosit\u00e0<\/b>\u201d diventa processo: domande giuste, dati solidi e una <b>visione<\/b> che non si lascia dettare l\u2019agenda dal prossimo trimestre.\n<\/p>\n<p><a href=\"https:\/\/torinocronaca.it\/news\/cronaca\/576320\/ferrero-il-paradosso-rocher-produzione-con-440-milioni-anche-in-canada-ma-in-italia-alle-operaie-5-euro-l-ora.html\" class=\"vc_cont_image\" rel=\"nofollow noopener\" target=\"_blank\"><img decoding=\"async\" class=\"vc_image\" src=\"https:\/\/torinocronaca.it\/resizer\/150\/-1\/true\/2025_11_15\/ferrero_e_rocher-1763180446605_1763180492.jpg--ferrero__svolta_nord_america__i_rocher_prodotti__anche__in_canada__investimenti_per_445_milioni_di_dollari.jpg?1763180492371\"\/><\/a><\/p>\n<p><b> Un simbolo per la business community<\/b><br \/>Per la CUOA, il <b>conferimento<\/b> ha anche un valore istituzionale. \u00abCon il <b>conferimento<\/b> del <b>Master Honoris Causa<\/b> a <b>Giovanni Ferrero<\/b> celebriamo non solo un leader straordinario, ma anche i 30 anni di storia dei nostri conferimenti\u00bb, ha detto il presidente <b>Federico Visentin<\/b>. \u00abFerrero incarna perfettamente il nostro <b>heritage<\/b>: radici solide, <b>visione<\/b> globale e capacit\u00e0 di innovare con <b>responsabilit\u00e0<\/b>\u00bb. Un profilo che, dalla provincia italiana ai mercati internazionali, continua a parlare soprattutto attraverso i <b>risultati.<\/b>\n<\/p>\n<p><b><img loading=\"lazy\" decoding=\"async\" src=\"https:\/\/www.europesays.com\/it\/wp-content\/uploads\/2025\/12\/IMG_0282-1765972697063.jpg\" alt=\"\" width=\"1024\" height=\"654\"\/><\/b><\/p>\n","protected":false},"excerpt":{"rendered":"\u00c8 l\u2019uomo pi\u00f9 ricco d\u2019Italia, ma resta uno dei pi\u00f9 schivi. Giovanni Ferrero, alla guida del gruppo della&hellip;\n","protected":false},"author":3,"featured_media":265722,"comment_status":"","ping_status":"","sticky":false,"template":"","format":"standard","meta":{"footnotes":""},"categories":[172],"tags":[178,177,156175,156177,156180,156182,156179,156173,156174,156181,1537,90,89,156176,66760,156178],"class_list":{"0":"post-265721","1":"post","2":"type-post","3":"status-publish","4":"format-standard","5":"has-post-thumbnail","7":"category-affari","8":"tag-affari","9":"tag-business","10":"tag-cuoa-business-school","11":"tag-curiosita-manageriale","12":"tag-espansione-globale","13":"tag-fedesa","14":"tag-formazione-manageriale","15":"tag-giovanni-ferrero","16":"tag-gruppo-ferrero","17":"tag-guido-giannotta","18":"tag-it","19":"tag-italia","20":"tag-italy","21":"tag-master-honoris-causa","22":"tag-nutella","23":"tag-visione-di-lungo-periodo"},"share_on_mastodon":{"url":"https:\/\/pubeurope.com\/@it\/115737523224227197","error":""},"_links":{"self":[{"href":"https:\/\/www.europesays.com\/it\/wp-json\/wp\/v2\/posts\/265721","targetHints":{"allow":["GET"]}}],"collection":[{"href":"https:\/\/www.europesays.com\/it\/wp-json\/wp\/v2\/posts"}],"about":[{"href":"https:\/\/www.europesays.com\/it\/wp-json\/wp\/v2\/types\/post"}],"author":[{"embeddable":true,"href":"https:\/\/www.europesays.com\/it\/wp-json\/wp\/v2\/users\/3"}],"replies":[{"embeddable":true,"href":"https:\/\/www.europesays.com\/it\/wp-json\/wp\/v2\/comments?post=265721"}],"version-history":[{"count":0,"href":"https:\/\/www.europesays.com\/it\/wp-json\/wp\/v2\/posts\/265721\/revisions"}],"wp:featuredmedia":[{"embeddable":true,"href":"https:\/\/www.europesays.com\/it\/wp-json\/wp\/v2\/media\/265722"}],"wp:attachment":[{"href":"https:\/\/www.europesays.com\/it\/wp-json\/wp\/v2\/media?parent=265721"}],"wp:term":[{"taxonomy":"category","embeddable":true,"href":"https:\/\/www.europesays.com\/it\/wp-json\/wp\/v2\/categories?post=265721"},{"taxonomy":"post_tag","embeddable":true,"href":"https:\/\/www.europesays.com\/it\/wp-json\/wp\/v2\/tags?post=265721"}],"curies":[{"name":"wp","href":"https:\/\/api.w.org\/{rel}","templated":true}]}}