{"id":265766,"date":"2025-12-18T00:16:22","date_gmt":"2025-12-18T00:16:22","guid":{"rendered":"https:\/\/www.europesays.com\/it\/265766\/"},"modified":"2025-12-18T00:16:22","modified_gmt":"2025-12-18T00:16:22","slug":"mauro-corona-sulla-foto-finta-di-matrimonio-con-bianca-berlinguer","status":"publish","type":"post","link":"https:\/\/www.europesays.com\/it\/265766\/","title":{"rendered":"Mauro Corona sulla foto finta di matrimonio con Bianca Berlinguer"},"content":{"rendered":"<p data-journey-content=\"true\" data-node-id=\"1\" class=\"css-6wxqfj emevuu60\">\u201cGuardi un po\u2019 qua. Che cos\u2019\u00e8?\u201d, dice Bianca Berlinguer a Mauro Corona in collegamento nell&#8217;ultima puntata di \u00c8 sempre Cartabianca. Gli mostra una fotografia, effettivamente verosimile, ma chiaramente generata con l\u2019Intelligenza Artificiale. Lei \u00e8 in abito bianco, lui elegante con una cravatta di seta rosa. <\/p>\n<p data-journey-content=\"true\" data-node-id=\"4\" class=\"css-6wxqfj emevuu60\">&#8220;Sembro io vestito bene e lei che ci sposiamo&#8221;, commenta Corona, &#8220;Questa qui \u00e8 l\u2019intelligenza artificiale, che roba \u00e8?&#8221;.  \u201cCerto non \u00e8 vera, per\u00f2 l\u2019hanno costruita&#8221;, ribatte la conduttrice. Il siparietto \u00e8 stato ripreso online e ha divertito gli spettatori che ben conoscono il rapporto burrascoso, sempre tra il serio e lo scherzo, che c&#8217;\u00e8 tra i due. La foto pare sia stata trovata online da Ferruccio Clerino, amico dello scrittore e scultore, che ha pensato di inviarla a Berlinguer. <strong data-node-id=\"4.1\">\u201cMagari fosse vera&#8221;, ha aggiunto Corona senza trattenere la boutade: &#8220;cos\u00ec verrei a letto con lei&#8221;.<\/strong><\/p>\n<p>Bianca Berlinguer e Mauro Corona: un matrimonio con l&#8217;AI<\/p>\n<p data-journey-content=\"true\" data-node-id=\"12\" class=\"css-6wxqfj emevuu60\">Negli anni il rapporto tra la giornalista e lo scrittore montanaro \u00e8 stato spesso altalenante. La loro collaborazione, per\u00f2, ormai \u00e8 duratura e appassiona il pubblico proprio per il contrasto evidente tra le loro personalit\u00e0. <a href=\"https:\/\/www.elle.com\/it\/showbiz\/celebrities\/a65920694\/bianca-berlinguer-biografia\/\" target=\"_blank\" data-vars-ga-outbound-link=\"https:\/\/www.elle.com\/it\/showbiz\/celebrities\/a65920694\/bianca-berlinguer-biografia\/\" data-vars-ga-ux-element=\"Hyperlink\" data-vars-ga-call-to-action=\"Da una parte la nota conduttrice, colta, preparata e sempre educata\" data-node-id=\"12.1\" class=\"body-link css-103hk4r emevuu60\" rel=\"nofollow noopener\">Da una parte la nota conduttrice, colta, preparata e sempre educata<\/a>, dall&#8217;altro l&#8217;autore alpinista che <strong data-node-id=\"12.3\">non si risparmia commenti diretti e sopra le righe<\/strong>, spesso ammiccanti (e c&#8217;\u00e8 senz&#8217;altro chi non esisterebbe a definirli offensivi e inappropriati) come in questo caso. \u00c8 proprio da questa diversit\u00e0, per\u00f2, che nascono gli scambi pi\u00f9 vivaci e sono ormai i diretti interessati a giocare con questo rapporto di amore e odio creando uno show di schermaglie alla Sandra e Raimondo, ma dandosi rigorosamente del lei. <\/p>\n<p data-journey-content=\"true\" data-node-id=\"15\" class=\"css-6wxqfj emevuu60\">&#8220;La cosa che mi fa pi\u00f9 ridere \u00e8 lei con la cravatta rosa&#8221;, dice Berlinguer commentando la foto del matrimonio creata con l&#8217;AI, &#8220;<strong data-node-id=\"15.1\">Lei \u00e8 bellissima, Io sembro un vecchio ottuso<\/strong>&#8220;, ribatte Corona, &#8220;Comunque la foto \u00e8 bella, dai. Ma chi l\u2019ha detto che forse non ci siamo sposati davvero e non lo vogliamo far sapere?&#8221;. &#8220;E continuiamo a vivere io a Roma e lei l\u00ec per confondere le acque?&#8221;, risponde ancora la conduttrice, &#8220;Se non leva tutti quei ragni dal bagno come faccio a venire a vivere l\u00ec?&#8221;.<\/p>\n<p>Che rapporto c&#8217;\u00e8 tra Bianca Berlinguer e Mauro Corona?<\/p>\n<p data-journey-content=\"true\" data-node-id=\"19\" class=\"css-6wxqfj emevuu60\">In un&#8217;intervista, Bianca Berlinguer ha ammesso di essere piuttosto affezionata allo scrittore. &#8220;Ormai abbiamo un rapporto di affetto&#8221;, ha spiegato, &#8220;Ne abbiamo passate, di vicissitudini&#8221;. A suo dire, vederli insieme &#8220;<strong data-node-id=\"19.1\">Piace perch\u00e9<\/strong> <strong data-node-id=\"19.3\">risultiamo cos\u00ec diversi <\/strong>e comunica allegria, bene prezioso di questi tempi&#8221;. Anche Corona ha usato sempre parole di stima verso &#8220;Bianchina&#8221;, come \u00e8 solito chiamare la conduttrice. &#8220;Sono anche aggressivo e imprudente, a volte non tanto educato&#8221;, ha detto in un&#8217;intervista con Silvia Toffanin, &#8220;Lei stimola la provocazione e io non mi tiro indietro di certo&#8221;.  <\/p>\n<p data-journey-content=\"true\" data-node-id=\"21\" class=\"css-6wxqfj emevuu60\"><strong data-node-id=\"21.0\">Dallo scherzo, poi, si finisce a parlare di temi attuali<\/strong>, come vuole il talk show di attualit\u00e0 e politica di Berlinguer in onda su Rete 4. &#8220;Io sono innamorato di lei, ma mi piace molto la Meloni&#8221;, ha detto Mauro Corona passando dalla foto del matrimonio a discutere della partecipazione ad Atreju, la manifestazione annuale organizzata dalla destra italiana. Aggiunge che, se fosse stato invitato, avrebbe partecipato volentieri, in nome del confronto politico. Berlinguer risponde sottolineando come quest\u2019anno ci sia stata una partecipazione trasversale all&#8217;evento: \u201cIn questo Paese si sale sempre sul carro del vincitore\u201d.<\/p>\n<p>Leggi anche<\/p>\n","protected":false},"excerpt":{"rendered":"\u201cGuardi un po\u2019 qua. Che cos\u2019\u00e8?\u201d, dice Bianca Berlinguer a Mauro Corona in collegamento nell&#8217;ultima puntata di \u00c8&hellip;\n","protected":false},"author":3,"featured_media":265767,"comment_status":"","ping_status":"","sticky":false,"template":"","format":"standard","meta":{"footnotes":""},"categories":[1451],"tags":[156200,156201,156202,1621,1620,203,204,1537,90,89,1780],"class_list":{"0":"post-265766","1":"post","2":"type-post","3":"status-publish","4":"format-standard","5":"has-post-thumbnail","7":"category-celebrita","8":"tag-berlinguer-e-corona-matrimonio","9":"tag-berlinguer-e-corona-rapporto","10":"tag-bianca-berlinguer-e-mauro-corona","11":"tag-celebrita","12":"tag-celebrities","13":"tag-entertainment","14":"tag-intrattenimento","15":"tag-it","16":"tag-italia","17":"tag-italy","18":"tag-traffico"},"share_on_mastodon":{"url":"https:\/\/pubeurope.com\/@it\/115737695535528491","error":""},"_links":{"self":[{"href":"https:\/\/www.europesays.com\/it\/wp-json\/wp\/v2\/posts\/265766","targetHints":{"allow":["GET"]}}],"collection":[{"href":"https:\/\/www.europesays.com\/it\/wp-json\/wp\/v2\/posts"}],"about":[{"href":"https:\/\/www.europesays.com\/it\/wp-json\/wp\/v2\/types\/post"}],"author":[{"embeddable":true,"href":"https:\/\/www.europesays.com\/it\/wp-json\/wp\/v2\/users\/3"}],"replies":[{"embeddable":true,"href":"https:\/\/www.europesays.com\/it\/wp-json\/wp\/v2\/comments?post=265766"}],"version-history":[{"count":0,"href":"https:\/\/www.europesays.com\/it\/wp-json\/wp\/v2\/posts\/265766\/revisions"}],"wp:featuredmedia":[{"embeddable":true,"href":"https:\/\/www.europesays.com\/it\/wp-json\/wp\/v2\/media\/265767"}],"wp:attachment":[{"href":"https:\/\/www.europesays.com\/it\/wp-json\/wp\/v2\/media?parent=265766"}],"wp:term":[{"taxonomy":"category","embeddable":true,"href":"https:\/\/www.europesays.com\/it\/wp-json\/wp\/v2\/categories?post=265766"},{"taxonomy":"post_tag","embeddable":true,"href":"https:\/\/www.europesays.com\/it\/wp-json\/wp\/v2\/tags?post=265766"}],"curies":[{"name":"wp","href":"https:\/\/api.w.org\/{rel}","templated":true}]}}