{"id":265817,"date":"2025-12-18T01:05:14","date_gmt":"2025-12-18T01:05:14","guid":{"rendered":"https:\/\/www.europesays.com\/it\/265817\/"},"modified":"2025-12-18T01:05:14","modified_gmt":"2025-12-18T01:05:14","slug":"anomalie-nel-passaporto-biologico-quattro-anni-di-stop-per-il-portoghese-carvalho","status":"publish","type":"post","link":"https:\/\/www.europesays.com\/it\/265817\/","title":{"rendered":"ANOMALIE NEL PASSAPORTO BIOLOGICO, QUATTRO ANNI DI STOP PER IL PORTOGHESE CARVALHO"},"content":{"rendered":"<p>            <a class=\"category\" href=\"https:\/\/www.tuttobiciweb.it\/articles\/category\/DOPING\" itemprop=\"about\" rel=\"nofollow noopener\" target=\"_blank\">DOPING<\/a> | 17\/12\/2025 | 16:57<\/p>\n<p data-olk-copy-source=\"MessageBody\">L&#8217;Union Cycliste Internationale annuncia che <strong>il ciclista portoghese Ant\u00f3nio Carvalho Ferreira<\/strong> \u00e8 stato sanzionato con <strong>una squalifica di quattro anni<\/strong> a seguito di una violazione del Regolamento Antidoping per uso di una sostanza proibita e\/o di un metodo vietato a causa di anomalie inspiegabili nel suo Passaporto Biologico Atleta nel 2018, 2023 e 2024.\n            <\/p>\n<p>In conformit\u00e0 con il Codice Mondiale Antidoping (Codice) e le Regole Antidoping UCI (UCI ADR), il periodo di squalifica \u00e8 iniziato il 4 novembre 2025 ed \u00e8 valido fino al 3 novembre 2029.\n            <\/p>\n<p>Il caso \u00e8 stato risolto tramite l&#8217;accettazione delle conseguenze previste dal Codice e dall&#8217;ADR UCI.<\/p>\n<p><strong>Carvalho ha 36 anni e milita attualmente nella Feirense Beeceler,<\/strong> formazione Continental del Portogallo nella quale militava anche in due delle stagioni sotto inchiesta. Nel 2018 invece Carvalho correva nella W52 Porto, squadra a suo tempo coinvolta in un autentico scandalo legato al doping. <\/p>\n<p>\n    <a href=\"https:\/\/www.tuttobiciweb.it\/article\/2025\/12\/17\/1765987164\/cycling-doping-uci-suspension-portugal?lang=en\" rel=\"nofollow noopener\" target=\"_blank\"><img decoding=\"async\" src=\"https:\/\/www.europesays.com\/it\/wp-content\/uploads\/2025\/12\/enver.png\"\/><\/a><\/p>\n<p>Copyright &amp;copy TBW<\/p>\n","protected":false},"excerpt":{"rendered":"DOPING | 17\/12\/2025 | 16:57 L&#8217;Union Cycliste Internationale annuncia che il ciclista portoghese Ant\u00f3nio Carvalho Ferreira \u00e8 stato&hellip;\n","protected":false},"author":3,"featured_media":265818,"comment_status":"","ping_status":"","sticky":false,"template":"","format":"standard","meta":{"footnotes":""},"categories":[1456],"tags":[1824,1825,5572,1537,90,89,17294,245,244,27661,3148],"class_list":{"0":"post-265817","1":"post","2":"type-post","3":"status-publish","4":"format-standard","5":"has-post-thumbnail","7":"category-ciclismo","8":"tag-ciclismo","9":"tag-cycling","10":"tag-doping","11":"tag-it","12":"tag-italia","13":"tag-italy","14":"tag-portogallo","15":"tag-sport","16":"tag-sports","17":"tag-squalifica","18":"tag-uci"},"share_on_mastodon":{"url":"https:\/\/pubeurope.com\/@it\/115737888580450576","error":""},"_links":{"self":[{"href":"https:\/\/www.europesays.com\/it\/wp-json\/wp\/v2\/posts\/265817","targetHints":{"allow":["GET"]}}],"collection":[{"href":"https:\/\/www.europesays.com\/it\/wp-json\/wp\/v2\/posts"}],"about":[{"href":"https:\/\/www.europesays.com\/it\/wp-json\/wp\/v2\/types\/post"}],"author":[{"embeddable":true,"href":"https:\/\/www.europesays.com\/it\/wp-json\/wp\/v2\/users\/3"}],"replies":[{"embeddable":true,"href":"https:\/\/www.europesays.com\/it\/wp-json\/wp\/v2\/comments?post=265817"}],"version-history":[{"count":0,"href":"https:\/\/www.europesays.com\/it\/wp-json\/wp\/v2\/posts\/265817\/revisions"}],"wp:featuredmedia":[{"embeddable":true,"href":"https:\/\/www.europesays.com\/it\/wp-json\/wp\/v2\/media\/265818"}],"wp:attachment":[{"href":"https:\/\/www.europesays.com\/it\/wp-json\/wp\/v2\/media?parent=265817"}],"wp:term":[{"taxonomy":"category","embeddable":true,"href":"https:\/\/www.europesays.com\/it\/wp-json\/wp\/v2\/categories?post=265817"},{"taxonomy":"post_tag","embeddable":true,"href":"https:\/\/www.europesays.com\/it\/wp-json\/wp\/v2\/tags?post=265817"}],"curies":[{"name":"wp","href":"https:\/\/api.w.org\/{rel}","templated":true}]}}