{"id":265824,"date":"2025-12-18T01:13:27","date_gmt":"2025-12-18T01:13:27","guid":{"rendered":"https:\/\/www.europesays.com\/it\/265824\/"},"modified":"2025-12-18T01:13:27","modified_gmt":"2025-12-18T01:13:27","slug":"un-professore-3-anticipazioni-puntate-17-e-18-dicembre-trama-e-cast","status":"publish","type":"post","link":"https:\/\/www.europesays.com\/it\/265824\/","title":{"rendered":"Un Professore 3 anticipazioni puntate 17 e 18 dicembre trama e cast"},"content":{"rendered":"<p class=\"paragraph\" spellcheck=\"true\">Anche per la terza stagione di <b>Un Professore<\/b> \u00e8 giunto il momento del gran finale. Stasera e domani, <b>mercoled\u00ec 17 e gioved\u00ec 18 dicembre 2025<\/b>, andranno in onda in prima serata su Rai 1 gli ultimi quattro episodi della <a href=\"https:\/\/www.gazzetta.it\/tv\/storie\/20-11-2025\/un-professore-3-anticipazioni-puntate-20-novembre-trama-e-cast\/la-terza-stagione-su-rai-1.shtml?intcmp=hyperlink-articolo-gazit\" target=\"_blank\" rel=\"nofollow noopener\">serie tv di Rai Fiction<\/a> con <b>Alessandro Gassmann <\/b>nei panni del professor Dante Balestra.<\/p>\n<p class=\"paragraph\" spellcheck=\"true\">Ecco cosa succeder\u00e0 nei due episodi in onda stasera <b>alle 21.30 su Rai 1 e in streaming su RaiPlay<\/b> e nel gran finale in onda domani sera, gioved\u00ec 18 dicembre, alla stessa ora.<\/p>\n","protected":false},"excerpt":{"rendered":"Anche per la terza stagione di Un Professore \u00e8 giunto il momento del gran finale. Stasera e domani,&hellip;\n","protected":false},"author":3,"featured_media":265825,"comment_status":"","ping_status":"","sticky":false,"template":"","format":"standard","meta":{"footnotes":"","_share_on_mastodon":"0"},"categories":[1444],"tags":[8714,2535,24272,19919,20061,1368,1888,203,9162,37421,24269,12462,8956,36969,204,1537,90,89,26372,3608,46163,2848,39670,1821,9100,577,3586,88453,253],"class_list":["post-265824","post","type-post","status-publish","format-standard","has-post-thumbnail","category-tv","tag-alba","tag-alessandro","tag-alessandro-gassmann","tag-anita","tag-dante","tag-decisione","tag-dicembre","tag-entertainment","tag-episodio","tag-fiction","tag-gassmann","tag-greta","tag-inizia","tag-intitolato","tag-intrattenimento","tag-it","tag-italia","tag-italy","tag-manuel","tag-padre","tag-professore","tag-rai","tag-rai-fiction","tag-serie","tag-serie-tv","tag-stagione","tag-terza","tag-terza-stagione","tag-tv"],"share_on_mastodon":{"url":"https:\/\/pubeurope.com\/@it\/115737919781005682","error":""},"_links":{"self":[{"href":"https:\/\/www.europesays.com\/it\/wp-json\/wp\/v2\/posts\/265824","targetHints":{"allow":["GET"]}}],"collection":[{"href":"https:\/\/www.europesays.com\/it\/wp-json\/wp\/v2\/posts"}],"about":[{"href":"https:\/\/www.europesays.com\/it\/wp-json\/wp\/v2\/types\/post"}],"author":[{"embeddable":true,"href":"https:\/\/www.europesays.com\/it\/wp-json\/wp\/v2\/users\/3"}],"replies":[{"embeddable":true,"href":"https:\/\/www.europesays.com\/it\/wp-json\/wp\/v2\/comments?post=265824"}],"version-history":[{"count":0,"href":"https:\/\/www.europesays.com\/it\/wp-json\/wp\/v2\/posts\/265824\/revisions"}],"wp:featuredmedia":[{"embeddable":true,"href":"https:\/\/www.europesays.com\/it\/wp-json\/wp\/v2\/media\/265825"}],"wp:attachment":[{"href":"https:\/\/www.europesays.com\/it\/wp-json\/wp\/v2\/media?parent=265824"}],"wp:term":[{"taxonomy":"category","embeddable":true,"href":"https:\/\/www.europesays.com\/it\/wp-json\/wp\/v2\/categories?post=265824"},{"taxonomy":"post_tag","embeddable":true,"href":"https:\/\/www.europesays.com\/it\/wp-json\/wp\/v2\/tags?post=265824"}],"curies":[{"name":"wp","href":"https:\/\/api.w.org\/{rel}","templated":true}]}}